{"id":33682,"date":"2021-09-30T15:34:40","date_gmt":"2021-09-30T15:34:40","guid":{"rendered":"https:\/\/www.achimbrueckner.de\/dxradio\/php\/wordpress\/?p=33682"},"modified":"2021-09-30T15:34:40","modified_gmt":"2021-09-30T15:34:40","slug":"around-the-world-in-24-hours-student-radio-to-broadcast-from-24-countries-on-world-college-radio-day-october-1","status":"publish","type":"post","link":"https:\/\/www.achimbrueckner.de\/dxradio\/php\/wordpress\/?p=33682","title":{"rendered":"Around the World in 24 Hours: Student Radio to Broadcast from 24 Countries on World College Radio Day, October 1"},"content":{"rendered":"<p><a href=\"https:\/\/www.wfmz.com\/news\/pr_newswire\/pr_newswire_entertainment\/around-the-world-in-24-hours-student-radio-to-broadcast-from-24-countries-on-world\/article_b1fdcfbe-f1a3-5c62-89b2-120877bc329d.html\" rel=\"noopener\" target=\"_blank\">https:\/\/www.wfmz.com\/news\/pr_newswire\/pr_newswire_entertainment\/around-the-world-in-24-hours-student-radio-to-broadcast-from-24-countries-on-world\/article_b1fdcfbe-f1a3-5c62-89b2-120877bc329d.html<\/a><\/p>\n","protected":false},"excerpt":{"rendered":"<p>https:\/\/www.wfmz.com\/news\/pr_newswire\/pr_newswire_entertainment\/around-the-world-in-24-hours-student-radio-to-broadcast-from-24-countries-on-world\/article_b1fdcfbe-f1a3-5c62-89b2-120877bc329d.html<\/p>\n","protected":false},"author":1,"featured_media":0,"comment_status":"closed","ping_status":"open","sticky":false,"template":"","format":"standard","meta":{"_jetpack_memberships_contains_paid_content":false,"footnotes":"","jetpack_publicize_message":"","jetpack_publicize_feature_enabled":true,"jetpack_social_post_already_shared":true,"jetpack_social_options":{"image_generator_settings":{"template":"highway","default_image_id":0,"font":"","enabled":false},"version":2}},"categories":[2],"tags":[],"class_list":["post-33682","post","type-post","status-publish","format-standard","hentry","category-english"],"jetpack_publicize_connections":[],"jetpack_featured_media_url":"","jetpack_sharing_enabled":true,"jetpack_shortlink":"https:\/\/wp.me\/p5CDmr-8Lg","jetpack-related-posts":[{"id":7385,"url":"https:\/\/www.achimbrueckner.de\/dxradio\/php\/wordpress\/?p=7385","url_meta":{"origin":33682,"position":0},"title":"All India Radio Launches 24 Hours Audio Broadcast Channel For Classical Music","author":"Administrator","date":"January 27, 2016","format":false,"excerpt":"http:\/\/www.ndtv.com\/india-news\/all-india-radio-launches-24-hours-audio-broadcast-channel-for-classical-music-1270571","rel":"","context":"In &quot;audio&quot;","block_context":{"text":"audio","link":"https:\/\/www.achimbrueckner.de\/dxradio\/php\/wordpress\/?cat=47"},"img":{"alt_text":"","src":"","width":0,"height":0},"classes":[]},{"id":13723,"url":"https:\/\/www.achimbrueckner.de\/dxradio\/php\/wordpress\/?p=13723","url_meta":{"origin":33682,"position":1},"title":"Muslim FM radio station broadcast 25 hours of Al Qaeda speeches calling for a holy war &#8216;by mistake&#8217;","author":"Administrator","date":"July 13, 2017","format":false,"excerpt":"http:\/\/www.dailymail.co.uk\/news\/article-4676424\/Muslim-FM-radio-station-broadcast-25-hours-hate-speech.html http:\/\/www.independent.co.uk\/news\/uk\/home-news\/iman-fc-muslim-radio-station-sheffield-al-qaeda-anwar-al-awlaki-charlie-hebdo-hate-speech-jihadi-a7830256.html","rel":"","context":"In &quot;English&quot;","block_context":{"text":"English","link":"https:\/\/www.achimbrueckner.de\/dxradio\/php\/wordpress\/?cat=2"},"img":{"alt_text":"","src":"","width":0,"height":0},"classes":[]},{"id":39613,"url":"https:\/\/www.achimbrueckner.de\/dxradio\/php\/wordpress\/?p=39613","url_meta":{"origin":33682,"position":2},"title":"Radio Six International 6 June 2023","author":"Administrator","date":"June 6, 2023","format":false,"excerpt":"radio six international celebrates its 60th anniversary on Tuesday, 6th June 2023 with a special 24 hour broadcast featuring special programmes from all of our current presenters. The broadcast will begin at midnight GMT and continue until the following midnight GMT. As well as our usual streaming and smart speaker\u2026","rel":"","context":"In &quot;English&quot;","block_context":{"text":"English","link":"https:\/\/www.achimbrueckner.de\/dxradio\/php\/wordpress\/?cat=2"},"img":{"alt_text":"","src":"","width":0,"height":0},"classes":[]},{"id":38380,"url":"https:\/\/www.achimbrueckner.de\/dxradio\/php\/wordpress\/?p=38380","url_meta":{"origin":33682,"position":3},"title":"Slovakia ends mediumwave transmitters 31 December 2022","author":"Administrator","date":"December 28, 2022","format":false,"excerpt":"On 31 December 2022, Radio and Television of Slovakia will end the operation of medium-wave radio transmitters: \u2013 NE Ko\u0161ice in the \u010ci\u017eatice location on a frequency of 702 kHz \u2013 NE Nitra in the Jarok location on the frequency 1098 kHz Both transmitters were used to broadcast the national\u2026","rel":"","context":"In &quot;English&quot;","block_context":{"text":"English","link":"https:\/\/www.achimbrueckner.de\/dxradio\/php\/wordpress\/?cat=2"},"img":{"alt_text":"","src":"","width":0,"height":0},"classes":[]},{"id":1358,"url":"https:\/\/www.achimbrueckner.de\/dxradio\/php\/wordpress\/?p=1358","url_meta":{"origin":33682,"position":4},"title":"Hitler&#8217;s Radio War","author":"Administrator","date":"February 4, 2011","format":false,"excerpt":"\"Hitler's Radio War\" tells the story of the external service of the wartime Nazi radio, with emphasis on what was broadcast and the 'personalities' behind the microphone. Topics covered include German overt and clandestine broadcasts to a number of countries and regions, including Britain,the USA, India, the Middle East, France,\u2026","rel":"","context":"In &quot;English&quot;","block_context":{"text":"English","link":"https:\/\/www.achimbrueckner.de\/dxradio\/php\/wordpress\/?cat=2"},"img":{"alt_text":"","src":"","width":0,"height":0},"classes":[]},{"id":967,"url":"https:\/\/www.achimbrueckner.de\/dxradio\/php\/wordpress\/?p=967","url_meta":{"origin":33682,"position":5},"title":"RHC Habana 5040 Khz","author":"Administrator","date":"March 20, 2010","format":false,"excerpt":"Just found the following announcement on the Radio Havana website at http:\/\/www.radiohc.cu\/ingles\/a_noticiasdecuba\/10\/marzo\/19\/cuba6.htm \"Radio Havana Cuba to Broadcast on Tropical Band Havana, March 19 (RHC)-- Beginning Monday, March 22nd, Radio Havana Cuba will broadcast on the Tropical Band of shortwave frequencies. The international radio station's programming in Spanish, English, French, Creole\u2026","rel":"","context":"In &quot;English&quot;","block_context":{"text":"English","link":"https:\/\/www.achimbrueckner.de\/dxradio\/php\/wordpress\/?cat=2"},"img":{"alt_text":"","src":"","width":0,"height":0},"classes":[]}],"_links":{"self":[{"href":"https:\/\/www.achimbrueckner.de\/dxradio\/php\/wordpress\/index.php?rest_route=\/wp\/v2\/posts\/33682","targetHints":{"allow":["GET"]}}],"collection":[{"href":"https:\/\/www.achimbrueckner.de\/dxradio\/php\/wordpress\/index.php?rest_route=\/wp\/v2\/posts"}],"about":[{"href":"https:\/\/www.achimbrueckner.de\/dxradio\/php\/wordpress\/index.php?rest_route=\/wp\/v2\/types\/post"}],"author":[{"embeddable":true,"href":"https:\/\/www.achimbrueckner.de\/dxradio\/php\/wordpress\/index.php?rest_route=\/wp\/v2\/users\/1"}],"replies":[{"embeddable":true,"href":"https:\/\/www.achimbrueckner.de\/dxradio\/php\/wordpress\/index.php?rest_route=%2Fwp%2Fv2%2Fcomments&post=33682"}],"version-history":[{"count":0,"href":"https:\/\/www.achimbrueckner.de\/dxradio\/php\/wordpress\/index.php?rest_route=\/wp\/v2\/posts\/33682\/revisions"}],"wp:attachment":[{"href":"https:\/\/www.achimbrueckner.de\/dxradio\/php\/wordpress\/index.php?rest_route=%2Fwp%2Fv2%2Fmedia&parent=33682"}],"wp:term":[{"taxonomy":"category","embeddable":true,"href":"https:\/\/www.achimbrueckner.de\/dxradio\/php\/wordpress\/index.php?rest_route=%2Fwp%2Fv2%2Fcategories&post=33682"},{"taxonomy":"post_tag","embeddable":true,"href":"https:\/\/www.achimbrueckner.de\/dxradio\/php\/wordpress\/index.php?rest_route=%2Fwp%2Fv2%2Ftags&post=33682"}],"curies":[{"name":"wp","href":"https:\/\/api.w.org\/{rel}","templated":true}]}}