{"id":33686,"date":"2021-09-30T15:53:22","date_gmt":"2021-09-30T15:53:22","guid":{"rendered":"https:\/\/www.achimbrueckner.de\/dxradio\/php\/wordpress\/?p=33686"},"modified":"2021-09-30T15:53:22","modified_gmt":"2021-09-30T15:53:22","slug":"haben-die-schweizer-medienkonzerne-den-bezug-zur-gesellschaft-verloren","status":"publish","type":"post","link":"https:\/\/www.achimbrueckner.de\/dxradio\/php\/wordpress\/?p=33686","title":{"rendered":"Haben die Schweizer Medienkonzerne den Bezug zur Gesellschaft verloren?"},"content":{"rendered":"<p><a href=\"https:\/\/medienwoche.ch\/2021\/09\/29\/haben-die-schweizer-medienkonzerne-den-bezug-zur-gesellschaft-verloren\/\" rel=\"noopener\" target=\"_blank\">https:\/\/medienwoche.ch\/2021\/09\/29\/haben-die-schweizer-medienkonzerne-den-bezug-zur-gesellschaft-verloren\/<\/a><\/p>\n","protected":false},"excerpt":{"rendered":"<p>https:\/\/medienwoche.ch\/2021\/09\/29\/haben-die-schweizer-medienkonzerne-den-bezug-zur-gesellschaft-verloren\/<\/p>\n","protected":false},"author":1,"featured_media":0,"comment_status":"closed","ping_status":"open","sticky":false,"template":"","format":"standard","meta":{"_jetpack_memberships_contains_paid_content":false,"footnotes":"","jetpack_publicize_message":"","jetpack_publicize_feature_enabled":true,"jetpack_social_post_already_shared":true,"jetpack_social_options":{"image_generator_settings":{"template":"highway","default_image_id":0,"font":"","enabled":false},"version":2}},"categories":[1],"tags":[],"class_list":["post-33686","post","type-post","status-publish","format-standard","hentry","category-deutsch"],"jetpack_publicize_connections":[],"jetpack_featured_media_url":"","jetpack_sharing_enabled":true,"jetpack_shortlink":"https:\/\/wp.me\/p5CDmr-8Lk","jetpack-related-posts":[{"id":30626,"url":"https:\/\/www.achimbrueckner.de\/dxradio\/php\/wordpress\/?p=30626","url_meta":{"origin":33686,"position":0},"title":"Einmal lokal und zur\u00fcck Medienkonzerne sparen sich zur\u00fcck zur paneurop\u00e4ischen Strategie","author":"Administrator","date":"October 28, 2020","format":false,"excerpt":"https:\/\/www.dwdl.de\/magazin\/80002\/medienkonzerne_sparen_sich_zurueck_zur_paneuropaeischen_strategie\/","rel":"","context":"In &quot;Deutsch&quot;","block_context":{"text":"Deutsch","link":"https:\/\/www.achimbrueckner.de\/dxradio\/php\/wordpress\/?cat=1"},"img":{"alt_text":"","src":"","width":0,"height":0},"classes":[]},{"id":36634,"url":"https:\/\/www.achimbrueckner.de\/dxradio\/php\/wordpress\/?p=36634","url_meta":{"origin":33686,"position":1},"title":"Zu &#8220;woke&#8221;? US-Medienkonzerne reagieren auf Kritik","author":"Administrator","date":"June 20, 2022","format":false,"excerpt":"https:\/\/www.teltarif.de\/streaming-netflix-warner\/news\/88487.html","rel":"","context":"In &quot;Deutsch&quot;","block_context":{"text":"Deutsch","link":"https:\/\/www.achimbrueckner.de\/dxradio\/php\/wordpress\/?cat=1"},"img":{"alt_text":"","src":"","width":0,"height":0},"classes":[]},{"id":26775,"url":"https:\/\/www.achimbrueckner.de\/dxradio\/php\/wordpress\/?p=26775","url_meta":{"origin":33686,"position":2},"title":"So viel Einfluss haben Schweizer Medien und Social Media auf die Meinungsbildung","author":"Administrator","date":"January 23, 2020","format":false,"excerpt":"https:\/\/www.horizont.net\/schweiz\/nachrichten\/bakom-so-viel-einfluss-haben-schweizer-medien-und-social-media-auf-die-meinungsbildung-180308","rel":"","context":"In &quot;Deutsch&quot;","block_context":{"text":"Deutsch","link":"https:\/\/www.achimbrueckner.de\/dxradio\/php\/wordpress\/?cat=1"},"img":{"alt_text":"","src":"","width":0,"height":0},"classes":[]},{"id":33091,"url":"https:\/\/www.achimbrueckner.de\/dxradio\/php\/wordpress\/?p=33091","url_meta":{"origin":33686,"position":3},"title":"Milling Broadcast Services Hochwasser","author":"Administrator","date":"July 18, 2021","format":false,"excerpt":"Milling Broadcast Services Wir sind ein Unternehmen aus der Eifel. Eine Region, die momentan in den Medien traurige Bekanntheit erlangt. Vieles, was die Eifel ausmachte ist weggeschwemmt. In wenigen Stunden, in nur einer Nacht. D\u00f6rfer und St\u00e4dte bis zur Unkenntlichkeit zerst\u00f6rt. Br\u00fccken sind weg, der Zugverkehr liegt brach, Menschen m\u00fcssen\u2026","rel":"","context":"In &quot;Deutsch&quot;","block_context":{"text":"Deutsch","link":"https:\/\/www.achimbrueckner.de\/dxradio\/php\/wordpress\/?cat=1"},"img":{"alt_text":"","src":"","width":0,"height":0},"classes":[]},{"id":6688,"url":"https:\/\/www.achimbrueckner.de\/dxradio\/php\/wordpress\/?p=6688","url_meta":{"origin":33686,"position":4},"title":"REFERENDUM Warum mit Hamburgs \u201eNOlympia\u201c auch die Lokalmedien verloren haben","author":"Administrator","date":"November 30, 2015","format":false,"excerpt":"http:\/\/www.horizont.net\/medien\/kommentare\/Referendum-Warum-mit-Hamburgs-NOlympia-auch-die-Lokalmedien-verloren-haben-137684","rel":"","context":"In &quot;Deutsch&quot;","block_context":{"text":"Deutsch","link":"https:\/\/www.achimbrueckner.de\/dxradio\/php\/wordpress\/?cat=1"},"img":{"alt_text":"","src":"","width":0,"height":0},"classes":[]},{"id":2348,"url":"https:\/\/www.achimbrueckner.de\/dxradio\/php\/wordpress\/?p=2348","url_meta":{"origin":33686,"position":5},"title":"Jubil\u00e4umscontest 20 Jahre Deutschsprachiger H\u00f6rerklub von Radio Tirana (RTHK)","author":"Administrator","date":"December 10, 2012","format":false,"excerpt":"Jubil\u00e4umscontest 20 Jahre Deutschsprachiger H\u00f6rerklub von Radio Tirana (RTHK) Der Kontest besteht aus drei Teilen: I Einem Vordruck f\u00fcr vier Empfangsberichte II Einem Fragebogen zu den Sendungen von Radio Tirana (2 Seiten) III Einem Quiz mit f\u00fcnf (leichten bis einfachen) Fragen \u00fcber Albanien Einige Hinweise dazu: Auf dem ersten Vordruck\u2026","rel":"","context":"In &quot;contests&quot;","block_context":{"text":"contests","link":"https:\/\/www.achimbrueckner.de\/dxradio\/php\/wordpress\/?cat=6"},"img":{"alt_text":"","src":"","width":0,"height":0},"classes":[]}],"_links":{"self":[{"href":"https:\/\/www.achimbrueckner.de\/dxradio\/php\/wordpress\/index.php?rest_route=\/wp\/v2\/posts\/33686","targetHints":{"allow":["GET"]}}],"collection":[{"href":"https:\/\/www.achimbrueckner.de\/dxradio\/php\/wordpress\/index.php?rest_route=\/wp\/v2\/posts"}],"about":[{"href":"https:\/\/www.achimbrueckner.de\/dxradio\/php\/wordpress\/index.php?rest_route=\/wp\/v2\/types\/post"}],"author":[{"embeddable":true,"href":"https:\/\/www.achimbrueckner.de\/dxradio\/php\/wordpress\/index.php?rest_route=\/wp\/v2\/users\/1"}],"replies":[{"embeddable":true,"href":"https:\/\/www.achimbrueckner.de\/dxradio\/php\/wordpress\/index.php?rest_route=%2Fwp%2Fv2%2Fcomments&post=33686"}],"version-history":[{"count":0,"href":"https:\/\/www.achimbrueckner.de\/dxradio\/php\/wordpress\/index.php?rest_route=\/wp\/v2\/posts\/33686\/revisions"}],"wp:attachment":[{"href":"https:\/\/www.achimbrueckner.de\/dxradio\/php\/wordpress\/index.php?rest_route=%2Fwp%2Fv2%2Fmedia&parent=33686"}],"wp:term":[{"taxonomy":"category","embeddable":true,"href":"https:\/\/www.achimbrueckner.de\/dxradio\/php\/wordpress\/index.php?rest_route=%2Fwp%2Fv2%2Fcategories&post=33686"},{"taxonomy":"post_tag","embeddable":true,"href":"https:\/\/www.achimbrueckner.de\/dxradio\/php\/wordpress\/index.php?rest_route=%2Fwp%2Fv2%2Ftags&post=33686"}],"curies":[{"name":"wp","href":"https:\/\/api.w.org\/{rel}","templated":true}]}}