{"id":33756,"date":"2021-10-11T17:42:51","date_gmt":"2021-10-11T17:42:51","guid":{"rendered":"https:\/\/www.achimbrueckner.de\/dxradio\/php\/wordpress\/?p=33756"},"modified":"2021-10-11T17:42:51","modified_gmt":"2021-10-11T17:42:51","slug":"dab-in-frankreich-landesweite-multiplexe-starten-am-12-oktober","status":"publish","type":"post","link":"https:\/\/www.achimbrueckner.de\/dxradio\/php\/wordpress\/?p=33756","title":{"rendered":"DAB+ in Frankreich: Landesweite Multiplexe starten am 12. Oktober"},"content":{"rendered":"<p><a href=\"https:\/\/www.radiowoche.de\/dab-in-frankreich-landesweite-dab-muxe-starten-am-12-oktober\/\" rel=\"noopener\" target=\"_blank\">https:\/\/www.radiowoche.de\/dab-in-frankreich-landesweite-dab-muxe-starten-am-12-oktober\/<\/a><\/p>\n","protected":false},"excerpt":{"rendered":"<p>https:\/\/www.radiowoche.de\/dab-in-frankreich-landesweite-dab-muxe-starten-am-12-oktober\/<\/p>\n","protected":false},"author":1,"featured_media":0,"comment_status":"closed","ping_status":"open","sticky":false,"template":"","format":"standard","meta":{"_jetpack_memberships_contains_paid_content":false,"footnotes":"","jetpack_publicize_message":"","jetpack_publicize_feature_enabled":true,"jetpack_social_post_already_shared":true,"jetpack_social_options":{"image_generator_settings":{"template":"highway","default_image_id":0,"font":"","enabled":false},"version":2}},"categories":[1],"tags":[],"class_list":["post-33756","post","type-post","status-publish","format-standard","hentry","category-deutsch"],"jetpack_publicize_connections":[],"jetpack_featured_media_url":"","jetpack_sharing_enabled":true,"jetpack_shortlink":"https:\/\/wp.me\/p5CDmr-8Ms","jetpack-related-posts":[{"id":42361,"url":"https:\/\/www.achimbrueckner.de\/dxradio\/php\/wordpress\/?p=42361","url_meta":{"origin":33756,"position":0},"title":"Frankreich baut landesweite DAB+ Sendernetze weiter aus","author":"Administrator","date":"March 14, 2025","format":false,"excerpt":"https:\/\/www.radioblog.eu\/2025\/03\/14\/frankreich-baut-landesweite-dab-sendernetze-weiter-aus\/","rel":"","context":"In &quot;Deutsch&quot;","block_context":{"text":"Deutsch","link":"https:\/\/www.achimbrueckner.de\/dxradio\/php\/wordpress\/?cat=1"},"img":{"alt_text":"","src":"","width":0,"height":0},"classes":[]},{"id":23260,"url":"https:\/\/www.achimbrueckner.de\/dxradio\/php\/wordpress\/?p=23260","url_meta":{"origin":33756,"position":1},"title":"DAB+ in \u00d6sterreich: Landesweite DAB+ Multiplex Plattform startet Sendebetrieb","author":"Administrator","date":"May 28, 2019","format":false,"excerpt":"https:\/\/www.dabplus.de\/2019\/05\/28\/dab-in-oesterreich-landesweite-dab-multiplex-plattform-startet-sendebetrieb\/","rel":"","context":"In &quot;Deutsch&quot;","block_context":{"text":"Deutsch","link":"https:\/\/www.achimbrueckner.de\/dxradio\/php\/wordpress\/?cat=1"},"img":{"alt_text":"","src":"","width":0,"height":0},"classes":[]},{"id":8730,"url":"https:\/\/www.achimbrueckner.de\/dxradio\/php\/wordpress\/?p=8730","url_meta":{"origin":33756,"position":2},"title":"Kapazit\u00e4t f\u00fcr landesweite DAB + Radioverbreitung in Baden-W\u00fcrttemberg ausgeschrieben","author":"Administrator","date":"July 6, 2016","format":false,"excerpt":"http:\/\/www.radiowoche.de\/kapazitaet-fuer-landesweite-dab-radioverbreitung-in-baden-wuerttemberg-ausgeschrieben\/","rel":"","context":"In &quot;Deutsch&quot;","block_context":{"text":"Deutsch","link":"https:\/\/www.achimbrueckner.de\/dxradio\/php\/wordpress\/?cat=1"},"img":{"alt_text":"","src":"","width":0,"height":0},"classes":[]},{"id":34329,"url":"https:\/\/www.achimbrueckner.de\/dxradio\/php\/wordpress\/?p=34329","url_meta":{"origin":33756,"position":3},"title":"Landesweite DAB+ Ausschreibung in Polen","author":"Administrator","date":"January 3, 2022","format":false,"excerpt":"https:\/\/www.radioszene.de\/160029\/landesweite-dab-ausschreibung-polen.html","rel":"","context":"In &quot;Deutsch&quot;","block_context":{"text":"Deutsch","link":"https:\/\/www.achimbrueckner.de\/dxradio\/php\/wordpress\/?cat=1"},"img":{"alt_text":"","src":"","width":0,"height":0},"classes":[]},{"id":4614,"url":"https:\/\/www.achimbrueckner.de\/dxradio\/php\/wordpress\/?p=4614","url_meta":{"origin":33756,"position":4},"title":"Zwei neue landesweite H\u00f6rfunkprogramme f\u00fcr das Digitalradio DAB + in Sachsen-Anhalt zugelassen","author":"Administrator","date":"May 14, 2015","format":false,"excerpt":"http:\/\/www.radiowoche.de\/zwei-neue-landesweite-hoerfunkprogramme-fuer-das-digitalradio-dab-in-sachsen-anhalt-zugelassen\/","rel":"","context":"In &quot;Deutsch&quot;","block_context":{"text":"Deutsch","link":"https:\/\/www.achimbrueckner.de\/dxradio\/php\/wordpress\/?cat=1"},"img":{"alt_text":"","src":"","width":0,"height":0},"classes":[]},{"id":42665,"url":"https:\/\/www.achimbrueckner.de\/dxradio\/php\/wordpress\/?p=42665","url_meta":{"origin":33756,"position":5},"title":"Slowenien: 24 landesweite DAB+ Lizenzen vergeben","author":"Administrator","date":"April 24, 2025","format":false,"excerpt":"https:\/\/www.radioblog.eu\/2025\/04\/23\/slowenien-24-landesweite-dab-lizenzen-vergeben\/","rel":"","context":"In &quot;Deutsch&quot;","block_context":{"text":"Deutsch","link":"https:\/\/www.achimbrueckner.de\/dxradio\/php\/wordpress\/?cat=1"},"img":{"alt_text":"","src":"","width":0,"height":0},"classes":[]}],"_links":{"self":[{"href":"https:\/\/www.achimbrueckner.de\/dxradio\/php\/wordpress\/index.php?rest_route=\/wp\/v2\/posts\/33756","targetHints":{"allow":["GET"]}}],"collection":[{"href":"https:\/\/www.achimbrueckner.de\/dxradio\/php\/wordpress\/index.php?rest_route=\/wp\/v2\/posts"}],"about":[{"href":"https:\/\/www.achimbrueckner.de\/dxradio\/php\/wordpress\/index.php?rest_route=\/wp\/v2\/types\/post"}],"author":[{"embeddable":true,"href":"https:\/\/www.achimbrueckner.de\/dxradio\/php\/wordpress\/index.php?rest_route=\/wp\/v2\/users\/1"}],"replies":[{"embeddable":true,"href":"https:\/\/www.achimbrueckner.de\/dxradio\/php\/wordpress\/index.php?rest_route=%2Fwp%2Fv2%2Fcomments&post=33756"}],"version-history":[{"count":0,"href":"https:\/\/www.achimbrueckner.de\/dxradio\/php\/wordpress\/index.php?rest_route=\/wp\/v2\/posts\/33756\/revisions"}],"wp:attachment":[{"href":"https:\/\/www.achimbrueckner.de\/dxradio\/php\/wordpress\/index.php?rest_route=%2Fwp%2Fv2%2Fmedia&parent=33756"}],"wp:term":[{"taxonomy":"category","embeddable":true,"href":"https:\/\/www.achimbrueckner.de\/dxradio\/php\/wordpress\/index.php?rest_route=%2Fwp%2Fv2%2Fcategories&post=33756"},{"taxonomy":"post_tag","embeddable":true,"href":"https:\/\/www.achimbrueckner.de\/dxradio\/php\/wordpress\/index.php?rest_route=%2Fwp%2Fv2%2Ftags&post=33756"}],"curies":[{"name":"wp","href":"https:\/\/api.w.org\/{rel}","templated":true}]}}