{"id":33877,"date":"2021-10-24T14:31:39","date_gmt":"2021-10-24T14:31:39","guid":{"rendered":"https:\/\/www.achimbrueckner.de\/dxradio\/php\/wordpress\/?p=33877"},"modified":"2021-10-24T14:31:39","modified_gmt":"2021-10-24T14:31:39","slug":"kein-papier-mehr-zeitungen-zum-teil-mit-weniger-seiten","status":"publish","type":"post","link":"https:\/\/www.achimbrueckner.de\/dxradio\/php\/wordpress\/?p=33877","title":{"rendered":"Kein Papier mehr &#8211; Zeitungen zum Teil mit weniger Seiten"},"content":{"rendered":"<p><a href=\"https:\/\/www.ndr.de\/nachrichten\/niedersachsen\/lueneburg_heide_unterelbe\/Kein-Papier-mehr-Zeitungen-zum-Teil-mit-weniger-Seiten,papier198.html\" rel=\"noopener\" target=\"_blank\">https:\/\/www.ndr.de\/nachrichten\/niedersachsen\/lueneburg_heide_unterelbe\/Kein-Papier-mehr-Zeitungen-zum-Teil-mit-weniger-Seiten,papier198.html<\/a><\/p>\n","protected":false},"excerpt":{"rendered":"<p>https:\/\/www.ndr.de\/nachrichten\/niedersachsen\/lueneburg_heide_unterelbe\/Kein-Papier-mehr-Zeitungen-zum-Teil-mit-weniger-Seiten,papier198.html<\/p>\n","protected":false},"author":1,"featured_media":0,"comment_status":"closed","ping_status":"open","sticky":false,"template":"","format":"standard","meta":{"_jetpack_memberships_contains_paid_content":false,"footnotes":"","jetpack_publicize_message":"","jetpack_publicize_feature_enabled":true,"jetpack_social_post_already_shared":true,"jetpack_social_options":{"image_generator_settings":{"template":"highway","default_image_id":0,"font":"","enabled":false},"version":2}},"categories":[1],"tags":[],"class_list":["post-33877","post","type-post","status-publish","format-standard","hentry","category-deutsch"],"jetpack_publicize_connections":[],"jetpack_featured_media_url":"","jetpack_sharing_enabled":true,"jetpack_shortlink":"https:\/\/wp.me\/p5CDmr-8Op","jetpack-related-posts":[{"id":25959,"url":"https:\/\/www.achimbrueckner.de\/dxradio\/php\/wordpress\/?p=25959","url_meta":{"origin":33877,"position":0},"title":"\u201cDas Schicksal der Zeitungen mit d\u00fcmmlicher Ignoranz begleitet\u201d \u2013 Medienprofessor P\u00f6rksen \u00fcber die Krise der Presse","author":"Administrator","date":"November 26, 2019","format":false,"excerpt":"https:\/\/meedia.de\/2019\/11\/26\/das-schicksal-der-zeitungen-mit-duemmlicher-ignoranz-begleitet-medienprofessor-poerksen-ueber-die-krise-der-presse\/","rel":"","context":"In &quot;Deutsch&quot;","block_context":{"text":"Deutsch","link":"https:\/\/www.achimbrueckner.de\/dxradio\/php\/wordpress\/?cat=1"},"img":{"alt_text":"","src":"","width":0,"height":0},"classes":[]},{"id":20151,"url":"https:\/\/www.achimbrueckner.de\/dxradio\/php\/wordpress\/?p=20151","url_meta":{"origin":33877,"position":1},"title":"UTDX-Frequenzliste 2018 utdx.de","author":"Administrator","date":"November 23, 2018","format":false,"excerpt":"Es ist soweit: seit gestern ist die UTDX-Frequenzliste 2018 verf\u00fcgbar, quasi ein Jahrbuch aus Logs und recherchierten DX-Daten. Insgesamt \u00fcber 23.500 Datens\u00e4tze zu zahlreichen Stationen auf Kurzwelle mit Frequenz und Modulationsart sowie weiteren Details. Das mehr als 500 Seiten starke PDF kann von aktiven Mitgliedern im Forum heruntergeladen werden. Registriere\u2026","rel":"","context":"In &quot;Deutsch&quot;","block_context":{"text":"Deutsch","link":"https:\/\/www.achimbrueckner.de\/dxradio\/php\/wordpress\/?cat=1"},"img":{"alt_text":"","src":"","width":0,"height":0},"classes":[]},{"id":1987,"url":"https:\/\/www.achimbrueckner.de\/dxradio\/php\/wordpress\/?p=1987","url_meta":{"origin":33877,"position":2},"title":"Festschrift &#8220;70 Jahre CRI&#8221;","author":"Administrator","date":"November 26, 2011","format":false,"excerpt":"CRI - China Radio International wird 70. 70 Jahre Radiogeschichte - das habe ich zum Anlass genommen, ein neues Buch herauszugeben. Die Festschrift \"70 Jahre CRI\" ist eine ca. 130 Seiten starke Sammlung von Gedanken, Aufs\u00e4tzen, Reiseberichten und Radiogeschichten. Dazu eine Vielzahl farbiger, einzigartiger Fotos und historisch bedeutender Dokumente aus\u2026","rel":"","context":"In &quot;Deutsch&quot;","block_context":{"text":"Deutsch","link":"https:\/\/www.achimbrueckner.de\/dxradio\/php\/wordpress\/?cat=1"},"img":{"alt_text":"","src":"","width":0,"height":0},"classes":[]},{"id":18840,"url":"https:\/\/www.achimbrueckner.de\/dxradio\/php\/wordpress\/?p=18840","url_meta":{"origin":33877,"position":3},"title":"Was machen Zeitungen online besser als Radiosender?","author":"Administrator","date":"August 18, 2018","format":false,"excerpt":"https:\/\/www.radioszene.de\/124721\/zeitungen-radiosender.html","rel":"","context":"In &quot;Deutsch&quot;","block_context":{"text":"Deutsch","link":"https:\/\/www.achimbrueckner.de\/dxradio\/php\/wordpress\/?cat=1"},"img":{"alt_text":"","src":"","width":0,"height":0},"classes":[]},{"id":11314,"url":"https:\/\/www.achimbrueckner.de\/dxradio\/php\/wordpress\/?p=11314","url_meta":{"origin":33877,"position":4},"title":"Mobile Ger\u00e4te \u00fcberholen Zeitungen als Werbetr\u00e4ger","author":"Administrator","date":"December 10, 2016","format":false,"excerpt":"http:\/\/www.horizont.at\/home\/news\/detail\/mobile-geraete-ueberholen-zeitungen-als-werbetraeger.html","rel":"","context":"In &quot;Deutsch&quot;","block_context":{"text":"Deutsch","link":"https:\/\/www.achimbrueckner.de\/dxradio\/php\/wordpress\/?cat=1"},"img":{"alt_text":"","src":"","width":0,"height":0},"classes":[]},{"id":25803,"url":"https:\/\/www.achimbrueckner.de\/dxradio\/php\/wordpress\/?p=25803","url_meta":{"origin":33877,"position":5},"title":"Millionen-Subventionen f\u00fcr Zeitungen in Deutschland geplant","author":"Administrator","date":"November 17, 2019","format":false,"excerpt":"https:\/\/medienwoche.ch\/2019\/11\/15\/millionen-subventionen-fuer-zeitungen-geplant\/","rel":"","context":"In &quot;Deutsch&quot;","block_context":{"text":"Deutsch","link":"https:\/\/www.achimbrueckner.de\/dxradio\/php\/wordpress\/?cat=1"},"img":{"alt_text":"","src":"","width":0,"height":0},"classes":[]}],"_links":{"self":[{"href":"https:\/\/www.achimbrueckner.de\/dxradio\/php\/wordpress\/index.php?rest_route=\/wp\/v2\/posts\/33877","targetHints":{"allow":["GET"]}}],"collection":[{"href":"https:\/\/www.achimbrueckner.de\/dxradio\/php\/wordpress\/index.php?rest_route=\/wp\/v2\/posts"}],"about":[{"href":"https:\/\/www.achimbrueckner.de\/dxradio\/php\/wordpress\/index.php?rest_route=\/wp\/v2\/types\/post"}],"author":[{"embeddable":true,"href":"https:\/\/www.achimbrueckner.de\/dxradio\/php\/wordpress\/index.php?rest_route=\/wp\/v2\/users\/1"}],"replies":[{"embeddable":true,"href":"https:\/\/www.achimbrueckner.de\/dxradio\/php\/wordpress\/index.php?rest_route=%2Fwp%2Fv2%2Fcomments&post=33877"}],"version-history":[{"count":0,"href":"https:\/\/www.achimbrueckner.de\/dxradio\/php\/wordpress\/index.php?rest_route=\/wp\/v2\/posts\/33877\/revisions"}],"wp:attachment":[{"href":"https:\/\/www.achimbrueckner.de\/dxradio\/php\/wordpress\/index.php?rest_route=%2Fwp%2Fv2%2Fmedia&parent=33877"}],"wp:term":[{"taxonomy":"category","embeddable":true,"href":"https:\/\/www.achimbrueckner.de\/dxradio\/php\/wordpress\/index.php?rest_route=%2Fwp%2Fv2%2Fcategories&post=33877"},{"taxonomy":"post_tag","embeddable":true,"href":"https:\/\/www.achimbrueckner.de\/dxradio\/php\/wordpress\/index.php?rest_route=%2Fwp%2Fv2%2Ftags&post=33877"}],"curies":[{"name":"wp","href":"https:\/\/api.w.org\/{rel}","templated":true}]}}