{"id":33991,"date":"2021-11-12T15:52:42","date_gmt":"2021-11-12T15:52:42","guid":{"rendered":"https:\/\/www.achimbrueckner.de\/dxradio\/php\/wordpress\/?p=33991"},"modified":"2021-11-12T15:52:42","modified_gmt":"2021-11-12T15:52:42","slug":"3d-audio-wie-die-musikindustrie-horern-den-kopf-verdreht","status":"publish","type":"post","link":"https:\/\/www.achimbrueckner.de\/dxradio\/php\/wordpress\/?p=33991","title":{"rendered":"3D-Audio: Wie die Musikindustrie H\u00f6rern den Kopf verdreht"},"content":{"rendered":"<p><a href=\"https:\/\/www.heise.de\/hintergrund\/Wie-die-Musikindustrie-Hoerern-den-Kopf-verdreht-6237066.html\" rel=\"noopener\" target=\"_blank\">https:\/\/www.heise.de\/hintergrund\/Wie-die-Musikindustrie-Hoerern-den-Kopf-verdreht-6237066.html<\/a><\/p>\n","protected":false},"excerpt":{"rendered":"<p>https:\/\/www.heise.de\/hintergrund\/Wie-die-Musikindustrie-Hoerern-den-Kopf-verdreht-6237066.html<\/p>\n","protected":false},"author":1,"featured_media":0,"comment_status":"closed","ping_status":"open","sticky":false,"template":"","format":"standard","meta":{"_jetpack_memberships_contains_paid_content":false,"footnotes":"","jetpack_publicize_message":"","jetpack_publicize_feature_enabled":true,"jetpack_social_post_already_shared":true,"jetpack_social_options":{"image_generator_settings":{"template":"highway","default_image_id":0,"font":"","enabled":false},"version":2}},"categories":[1],"tags":[],"class_list":["post-33991","post","type-post","status-publish","format-standard","hentry","category-deutsch"],"jetpack_publicize_connections":[],"jetpack_featured_media_url":"","jetpack_sharing_enabled":true,"jetpack_shortlink":"https:\/\/wp.me\/p5CDmr-8Qf","jetpack-related-posts":[{"id":24128,"url":"https:\/\/www.achimbrueckner.de\/dxradio\/php\/wordpress\/?p=24128","url_meta":{"origin":33991,"position":0},"title":"Wie TikTok die Musikindustrie geh\u00f6rig aufmischt","author":"Administrator","date":"August 7, 2019","format":false,"excerpt":"https:\/\/www.welt.de\/kmpkt\/article197753051\/Wie-TikTok-die-Musikindustrie-gehoerig-aufmischt.html","rel":"","context":"In &quot;Deutsch&quot;","block_context":{"text":"Deutsch","link":"https:\/\/www.achimbrueckner.de\/dxradio\/php\/wordpress\/?cat=1"},"img":{"alt_text":"","src":"","width":0,"height":0},"classes":[]},{"id":44772,"url":"https:\/\/www.achimbrueckner.de\/dxradio\/php\/wordpress\/?p=44772","url_meta":{"origin":33991,"position":1},"title":"Zukunft der Musikindustrie: Wenn K\u00fcnstliche Intelligenz Musik macht","author":"Administrator","date":"January 9, 2026","format":false,"excerpt":"https:\/\/www.faz.net\/aktuell\/wirtschaft\/zukunft-der-musikindustrie-wie-soll-ki-musik-machen-110812696.html","rel":"","context":"In &quot;Deutsch&quot;","block_context":{"text":"Deutsch","link":"https:\/\/www.achimbrueckner.de\/dxradio\/php\/wordpress\/?cat=1"},"img":{"alt_text":"","src":"","width":0,"height":0},"classes":[]},{"id":5204,"url":"https:\/\/www.achimbrueckner.de\/dxradio\/php\/wordpress\/?p=5204","url_meta":{"origin":33991,"position":2},"title":"20 Jahre .mp3: Eine Erfolgsgeschichte, die die Musikindustrie durcheinanderwirbelte","author":"Administrator","date":"July 14, 2015","format":false,"excerpt":"http:\/\/www.heise.de\/newsticker\/meldung\/20-Jahre-mp3-Eine-Erfolgsgeschichte-die-die-Musikindustrie-durcheinanderwirbelte-2748785.html","rel":"","context":"In &quot;Deutsch&quot;","block_context":{"text":"Deutsch","link":"https:\/\/www.achimbrueckner.de\/dxradio\/php\/wordpress\/?cat=1"},"img":{"alt_text":"","src":"","width":0,"height":0},"classes":[]},{"id":24408,"url":"https:\/\/www.achimbrueckner.de\/dxradio\/php\/wordpress\/?p=24408","url_meta":{"origin":33991,"position":3},"title":"Billie Eilish packt \u00fcber die Musikindustrie aus","author":"Administrator","date":"August 22, 2019","format":false,"excerpt":"https:\/\/www.vip.de\/cms\/billie-eilish-packt-ueber-die-musikindustrie-aus-4391888.html","rel":"","context":"In &quot;Deutsch&quot;","block_context":{"text":"Deutsch","link":"https:\/\/www.achimbrueckner.de\/dxradio\/php\/wordpress\/?cat=1"},"img":{"alt_text":"","src":"","width":0,"height":0},"classes":[]},{"id":7205,"url":"https:\/\/www.achimbrueckner.de\/dxradio\/php\/wordpress\/?p=7205","url_meta":{"origin":33991,"position":4},"title":"Totale Disruption: So stark hat die digitale Transformation die Musikindustrie getroffen","author":"Administrator","date":"January 8, 2016","format":false,"excerpt":"http:\/\/blog.wiwo.de\/look-at-it\/2016\/01\/07\/totale-disruption-so-stark-hat-die-digitale-transformation-die-musikindustrie-getroffen\/","rel":"","context":"In &quot;Deutsch&quot;","block_context":{"text":"Deutsch","link":"https:\/\/www.achimbrueckner.de\/dxradio\/php\/wordpress\/?cat=1"},"img":{"alt_text":"","src":"","width":0,"height":0},"classes":[]},{"id":43867,"url":"https:\/\/www.achimbrueckner.de\/dxradio\/php\/wordpress\/?p=43867","url_meta":{"origin":33991,"position":5},"title":"Die Musikindustrie der EU steht f\u00fcr gut ein F\u00fcnftel der weltweiten Einnahmen aus Musikverk\u00e4ufen","author":"Administrator","date":"September 23, 2025","format":false,"excerpt":"https:\/\/www.radioszene.de\/206451\/musikindustrie-eu.html","rel":"","context":"In &quot;Deutsch&quot;","block_context":{"text":"Deutsch","link":"https:\/\/www.achimbrueckner.de\/dxradio\/php\/wordpress\/?cat=1"},"img":{"alt_text":"","src":"","width":0,"height":0},"classes":[]}],"_links":{"self":[{"href":"https:\/\/www.achimbrueckner.de\/dxradio\/php\/wordpress\/index.php?rest_route=\/wp\/v2\/posts\/33991","targetHints":{"allow":["GET"]}}],"collection":[{"href":"https:\/\/www.achimbrueckner.de\/dxradio\/php\/wordpress\/index.php?rest_route=\/wp\/v2\/posts"}],"about":[{"href":"https:\/\/www.achimbrueckner.de\/dxradio\/php\/wordpress\/index.php?rest_route=\/wp\/v2\/types\/post"}],"author":[{"embeddable":true,"href":"https:\/\/www.achimbrueckner.de\/dxradio\/php\/wordpress\/index.php?rest_route=\/wp\/v2\/users\/1"}],"replies":[{"embeddable":true,"href":"https:\/\/www.achimbrueckner.de\/dxradio\/php\/wordpress\/index.php?rest_route=%2Fwp%2Fv2%2Fcomments&post=33991"}],"version-history":[{"count":0,"href":"https:\/\/www.achimbrueckner.de\/dxradio\/php\/wordpress\/index.php?rest_route=\/wp\/v2\/posts\/33991\/revisions"}],"wp:attachment":[{"href":"https:\/\/www.achimbrueckner.de\/dxradio\/php\/wordpress\/index.php?rest_route=%2Fwp%2Fv2%2Fmedia&parent=33991"}],"wp:term":[{"taxonomy":"category","embeddable":true,"href":"https:\/\/www.achimbrueckner.de\/dxradio\/php\/wordpress\/index.php?rest_route=%2Fwp%2Fv2%2Fcategories&post=33991"},{"taxonomy":"post_tag","embeddable":true,"href":"https:\/\/www.achimbrueckner.de\/dxradio\/php\/wordpress\/index.php?rest_route=%2Fwp%2Fv2%2Ftags&post=33991"}],"curies":[{"name":"wp","href":"https:\/\/api.w.org\/{rel}","templated":true}]}}