{"id":34108,"date":"2021-12-02T16:18:37","date_gmt":"2021-12-02T16:18:37","guid":{"rendered":"https:\/\/www.achimbrueckner.de\/dxradio\/php\/wordpress\/?p=34108"},"modified":"2021-12-02T16:18:37","modified_gmt":"2021-12-02T16:18:37","slug":"illegale-youtube-uploads-helfen-archivperlen-zu-finden","status":"publish","type":"post","link":"https:\/\/www.achimbrueckner.de\/dxradio\/php\/wordpress\/?p=34108","title":{"rendered":"Illegale YouTube-Uploads helfen, Archivperlen zu finden"},"content":{"rendered":"<p><a href=\"https:\/\/netzpolitik.org\/2021\/neues-aus-dem-fernsehrat-81-illegale-youtube-uploads-helfen-archivperlen-zu-finden\/\" rel=\"noopener\" target=\"_blank\">https:\/\/netzpolitik.org\/2021\/neues-aus-dem-fernsehrat-81-illegale-youtube-uploads-helfen-archivperlen-zu-finden\/<\/a><\/p>\n","protected":false},"excerpt":{"rendered":"<p>https:\/\/netzpolitik.org\/2021\/neues-aus-dem-fernsehrat-81-illegale-youtube-uploads-helfen-archivperlen-zu-finden\/<\/p>\n","protected":false},"author":1,"featured_media":0,"comment_status":"closed","ping_status":"open","sticky":false,"template":"","format":"standard","meta":{"_jetpack_memberships_contains_paid_content":false,"footnotes":"","jetpack_publicize_message":"","jetpack_publicize_feature_enabled":true,"jetpack_social_post_already_shared":true,"jetpack_social_options":{"image_generator_settings":{"template":"highway","default_image_id":0,"font":"","enabled":false},"version":2}},"categories":[1],"tags":[],"class_list":["post-34108","post","type-post","status-publish","format-standard","hentry","category-deutsch"],"jetpack_publicize_connections":[],"jetpack_featured_media_url":"","jetpack_sharing_enabled":true,"jetpack_shortlink":"https:\/\/wp.me\/p5CDmr-8S8","jetpack-related-posts":[{"id":10076,"url":"https:\/\/www.achimbrueckner.de\/dxradio\/php\/wordpress\/?p=10076","url_meta":{"origin":34108,"position":0},"title":"Illegale Kletterei l\u00f6st Gro\u00dfeinsatz aus","author":"Administrator","date":"August 25, 2016","format":false,"excerpt":"http:\/\/www.ndr.de\/nachrichten\/niedersachsen\/oldenburg_ostfriesland\/Illegale-Kletterei-loest-Grosseinsatz-aus,molbergen116.html","rel":"","context":"In &quot;Deutsch&quot;","block_context":{"text":"Deutsch","link":"https:\/\/www.achimbrueckner.de\/dxradio\/php\/wordpress\/?cat=1"},"img":{"alt_text":"","src":"","width":0,"height":0},"classes":[]},{"id":19351,"url":"https:\/\/www.achimbrueckner.de\/dxradio\/php\/wordpress\/?p=19351","url_meta":{"origin":34108,"position":1},"title":"Projekt Deutsche Amateurfunkgeschichte \u2013 heute f\u00fcr morgen erz\u00e4hlt","author":"Administrator","date":"September 29, 2018","format":false,"excerpt":"Projekt Deutsche Amateurfunkgeschichte \u2013 heute f\u00fcr morgen erz\u00e4hlt 90 Jahre nach der Gr\u00fcndung gibt es noch immer keine repr\u00e4sentative Chronik des Amateurfunks in Deutschland. Die bisherigen und durchaus verdienstvollen Darstellungen sind vergriffen, l\u00fcckenhaft oder nicht ausreichend faktengesichert. Auch unser eigenes 2002-2009 erstelltes Angebot, umfangreich wie kein anderes, ist nicht mehr\u2026","rel":"","context":"In &quot;Deutsch&quot;","block_context":{"text":"Deutsch","link":"https:\/\/www.achimbrueckner.de\/dxradio\/php\/wordpress\/?cat=1"},"img":{"alt_text":"","src":"","width":0,"height":0},"classes":[]},{"id":28364,"url":"https:\/\/www.achimbrueckner.de\/dxradio\/php\/wordpress\/?p=28364","url_meta":{"origin":34108,"position":2},"title":"Bis zu einer Million Euro Stundungs-Reserve: UKW-Antennenbetreiber Uplink will Sendern helfen","author":"Administrator","date":"April 28, 2020","format":false,"excerpt":"https:\/\/meedia.de\/2020\/04\/28\/bis-zu-einer-million-euro-stundungs-reserve-ukw-antennenbetreiber-uplink-will-sendern-helfen\/","rel":"","context":"In &quot;Deutsch&quot;","block_context":{"text":"Deutsch","link":"https:\/\/www.achimbrueckner.de\/dxradio\/php\/wordpress\/?cat=1"},"img":{"alt_text":"","src":"","width":0,"height":0},"classes":[]},{"id":16068,"url":"https:\/\/www.achimbrueckner.de\/dxradio\/php\/wordpress\/?p=16068","url_meta":{"origin":34108,"position":3},"title":"Eliza, die digitale Assistentin &#8220;Ich bin da, um Dir zu helfen&#8221;","author":"Administrator","date":"January 1, 2018","format":false,"excerpt":"http:\/\/www.deutschlandfunkkultur.de\/eliza-die-digitale-assistentin-ich-bin-da-um-dir-zu-helfen.974.de.html?dram:article_id=407261","rel":"","context":"In &quot;Deutsch&quot;","block_context":{"text":"Deutsch","link":"https:\/\/www.achimbrueckner.de\/dxradio\/php\/wordpress\/?cat=1"},"img":{"alt_text":"","src":"","width":0,"height":0},"classes":[]},{"id":456,"url":"https:\/\/www.achimbrueckner.de\/dxradio\/php\/wordpress\/?p=456","url_meta":{"origin":34108,"position":4},"title":"RHCI Youtube-Kanal","author":"Administrator","date":"May 23, 2009","format":false,"excerpt":"Der RHCI Youtube-Kanal ist zu finden via: http:\/\/www.youtube.com\/hajob1 Info via A-DX","rel":"","context":"In &quot;links&quot;","block_context":{"text":"links","link":"https:\/\/www.achimbrueckner.de\/dxradio\/php\/wordpress\/?cat=7"},"img":{"alt_text":"","src":"","width":0,"height":0},"classes":[]},{"id":33087,"url":"https:\/\/www.achimbrueckner.de\/dxradio\/php\/wordpress\/?p=33087","url_meta":{"origin":34108,"position":5},"title":"Shortwaveservice.com Sender-Ersatzteile gesucht","author":"Administrator","date":"July 18, 2021","format":false,"excerpt":"Wer kann Shortwaveservice.com helfen: Was uns helfen w\u00fcrde, sind Ersatzteile, gerne auch defekte Baugruppen. Insbesondere zu unserem historischen 5kW UKW Sender von Telefunken, dem Rohde und Schwarz NA6000 DAB Sender und dem Transradio TRAM10 Mittelwellensender haben wir keine Ersatzteile. Falls also wenn jemand jemanden kennt, wer wen kennt: Danke! https:\/\/www.facebook.com\/Shortwaveservice","rel":"","context":"In &quot;Deutsch&quot;","block_context":{"text":"Deutsch","link":"https:\/\/www.achimbrueckner.de\/dxradio\/php\/wordpress\/?cat=1"},"img":{"alt_text":"","src":"","width":0,"height":0},"classes":[]}],"_links":{"self":[{"href":"https:\/\/www.achimbrueckner.de\/dxradio\/php\/wordpress\/index.php?rest_route=\/wp\/v2\/posts\/34108","targetHints":{"allow":["GET"]}}],"collection":[{"href":"https:\/\/www.achimbrueckner.de\/dxradio\/php\/wordpress\/index.php?rest_route=\/wp\/v2\/posts"}],"about":[{"href":"https:\/\/www.achimbrueckner.de\/dxradio\/php\/wordpress\/index.php?rest_route=\/wp\/v2\/types\/post"}],"author":[{"embeddable":true,"href":"https:\/\/www.achimbrueckner.de\/dxradio\/php\/wordpress\/index.php?rest_route=\/wp\/v2\/users\/1"}],"replies":[{"embeddable":true,"href":"https:\/\/www.achimbrueckner.de\/dxradio\/php\/wordpress\/index.php?rest_route=%2Fwp%2Fv2%2Fcomments&post=34108"}],"version-history":[{"count":0,"href":"https:\/\/www.achimbrueckner.de\/dxradio\/php\/wordpress\/index.php?rest_route=\/wp\/v2\/posts\/34108\/revisions"}],"wp:attachment":[{"href":"https:\/\/www.achimbrueckner.de\/dxradio\/php\/wordpress\/index.php?rest_route=%2Fwp%2Fv2%2Fmedia&parent=34108"}],"wp:term":[{"taxonomy":"category","embeddable":true,"href":"https:\/\/www.achimbrueckner.de\/dxradio\/php\/wordpress\/index.php?rest_route=%2Fwp%2Fv2%2Fcategories&post=34108"},{"taxonomy":"post_tag","embeddable":true,"href":"https:\/\/www.achimbrueckner.de\/dxradio\/php\/wordpress\/index.php?rest_route=%2Fwp%2Fv2%2Ftags&post=34108"}],"curies":[{"name":"wp","href":"https:\/\/api.w.org\/{rel}","templated":true}]}}