{"id":34152,"date":"2021-12-10T15:28:23","date_gmt":"2021-12-10T15:28:23","guid":{"rendered":"https:\/\/www.achimbrueckner.de\/dxradio\/php\/wordpress\/?p=34152"},"modified":"2021-12-10T15:28:23","modified_gmt":"2021-12-10T15:28:23","slug":"neue-srf-news-app-wir-wollen-nicht-bemuht-auf-jung-machen","status":"publish","type":"post","link":"https:\/\/www.achimbrueckner.de\/dxradio\/php\/wordpress\/?p=34152","title":{"rendered":"Neue SRF-News-App: \u00abWir wollen nicht bem\u00fcht auf jung machen\u00bb"},"content":{"rendered":"<p><a href=\"https:\/\/medienwoche.ch\/2021\/12\/10\/neue-srf-news-app-wir-wollen-nicht-bemueht-auf-jung-machen\/\" rel=\"noopener\" target=\"_blank\">https:\/\/medienwoche.ch\/2021\/12\/10\/neue-srf-news-app-wir-wollen-nicht-bemueht-auf-jung-machen\/<\/a><\/p>\n","protected":false},"excerpt":{"rendered":"<p>https:\/\/medienwoche.ch\/2021\/12\/10\/neue-srf-news-app-wir-wollen-nicht-bemueht-auf-jung-machen\/<\/p>\n","protected":false},"author":1,"featured_media":0,"comment_status":"closed","ping_status":"open","sticky":false,"template":"","format":"standard","meta":{"_jetpack_memberships_contains_paid_content":false,"footnotes":"","jetpack_publicize_message":"","jetpack_publicize_feature_enabled":true,"jetpack_social_post_already_shared":true,"jetpack_social_options":{"image_generator_settings":{"template":"highway","default_image_id":0,"font":"","enabled":false},"version":2}},"categories":[1],"tags":[],"class_list":["post-34152","post","type-post","status-publish","format-standard","hentry","category-deutsch"],"jetpack_publicize_connections":[],"jetpack_featured_media_url":"","jetpack_sharing_enabled":true,"jetpack_shortlink":"https:\/\/wp.me\/p5CDmr-8SQ","jetpack-related-posts":[{"id":30244,"url":"https:\/\/www.achimbrueckner.de\/dxradio\/php\/wordpress\/?p=30244","url_meta":{"origin":34152,"position":0},"title":"SRF Kultur \u00abWir wollen dem Publikum vermehrt zuh\u00f6ren\u00bb","author":"Administrator","date":"September 28, 2020","format":false,"excerpt":"https:\/\/www.persoenlich.com\/medien\/wir-wollen-dem-publikum-vermehrt-zuhoren","rel":"","context":"In &quot;Deutsch&quot;","block_context":{"text":"Deutsch","link":"https:\/\/www.achimbrueckner.de\/dxradio\/php\/wordpress\/?cat=1"},"img":{"alt_text":"","src":"","width":0,"height":0},"classes":[]},{"id":30199,"url":"https:\/\/www.achimbrueckner.de\/dxradio\/php\/wordpress\/?p=30199","url_meta":{"origin":34152,"position":1},"title":"Die neue SRF-Strategie als Weckruf f\u00fcr die Politik","author":"Administrator","date":"September 23, 2020","format":false,"excerpt":"https:\/\/medienwoche.ch\/2020\/09\/23\/die-neue-srf-strategie-als-weckruf-fuer-die-politik\/","rel":"","context":"In &quot;Deutsch&quot;","block_context":{"text":"Deutsch","link":"https:\/\/www.achimbrueckner.de\/dxradio\/php\/wordpress\/?cat=1"},"img":{"alt_text":"","src":"","width":0,"height":0},"classes":[]},{"id":32448,"url":"https:\/\/www.achimbrueckner.de\/dxradio\/php\/wordpress\/?p=32448","url_meta":{"origin":34152,"position":2},"title":"Die Analyse ist der neue Kommentar: Meinungsjournalismus bei SRF im Wandel","author":"Administrator","date":"April 7, 2021","format":false,"excerpt":"https:\/\/medienwoche.ch\/2021\/04\/07\/die-analyse-ist-der-neue-kommentar-meinungsjournalismus-bei-srf-im-wandel\/","rel":"","context":"In &quot;Deutsch&quot;","block_context":{"text":"Deutsch","link":"https:\/\/www.achimbrueckner.de\/dxradio\/php\/wordpress\/?cat=1"},"img":{"alt_text":"","src":"","width":0,"height":0},"classes":[]},{"id":31717,"url":"https:\/\/www.achimbrueckner.de\/dxradio\/php\/wordpress\/?p=31717","url_meta":{"origin":34152,"position":3},"title":"So wirbt SRF f\u00fcr seine News-App","author":"Administrator","date":"January 18, 2021","format":false,"excerpt":"https:\/\/www.persoenlich.com\/medien\/so-wirbt-srf-fur-seine-news-app","rel":"","context":"In &quot;Deutsch&quot;","block_context":{"text":"Deutsch","link":"https:\/\/www.achimbrueckner.de\/dxradio\/php\/wordpress\/?cat=1"},"img":{"alt_text":"","src":"","width":0,"height":0},"classes":[]},{"id":16787,"url":"https:\/\/www.achimbrueckner.de\/dxradio\/php\/wordpress\/?p=16787","url_meta":{"origin":34152,"position":4},"title":"Nach &#8220;No Billag&#8221;: SRF setzt auf Kooperation","author":"Administrator","date":"March 6, 2018","format":false,"excerpt":"http:\/\/www.sueddeutsche.de\/medien\/schweizer-rundfunk-nach-no-billag-srf-setzt-auf-kooperation-1.3892791","rel":"","context":"In &quot;Deutsch&quot;","block_context":{"text":"Deutsch","link":"https:\/\/www.achimbrueckner.de\/dxradio\/php\/wordpress\/?cat=1"},"img":{"alt_text":"","src":"","width":0,"height":0},"classes":[]},{"id":1863,"url":"https:\/\/www.achimbrueckner.de\/dxradio\/php\/wordpress\/?p=1863","url_meta":{"origin":34152,"position":5},"title":"\u00e2\u20ac\u017eRadiofreunde NRW\u00e2\u20ac\u0153 &#8211; eine neue Interessengemeinschaft im Westen.","author":"Administrator","date":"October 28, 2011","format":false,"excerpt":"\u00e2\u20ac\u017eRadiofreunde NRW\u00e2\u20ac\u0153 - eine neue Interessengemeinschaft im Westen. Wer sind wir? Die RADIOFREUNDE NRW sind eine lose Gruppe von Kurzwellenh\u00f6rern, DXern und Rundfunkinteressierten. Unser Fokus liegt auf dem Empfang auf Lang-, Mittel- und Kurzwelle. Auch f\u00fcr andere Empfangsbereiche und Kommunikationswege sind wir offen und laden Interessierte ein, sich mit uns\u2026","rel":"","context":"In &quot;Deutsch&quot;","block_context":{"text":"Deutsch","link":"https:\/\/www.achimbrueckner.de\/dxradio\/php\/wordpress\/?cat=1"},"img":{"alt_text":"","src":"","width":0,"height":0},"classes":[]}],"_links":{"self":[{"href":"https:\/\/www.achimbrueckner.de\/dxradio\/php\/wordpress\/index.php?rest_route=\/wp\/v2\/posts\/34152","targetHints":{"allow":["GET"]}}],"collection":[{"href":"https:\/\/www.achimbrueckner.de\/dxradio\/php\/wordpress\/index.php?rest_route=\/wp\/v2\/posts"}],"about":[{"href":"https:\/\/www.achimbrueckner.de\/dxradio\/php\/wordpress\/index.php?rest_route=\/wp\/v2\/types\/post"}],"author":[{"embeddable":true,"href":"https:\/\/www.achimbrueckner.de\/dxradio\/php\/wordpress\/index.php?rest_route=\/wp\/v2\/users\/1"}],"replies":[{"embeddable":true,"href":"https:\/\/www.achimbrueckner.de\/dxradio\/php\/wordpress\/index.php?rest_route=%2Fwp%2Fv2%2Fcomments&post=34152"}],"version-history":[{"count":0,"href":"https:\/\/www.achimbrueckner.de\/dxradio\/php\/wordpress\/index.php?rest_route=\/wp\/v2\/posts\/34152\/revisions"}],"wp:attachment":[{"href":"https:\/\/www.achimbrueckner.de\/dxradio\/php\/wordpress\/index.php?rest_route=%2Fwp%2Fv2%2Fmedia&parent=34152"}],"wp:term":[{"taxonomy":"category","embeddable":true,"href":"https:\/\/www.achimbrueckner.de\/dxradio\/php\/wordpress\/index.php?rest_route=%2Fwp%2Fv2%2Fcategories&post=34152"},{"taxonomy":"post_tag","embeddable":true,"href":"https:\/\/www.achimbrueckner.de\/dxradio\/php\/wordpress\/index.php?rest_route=%2Fwp%2Fv2%2Ftags&post=34152"}],"curies":[{"name":"wp","href":"https:\/\/api.w.org\/{rel}","templated":true}]}}