{"id":34191,"date":"2021-12-17T15:51:23","date_gmt":"2021-12-17T15:51:23","guid":{"rendered":"https:\/\/www.achimbrueckner.de\/dxradio\/php\/wordpress\/?p=34191"},"modified":"2021-12-17T15:51:23","modified_gmt":"2021-12-17T15:51:23","slug":"radio-paradiso-nrw-uber-dab-gestartet","status":"publish","type":"post","link":"https:\/\/www.achimbrueckner.de\/dxradio\/php\/wordpress\/?p=34191","title":{"rendered":"Radio Paradiso NRW \u00fcber DAB+ gestartet"},"content":{"rendered":"<p><a href=\"https:\/\/www.radiowoche.de\/radio-paradiso-nrw-ueber-dab-gestartet\/\" rel=\"noopener\" target=\"_blank\">https:\/\/www.radiowoche.de\/radio-paradiso-nrw-ueber-dab-gestartet\/<\/a><\/p>\n","protected":false},"excerpt":{"rendered":"<p>https:\/\/www.radiowoche.de\/radio-paradiso-nrw-ueber-dab-gestartet\/<\/p>\n","protected":false},"author":1,"featured_media":0,"comment_status":"closed","ping_status":"open","sticky":false,"template":"","format":"standard","meta":{"_jetpack_memberships_contains_paid_content":false,"footnotes":"","jetpack_publicize_message":"","jetpack_publicize_feature_enabled":true,"jetpack_social_post_already_shared":true,"jetpack_social_options":{"image_generator_settings":{"template":"highway","default_image_id":0,"font":"","enabled":false},"version":2}},"categories":[1],"tags":[],"class_list":["post-34191","post","type-post","status-publish","format-standard","hentry","category-deutsch"],"jetpack_publicize_connections":[],"jetpack_featured_media_url":"","jetpack_sharing_enabled":true,"jetpack_shortlink":"https:\/\/wp.me\/p5CDmr-8Tt","jetpack-related-posts":[{"id":34197,"url":"https:\/\/www.achimbrueckner.de\/dxradio\/php\/wordpress\/?p=34197","url_meta":{"origin":34191,"position":0},"title":"Radio Paradiso NRW via DAB+ gestartet","author":"Administrator","date":"December 18, 2021","format":false,"excerpt":"https:\/\/www.radioszene.de\/159649\/radio-paradiso-nrw.html","rel":"","context":"In &quot;Deutsch&quot;","block_context":{"text":"Deutsch","link":"https:\/\/www.achimbrueckner.de\/dxradio\/php\/wordpress\/?cat=1"},"img":{"alt_text":"","src":"","width":0,"height":0},"classes":[]},{"id":34410,"url":"https:\/\/www.achimbrueckner.de\/dxradio\/php\/wordpress\/?p=34410","url_meta":{"origin":34191,"position":1},"title":"Manni Breuckmann spricht bei Radio Paradiso NRW \u00fcber \u201eAlles au\u00dfer Fu\u00dfball\u201c","author":"Administrator","date":"January 14, 2022","format":false,"excerpt":"https:\/\/www.radiowoche.de\/manni-breuckmann-spricht-bei-radio-paradiso-nrw-ueber-alles-ausser-fussball\/","rel":"","context":"In &quot;Deutsch&quot;","block_context":{"text":"Deutsch","link":"https:\/\/www.achimbrueckner.de\/dxradio\/php\/wordpress\/?cat=1"},"img":{"alt_text":"","src":"","width":0,"height":0},"classes":[]},{"id":33933,"url":"https:\/\/www.achimbrueckner.de\/dxradio\/php\/wordpress\/?p=33933","url_meta":{"origin":34191,"position":2},"title":"Radio Blau \u00fcber DAB+ in Leipzig gestartet","author":"Administrator","date":"November 1, 2021","format":false,"excerpt":"https:\/\/www.radiowoche.de\/radio-blau-ueber-dab-in-leipzig-gestartet\/","rel":"","context":"In &quot;Deutsch&quot;","block_context":{"text":"Deutsch","link":"https:\/\/www.achimbrueckner.de\/dxradio\/php\/wordpress\/?cat=1"},"img":{"alt_text":"","src":"","width":0,"height":0},"classes":[]},{"id":38946,"url":"https:\/\/www.achimbrueckner.de\/dxradio\/php\/wordpress\/?p=38946","url_meta":{"origin":34191,"position":3},"title":"Radio Unerh\u00f6rt Marburg \u00fcber DAB+ gestartet","author":"Administrator","date":"March 1, 2023","format":false,"excerpt":"https:\/\/www.radiowoche.de\/radio-unerhoert-marburg-ueber-dab-gestartet\/","rel":"","context":"In &quot;Deutsch&quot;","block_context":{"text":"Deutsch","link":"https:\/\/www.achimbrueckner.de\/dxradio\/php\/wordpress\/?cat=1"},"img":{"alt_text":"","src":"","width":0,"height":0},"classes":[]},{"id":40102,"url":"https:\/\/www.achimbrueckner.de\/dxradio\/php\/wordpress\/?p=40102","url_meta":{"origin":34191,"position":4},"title":"Radio Bollerwagen in drei s\u00e4chsischen St\u00e4dten \u00fcber DAB+ gestartet","author":"Administrator","date":"September 4, 2023","format":false,"excerpt":"https:\/\/www.radiowoche.de\/radio-bollerwagen-in-drei-saechsischen-staedten-ueber-dab-gestartet\/","rel":"","context":"In &quot;Deutsch&quot;","block_context":{"text":"Deutsch","link":"https:\/\/www.achimbrueckner.de\/dxradio\/php\/wordpress\/?cat=1"},"img":{"alt_text":"","src":"","width":0,"height":0},"classes":[]},{"id":12654,"url":"https:\/\/www.achimbrueckner.de\/dxradio\/php\/wordpress\/?p=12654","url_meta":{"origin":34191,"position":5},"title":"Radio Hamburg \u00fcber DAB+ gestartet","author":"Administrator","date":"March 29, 2017","format":false,"excerpt":"http:\/\/www.radiowoche.de\/radio-hamburg-ueber-dab-gestartet\/","rel":"","context":"In &quot;Deutsch&quot;","block_context":{"text":"Deutsch","link":"https:\/\/www.achimbrueckner.de\/dxradio\/php\/wordpress\/?cat=1"},"img":{"alt_text":"","src":"","width":0,"height":0},"classes":[]}],"_links":{"self":[{"href":"https:\/\/www.achimbrueckner.de\/dxradio\/php\/wordpress\/index.php?rest_route=\/wp\/v2\/posts\/34191","targetHints":{"allow":["GET"]}}],"collection":[{"href":"https:\/\/www.achimbrueckner.de\/dxradio\/php\/wordpress\/index.php?rest_route=\/wp\/v2\/posts"}],"about":[{"href":"https:\/\/www.achimbrueckner.de\/dxradio\/php\/wordpress\/index.php?rest_route=\/wp\/v2\/types\/post"}],"author":[{"embeddable":true,"href":"https:\/\/www.achimbrueckner.de\/dxradio\/php\/wordpress\/index.php?rest_route=\/wp\/v2\/users\/1"}],"replies":[{"embeddable":true,"href":"https:\/\/www.achimbrueckner.de\/dxradio\/php\/wordpress\/index.php?rest_route=%2Fwp%2Fv2%2Fcomments&post=34191"}],"version-history":[{"count":0,"href":"https:\/\/www.achimbrueckner.de\/dxradio\/php\/wordpress\/index.php?rest_route=\/wp\/v2\/posts\/34191\/revisions"}],"wp:attachment":[{"href":"https:\/\/www.achimbrueckner.de\/dxradio\/php\/wordpress\/index.php?rest_route=%2Fwp%2Fv2%2Fmedia&parent=34191"}],"wp:term":[{"taxonomy":"category","embeddable":true,"href":"https:\/\/www.achimbrueckner.de\/dxradio\/php\/wordpress\/index.php?rest_route=%2Fwp%2Fv2%2Fcategories&post=34191"},{"taxonomy":"post_tag","embeddable":true,"href":"https:\/\/www.achimbrueckner.de\/dxradio\/php\/wordpress\/index.php?rest_route=%2Fwp%2Fv2%2Ftags&post=34191"}],"curies":[{"name":"wp","href":"https:\/\/api.w.org\/{rel}","templated":true}]}}