{"id":34215,"date":"2021-12-20T16:35:45","date_gmt":"2021-12-20T16:35:45","guid":{"rendered":"https:\/\/www.achimbrueckner.de\/dxradio\/php\/wordpress\/?p=34215"},"modified":"2021-12-20T16:35:45","modified_gmt":"2021-12-20T16:35:45","slug":"voice-heard-round-the-world-voice-of-america-museum-near-cincinnati-a-historical-marvel","status":"publish","type":"post","link":"https:\/\/www.achimbrueckner.de\/dxradio\/php\/wordpress\/?p=34215","title":{"rendered":"Voice heard &#8217;round the world: Voice of America museum near Cincinnati a historical marvel"},"content":{"rendered":"<p><a href=\"https:\/\/eu.dispatch.com\/story\/lifestyle\/travel\/2021\/12\/20\/national-voice-america-museum-ohio-reveals-world-war-ii-history\/8827911002\/\" rel=\"noopener\" target=\"_blank\">https:\/\/eu.dispatch.com\/story\/lifestyle\/travel\/2021\/12\/20\/national-voice-america-museum-ohio-reveals-world-war-ii-history\/8827911002\/<\/a><\/p>\n","protected":false},"excerpt":{"rendered":"<p>https:\/\/eu.dispatch.com\/story\/lifestyle\/travel\/2021\/12\/20\/national-voice-america-museum-ohio-reveals-world-war-ii-history\/8827911002\/<\/p>\n","protected":false},"author":1,"featured_media":0,"comment_status":"closed","ping_status":"open","sticky":false,"template":"","format":"standard","meta":{"_jetpack_memberships_contains_paid_content":false,"footnotes":"","jetpack_publicize_message":"","jetpack_publicize_feature_enabled":true,"jetpack_social_post_already_shared":true,"jetpack_social_options":{"image_generator_settings":{"template":"highway","default_image_id":0,"font":"","enabled":false},"version":2}},"categories":[2],"tags":[],"class_list":["post-34215","post","type-post","status-publish","format-standard","hentry","category-english"],"jetpack_publicize_connections":[],"jetpack_featured_media_url":"","jetpack_sharing_enabled":true,"jetpack_shortlink":"https:\/\/wp.me\/p5CDmr-8TR","jetpack-related-posts":[{"id":2604,"url":"https:\/\/www.achimbrueckner.de\/dxradio\/php\/wordpress\/?p=2604","url_meta":{"origin":34215,"position":0},"title":"Voice of America Museum Special","author":"Administrator","date":"August 16, 2013","format":false,"excerpt":"Voice of America Museum Special http:\/\/www.youtube.com\/watch?v=3w_ZXRJol_4&feature=youtu.be","rel":"","context":"In &quot;English&quot;","block_context":{"text":"English","link":"https:\/\/www.achimbrueckner.de\/dxradio\/php\/wordpress\/?cat=2"},"img":{"alt_text":"","src":"","width":0,"height":0},"classes":[]},{"id":21000,"url":"https:\/\/www.achimbrueckner.de\/dxradio\/php\/wordpress\/?p=21000","url_meta":{"origin":34215,"position":1},"title":"Voice Of America Museum Sets 75th Anniversary Events","author":"Administrator","date":"January 19, 2019","format":false,"excerpt":"http:\/\/www.wvxu.org\/post\/voice-america-museum-sets-75th-anniversary-events","rel":"","context":"In &quot;English&quot;","block_context":{"text":"English","link":"https:\/\/www.achimbrueckner.de\/dxradio\/php\/wordpress\/?cat=2"},"img":{"alt_text":"","src":"","width":0,"height":0},"classes":[]},{"id":13730,"url":"https:\/\/www.achimbrueckner.de\/dxradio\/php\/wordpress\/?p=13730","url_meta":{"origin":34215,"position":2},"title":"Voice of America Museum is now broadcasting inspiration for tech developer","author":"Administrator","date":"July 13, 2017","format":false,"excerpt":"http:\/\/www.wcpo.com\/news\/insider\/voice-of-america-museum-is-now-broadcasting-inspiration-for-tech-developers_","rel":"","context":"In &quot;Deutsch&quot;","block_context":{"text":"Deutsch","link":"https:\/\/www.achimbrueckner.de\/dxradio\/php\/wordpress\/?cat=1"},"img":{"alt_text":"","src":"","width":0,"height":0},"classes":[]},{"id":32239,"url":"https:\/\/www.achimbrueckner.de\/dxradio\/php\/wordpress\/?p=32239","url_meta":{"origin":34215,"position":3},"title":"Upgrades planned for Voice of America museum in West Chester","author":"Administrator","date":"March 11, 2021","format":false,"excerpt":"https:\/\/eu.cincinnati.com\/story\/news\/2021\/03\/10\/upgrades-planned-for-voice-of-america-museum-in-west-chester\/6951823002\/","rel":"","context":"In &quot;English&quot;","block_context":{"text":"English","link":"https:\/\/www.achimbrueckner.de\/dxradio\/php\/wordpress\/?cat=2"},"img":{"alt_text":"","src":"","width":0,"height":0},"classes":[]},{"id":1722,"url":"https:\/\/www.achimbrueckner.de\/dxradio\/php\/wordpress\/?p=1722","url_meta":{"origin":34215,"position":4},"title":"VOA Museum","author":"Administrator","date":"August 2, 2011","format":false,"excerpt":"mit einem gut 17 Minuten langen Video informiert das National Voice of America Museum of Broadcasting \u00fcber die Geschichte der Voice of America im allgemeinen und \u00fcber die Geschichte der Sendeanlage in Bethany, Ohio (n\u00f6rdlich von Cincinnati) im besonderen. Man findet das Youtube-Video mit dem Titel: \"America's Voice\" eingebettet auf\u2026","rel":"","context":"In &quot;Deutsch&quot;","block_context":{"text":"Deutsch","link":"https:\/\/www.achimbrueckner.de\/dxradio\/php\/wordpress\/?cat=1"},"img":{"alt_text":"","src":"","width":0,"height":0},"classes":[]},{"id":12155,"url":"https:\/\/www.achimbrueckner.de\/dxradio\/php\/wordpress\/?p=12155","url_meta":{"origin":34215,"position":5},"title":"National VOA Museum to celebrate 75th anniversary of Voice of America","author":"Administrator","date":"February 14, 2017","format":false,"excerpt":"http:\/\/southgatearc.org\/news\/2017\/february\/national-voa-museum-to-celebrate-75th-anniversary-of-voice-of-america.htm#.WKMvRPnhCUl","rel":"","context":"In &quot;English&quot;","block_context":{"text":"English","link":"https:\/\/www.achimbrueckner.de\/dxradio\/php\/wordpress\/?cat=2"},"img":{"alt_text":"","src":"","width":0,"height":0},"classes":[]}],"_links":{"self":[{"href":"https:\/\/www.achimbrueckner.de\/dxradio\/php\/wordpress\/index.php?rest_route=\/wp\/v2\/posts\/34215","targetHints":{"allow":["GET"]}}],"collection":[{"href":"https:\/\/www.achimbrueckner.de\/dxradio\/php\/wordpress\/index.php?rest_route=\/wp\/v2\/posts"}],"about":[{"href":"https:\/\/www.achimbrueckner.de\/dxradio\/php\/wordpress\/index.php?rest_route=\/wp\/v2\/types\/post"}],"author":[{"embeddable":true,"href":"https:\/\/www.achimbrueckner.de\/dxradio\/php\/wordpress\/index.php?rest_route=\/wp\/v2\/users\/1"}],"replies":[{"embeddable":true,"href":"https:\/\/www.achimbrueckner.de\/dxradio\/php\/wordpress\/index.php?rest_route=%2Fwp%2Fv2%2Fcomments&post=34215"}],"version-history":[{"count":0,"href":"https:\/\/www.achimbrueckner.de\/dxradio\/php\/wordpress\/index.php?rest_route=\/wp\/v2\/posts\/34215\/revisions"}],"wp:attachment":[{"href":"https:\/\/www.achimbrueckner.de\/dxradio\/php\/wordpress\/index.php?rest_route=%2Fwp%2Fv2%2Fmedia&parent=34215"}],"wp:term":[{"taxonomy":"category","embeddable":true,"href":"https:\/\/www.achimbrueckner.de\/dxradio\/php\/wordpress\/index.php?rest_route=%2Fwp%2Fv2%2Fcategories&post=34215"},{"taxonomy":"post_tag","embeddable":true,"href":"https:\/\/www.achimbrueckner.de\/dxradio\/php\/wordpress\/index.php?rest_route=%2Fwp%2Fv2%2Ftags&post=34215"}],"curies":[{"name":"wp","href":"https:\/\/api.w.org\/{rel}","templated":true}]}}