{"id":34316,"date":"2022-01-02T16:33:37","date_gmt":"2022-01-02T16:33:37","guid":{"rendered":"https:\/\/www.achimbrueckner.de\/dxradio\/php\/wordpress\/?p=34316"},"modified":"2022-01-02T16:33:37","modified_gmt":"2022-01-02T16:33:37","slug":"france-allouis-un-emetteur-silencieux","status":"publish","type":"post","link":"https:\/\/www.achimbrueckner.de\/dxradio\/php\/wordpress\/?p=34316","title":{"rendered":"France: Allouis, un \u00e9metteur silencieux."},"content":{"rendered":"<p><a href=\"https:\/\/media-radio.info\/radiodiffusion\/index.php?radiodiffusion=France&#038;id=323&#038;cat_id=14\" rel=\"noopener\" target=\"_blank\">https:\/\/media-radio.info\/radiodiffusion\/index.php?radiodiffusion=France&#038;id=323&#038;cat_id=14<\/a><\/p>\n","protected":false},"excerpt":{"rendered":"<p>https:\/\/media-radio.info\/radiodiffusion\/index.php?radiodiffusion=France&#038;id=323&#038;cat_id=14<\/p>\n","protected":false},"author":1,"featured_media":0,"comment_status":"closed","ping_status":"open","sticky":false,"template":"","format":"standard","meta":{"_jetpack_memberships_contains_paid_content":false,"footnotes":"","jetpack_publicize_message":"","jetpack_publicize_feature_enabled":true,"jetpack_social_post_already_shared":true,"jetpack_social_options":{"image_generator_settings":{"template":"highway","default_image_id":0,"font":"","enabled":false},"version":2}},"categories":[2],"tags":[],"class_list":["post-34316","post","type-post","status-publish","format-standard","hentry","category-english"],"jetpack_publicize_connections":[],"jetpack_featured_media_url":"","jetpack_sharing_enabled":true,"jetpack_shortlink":"https:\/\/wp.me\/p5CDmr-8Vu","jetpack-related-posts":[{"id":30373,"url":"https:\/\/www.achimbrueckner.de\/dxradio\/php\/wordpress\/?p=30373","url_meta":{"origin":34316,"position":0},"title":"Anguilla: Caribbean Beacon de 1981 \u00e0 2020","author":"Administrator","date":"October 10, 2020","format":false,"excerpt":"https:\/\/www.media-radio.info\/radiodiffusion\/index.php?radiodiffusion=Anguilla&id=207&cat_id=89","rel":"","context":"In &quot;English&quot;","block_context":{"text":"English","link":"https:\/\/www.achimbrueckner.de\/dxradio\/php\/wordpress\/?cat=2"},"img":{"alt_text":"","src":"","width":0,"height":0},"classes":[]},{"id":30678,"url":"https:\/\/www.achimbrueckner.de\/dxradio\/php\/wordpress\/?p=30678","url_meta":{"origin":34316,"position":1},"title":"Grande Bretagne: 198 kHz: Droitwich, Westerglen et Burghead diffusent Radio 4","author":"Administrator","date":"November 3, 2020","format":false,"excerpt":"https:\/\/www.media-radio.info\/radiodiffusion\/index.php?radiodiffusion=Grande%20Bretagne&id=343&cat_id=43","rel":"","context":"In &quot;English&quot;","block_context":{"text":"English","link":"https:\/\/www.achimbrueckner.de\/dxradio\/php\/wordpress\/?cat=2"},"img":{"alt_text":"","src":"","width":0,"height":0},"classes":[]},{"id":40344,"url":"https:\/\/www.achimbrueckner.de\/dxradio\/php\/wordpress\/?p=40344","url_meta":{"origin":34316,"position":2},"title":"QSL Radiodiffusion Nationale Tunisienne","author":"Administrator","date":"October 15, 2023","format":false,"excerpt":"https:\/\/maresmedx.blogspot.com\/2023\/10\/qsl-radiodiffusion-nationale-tunisienne.html","rel":"","context":"In &quot;English&quot;","block_context":{"text":"English","link":"https:\/\/www.achimbrueckner.de\/dxradio\/php\/wordpress\/?cat=2"},"img":{"alt_text":"","src":"","width":0,"height":0},"classes":[]},{"id":112,"url":"https:\/\/www.achimbrueckner.de\/dxradio\/php\/wordpress\/?p=112","url_meta":{"origin":34316,"position":3},"title":"Radiodiffusion Nationale Tchadienne","author":"Administrator","date":"October 13, 2006","format":false,"excerpt":"Tentative Radiodiffusion Nationale Tchadienne is on 6165 Khz at 2200 Utc in French with SINPO 32332. News are read out by man, NDjamena the capital city is sometimes mentioned.","rel":"","context":"In &quot;reception&quot;","block_context":{"text":"reception","link":"https:\/\/www.achimbrueckner.de\/dxradio\/php\/wordpress\/?cat=4"},"img":{"alt_text":"","src":"","width":0,"height":0},"classes":[]},{"id":3152,"url":"https:\/\/www.achimbrueckner.de\/dxradio\/php\/wordpress\/?p=3152","url_meta":{"origin":34316,"position":4},"title":"Great vintage broadcasting films","author":"Administrator","date":"May 8, 2014","format":false,"excerpt":"Some wonderful vintage French film here. Behind the scenes of French 441 line television in 1947 and the Videophone of the future with a topless woman. Even a visual prediction of video on a smartphone: http:\/\/www.ina.fr\/video\/CPF04010181\/television-oeil-de-demain-video.html Behind the scenes of French 819 line television in 1956: http:\/\/www.ina.fr\/video\/CPF02009182\/tournage-tele-dans-les-studios-de-la-tour-eiffel-video.html The France-Inter long\u2026","rel":"","context":"In &quot;English&quot;","block_context":{"text":"English","link":"https:\/\/www.achimbrueckner.de\/dxradio\/php\/wordpress\/?cat=2"},"img":{"alt_text":"","src":"","width":0,"height":0},"classes":[]},{"id":11429,"url":"https:\/\/www.achimbrueckner.de\/dxradio\/php\/wordpress\/?p=11429","url_meta":{"origin":34316,"position":5},"title":"D\u00e9cision n\u00b0 2016-875 du 7 d\u00e9cembre 2016 portant abrogation de l&#8217;autorisation d\u00e9livr\u00e9e \u00e0 la soci\u00e9t\u00e9 nationale de programme Radio France pour l&#8217;exploitation du service de radio France Inter en modulation d&#8217;amplitude","author":"Administrator","date":"December 17, 2016","format":false,"excerpt":"https:\/\/www.legifrance.gouv.fr\/affichTexte.do;jsessionid=4FA2972E06E57646366E6B684B82FA65.tpdila10v_2?cidTexte=JORFTEXT000033624133&dateTexte&oldAction=rechJO&categorieLien=id&idJO=JORFCONT000033623160","rel":"","context":"In &quot;English&quot;","block_context":{"text":"English","link":"https:\/\/www.achimbrueckner.de\/dxradio\/php\/wordpress\/?cat=2"},"img":{"alt_text":"","src":"","width":0,"height":0},"classes":[]}],"_links":{"self":[{"href":"https:\/\/www.achimbrueckner.de\/dxradio\/php\/wordpress\/index.php?rest_route=\/wp\/v2\/posts\/34316","targetHints":{"allow":["GET"]}}],"collection":[{"href":"https:\/\/www.achimbrueckner.de\/dxradio\/php\/wordpress\/index.php?rest_route=\/wp\/v2\/posts"}],"about":[{"href":"https:\/\/www.achimbrueckner.de\/dxradio\/php\/wordpress\/index.php?rest_route=\/wp\/v2\/types\/post"}],"author":[{"embeddable":true,"href":"https:\/\/www.achimbrueckner.de\/dxradio\/php\/wordpress\/index.php?rest_route=\/wp\/v2\/users\/1"}],"replies":[{"embeddable":true,"href":"https:\/\/www.achimbrueckner.de\/dxradio\/php\/wordpress\/index.php?rest_route=%2Fwp%2Fv2%2Fcomments&post=34316"}],"version-history":[{"count":0,"href":"https:\/\/www.achimbrueckner.de\/dxradio\/php\/wordpress\/index.php?rest_route=\/wp\/v2\/posts\/34316\/revisions"}],"wp:attachment":[{"href":"https:\/\/www.achimbrueckner.de\/dxradio\/php\/wordpress\/index.php?rest_route=%2Fwp%2Fv2%2Fmedia&parent=34316"}],"wp:term":[{"taxonomy":"category","embeddable":true,"href":"https:\/\/www.achimbrueckner.de\/dxradio\/php\/wordpress\/index.php?rest_route=%2Fwp%2Fv2%2Fcategories&post=34316"},{"taxonomy":"post_tag","embeddable":true,"href":"https:\/\/www.achimbrueckner.de\/dxradio\/php\/wordpress\/index.php?rest_route=%2Fwp%2Fv2%2Ftags&post=34316"}],"curies":[{"name":"wp","href":"https:\/\/api.w.org\/{rel}","templated":true}]}}