{"id":34337,"date":"2022-01-04T14:30:27","date_gmt":"2022-01-04T14:30:27","guid":{"rendered":"https:\/\/www.achimbrueckner.de\/dxradio\/php\/wordpress\/?p=34337"},"modified":"2022-01-04T14:30:27","modified_gmt":"2022-01-04T14:30:27","slug":"rumanien-sendererneuerung-mittelwelle","status":"publish","type":"post","link":"https:\/\/www.achimbrueckner.de\/dxradio\/php\/wordpress\/?p=34337","title":{"rendered":"Rum\u00e4nien Sendererneuerung Mittelwelle"},"content":{"rendered":"<p>Rum\u00e4nien setzt die Erneuerung der Mittelwellensender fort.<br \/>\nEin Erneuerungsprogramm f\u00fcr die 5 \u00e4ltesten Mittelwellensender wurde gerade gestartet.<br \/>\n&#8211; In der Station Valu luii Traian in der N\u00e4he von Constanta wird die \u00dcberdachung des Technikgeb\u00e4udes erneuert und die Mittelwellensender werden ersetzt. Dieser Sender wird Radio Rom\u00e2nia Actualit \u0103\u021bi auf 1458 kHz mit 50 kW Antena Satelor auf 1314 kHz und Radio Constan \u021ba auf 909 kHz mit 25 kW \u00fcbertragen.<br \/>\n&#8211; Am Bahnhof Rontau, 10 km von Oradea entfernt, nahe der ungarischen Grenze, wird auch das technische Geb\u00e4ude renoviert und wird demn\u00e4chst einen neuen 50 kW Sender aufnehmen, der Radio Rom\u00e2nia Actualit \u0103\u021bi auf 603 kHz ausstrahlt.<br \/>\n&#8211; In der N\u00e4he von Bukarest wird der Sender Herastrau \u00fcber einen neuen 25 kW Sender verf\u00fcgen, um Antena Satelor auf 603 kHz (horizontale Antenne) zu strahlen.<br \/>\n&#8211; Am Bahnhof Boldur bei Timlisoara, Radio Rom\u00e2nia Actualit \u0103\u021bi auf 756 kHz mit 400 kW, werden die Pylonen erneuert.<br \/>\nParallel zum AM hat Radiocom gerade 21 neue FM-Sender bestellt &#8230; Wie was, es gibt noch L\u00e4nder, die von Mittelwellen \u00fcberzeugt sind, FM und sogar OCs&#8230;<br \/>\nEndlich beauftragen andere L\u00e4nder, obwohl sie mit gro\u00dfer Verst\u00e4rkung Werbespots das Ende der FM zugunsten des DAB ank\u00fcndigen, nach Ermessen FM-Sender, um die Sendung fortsetzen zu k\u00f6nnen &#8230; (nein, ich habe es nicht verkauft).<\/p>\n<p>Info via Facebook<\/p>\n","protected":false},"excerpt":{"rendered":"<p>Rum\u00e4nien setzt die Erneuerung der Mittelwellensender fort. Ein Erneuerungsprogramm f\u00fcr die 5 \u00e4ltesten Mittelwellensender wurde gerade gestartet. &#8211; In der Station Valu luii Traian in der N\u00e4he von Constanta wird die \u00dcberdachung des Technikgeb\u00e4udes erneuert und die Mittelwellensender werden ersetzt. Dieser Sender wird Radio Rom\u00e2nia Actualit \u0103\u021bi auf 1458 kHz mit 50 kW Antena Satelor &hellip; <a href=\"https:\/\/www.achimbrueckner.de\/dxradio\/php\/wordpress\/?p=34337\" class=\"more-link\">Continue reading <span class=\"screen-reader-text\">Rum\u00e4nien Sendererneuerung Mittelwelle<\/span><\/a><\/p>\n","protected":false},"author":1,"featured_media":0,"comment_status":"closed","ping_status":"open","sticky":false,"template":"","format":"standard","meta":{"_jetpack_memberships_contains_paid_content":false,"footnotes":"","jetpack_publicize_message":"","jetpack_publicize_feature_enabled":true,"jetpack_social_post_already_shared":true,"jetpack_social_options":{"image_generator_settings":{"template":"highway","default_image_id":0,"font":"","enabled":false},"version":2}},"categories":[1],"tags":[],"class_list":["post-34337","post","type-post","status-publish","format-standard","hentry","category-deutsch"],"jetpack_publicize_connections":[],"jetpack_featured_media_url":"","jetpack_sharing_enabled":true,"jetpack_shortlink":"https:\/\/wp.me\/p5CDmr-8VP","jetpack-related-posts":[{"id":31438,"url":"https:\/\/www.achimbrueckner.de\/dxradio\/php\/wordpress\/?p=31438","url_meta":{"origin":34337,"position":0},"title":"Kritik an der niederl\u00e4ndischen LPAM-Politik","author":"Administrator","date":"December 30, 2020","format":false,"excerpt":"Kritik an der niederl\u00e4ndischen LPAM-Politik Seit 2016 als Pilotprojekt und seit 2019 als regul\u00e4re M\u00f6glichkeit k\u00f6nnen Interessenten in den Niederlanden Senderechte f\u00fcr Mittelwellensender kleiner Leistung (\u201elow-power AM\u201c <100 Watt) beantragen. Das tun immer mehr, doch dem DX-Veteranen Max van Arnhem (mwcircle) platzte j\u00fcngst der Kragen. Er bringt technische, aber auch\u2026","rel":"","context":"In &quot;Deutsch&quot;","block_context":{"text":"Deutsch","link":"https:\/\/www.achimbrueckner.de\/dxradio\/php\/wordpress\/?cat=1"},"img":{"alt_text":"","src":"","width":0,"height":0},"classes":[]},{"id":12838,"url":"https:\/\/www.achimbrueckner.de\/dxradio\/php\/wordpress\/?p=12838","url_meta":{"origin":34337,"position":1},"title":"Kurzwellen-Sondersendungen von der 24. IARU-Region 1-Konferenz","author":"Administrator","date":"April 13, 2017","format":false,"excerpt":"RADIO DARC berichtet in Kurzwellen-Sondersendungen von der 24. IARU-Region 1-Konferenz aus Landshut Vom 16. bis 22. September 2017 findet in Landshut bei M\u00fcnchen die IARU-Region-1-Konferenz statt. Deutschland war 1958 das letzte Mal Gastgeber dieser Veranstaltung der Internationalen Amateur-Radio-Union. 130 Delegierte von vielen der 96 Mitgliedsverb\u00e4nden werden dort Fragen rund um\u2026","rel":"","context":"In &quot;Deutsch&quot;","block_context":{"text":"Deutsch","link":"https:\/\/www.achimbrueckner.de\/dxradio\/php\/wordpress\/?cat=1"},"img":{"alt_text":"","src":"","width":0,"height":0},"classes":[]},{"id":41981,"url":"https:\/\/www.achimbrueckner.de\/dxradio\/php\/wordpress\/?p=41981","url_meta":{"origin":34337,"position":2},"title":"RADIO DARC sendet ab 2025 aus England","author":"Administrator","date":"November 26, 2024","format":false,"excerpt":"RADIO DARC sendet ab 2025 aus England Fast 10 Jahre lang hat RADIO DARC f\u00fcr seine Kurzwellen-Ausstrahlungen am Sonntag vormittag den ORS-Sender in Moosbrunn bei Wien genutzt. Am Jahresende soll nun damit Schluss sein, die Anlage wird stillgelegt. Alle Versuche einer Rettung schlugen fehl, der \u00d6sterreichische Rundfunk will das angeblich\u2026","rel":"","context":"In &quot;Deutsch&quot;","block_context":{"text":"Deutsch","link":"https:\/\/www.achimbrueckner.de\/dxradio\/php\/wordpress\/?cat=1"},"img":{"alt_text":"","src":"","width":0,"height":0},"classes":[]},{"id":12354,"url":"https:\/\/www.achimbrueckner.de\/dxradio\/php\/wordpress\/?p=12354","url_meta":{"origin":34337,"position":3},"title":"100. Sendung Radio DARC","author":"Administrator","date":"March 2, 2017","format":false,"excerpt":"Liebe YLs und OMs, am kommenden Sonntag,den 05. M\u00e4rz 2017 ist es soweit, die 100. Sendung von RADIO DARC geht \u00fcber die Antennen. Urspr\u00fcnglich als eine Serie von Sondersendungen anl\u00e4sslich des 65. Gr\u00fcndungsjubil\u00e4ums des Deutschen Amateur Radio Clubs e,V, gedacht, haben sich unsere w\u00f6chentlichen DX-Magazine zu einer festen Gr\u00f6\u00dfe entwickelt.\u2026","rel":"","context":"In &quot;Deutsch&quot;","block_context":{"text":"Deutsch","link":"https:\/\/www.achimbrueckner.de\/dxradio\/php\/wordpress\/?cat=1"},"img":{"alt_text":"","src":"","width":0,"height":0},"classes":[]},{"id":42420,"url":"https:\/\/www.achimbrueckner.de\/dxradio\/php\/wordpress\/?p=42420","url_meta":{"origin":34337,"position":4},"title":"Radio Onda Ausschreibung Kurzwelle","author":"Administrator","date":"March 23, 2025","format":false,"excerpt":"LUXEMBURG: Eine Lizenz f\u00fcr den Betrieb von vier Kurzwellensendern in Junglinster wurde von Elisabeth Margue, der f\u00fcr Medien und Konnektivit\u00e4t zust\u00e4ndigen Ministerin des Premierministers, eine Lizenz f\u00fcr den Betrieb von vier Kurzwellensendern in Junglinster erteilt. Der belgische Rundfunk RADIO ONDA hat die Ausschreibung f\u00fcr die \u00dcbertragung auf folgenden Frequenzen gewonnen:\u2026","rel":"","context":"In &quot;Deutsch&quot;","block_context":{"text":"Deutsch","link":"https:\/\/www.achimbrueckner.de\/dxradio\/php\/wordpress\/?cat=1"},"img":{"alt_text":"","src":"","width":0,"height":0},"classes":[]},{"id":38419,"url":"https:\/\/www.achimbrueckner.de\/dxradio\/php\/wordpress\/?p=38419","url_meta":{"origin":34337,"position":5},"title":"Radio Dechovka &#8211; Sondersendung 31 Dezember 2022 19 Uhr UT auf 792 kHz","author":"Administrator","date":"December 31, 2022","format":false,"excerpt":"Oldschool Tesla SRV1TR Sender - Wiederbelebt und gestimmt auf Radio Dechovka 792kHz. Heute von 20 bis 21 Uhr (Lokalzeit) wird die Neujahrssendung von Radio Dechovka dar\u00fcber gesendet. Alle Radioamateure, die Berichte an die Radio-E-Mail-Adresse prani@radiodechovka.cz senden, erhalten eine besondere QSL-Karte f\u00fcr diese Sendung. Der Sender hat nat\u00fcrlich eine deutlich niedrigere\u2026","rel":"","context":"In &quot;Deutsch&quot;","block_context":{"text":"Deutsch","link":"https:\/\/www.achimbrueckner.de\/dxradio\/php\/wordpress\/?cat=1"},"img":{"alt_text":"","src":"","width":0,"height":0},"classes":[]}],"_links":{"self":[{"href":"https:\/\/www.achimbrueckner.de\/dxradio\/php\/wordpress\/index.php?rest_route=\/wp\/v2\/posts\/34337","targetHints":{"allow":["GET"]}}],"collection":[{"href":"https:\/\/www.achimbrueckner.de\/dxradio\/php\/wordpress\/index.php?rest_route=\/wp\/v2\/posts"}],"about":[{"href":"https:\/\/www.achimbrueckner.de\/dxradio\/php\/wordpress\/index.php?rest_route=\/wp\/v2\/types\/post"}],"author":[{"embeddable":true,"href":"https:\/\/www.achimbrueckner.de\/dxradio\/php\/wordpress\/index.php?rest_route=\/wp\/v2\/users\/1"}],"replies":[{"embeddable":true,"href":"https:\/\/www.achimbrueckner.de\/dxradio\/php\/wordpress\/index.php?rest_route=%2Fwp%2Fv2%2Fcomments&post=34337"}],"version-history":[{"count":0,"href":"https:\/\/www.achimbrueckner.de\/dxradio\/php\/wordpress\/index.php?rest_route=\/wp\/v2\/posts\/34337\/revisions"}],"wp:attachment":[{"href":"https:\/\/www.achimbrueckner.de\/dxradio\/php\/wordpress\/index.php?rest_route=%2Fwp%2Fv2%2Fmedia&parent=34337"}],"wp:term":[{"taxonomy":"category","embeddable":true,"href":"https:\/\/www.achimbrueckner.de\/dxradio\/php\/wordpress\/index.php?rest_route=%2Fwp%2Fv2%2Fcategories&post=34337"},{"taxonomy":"post_tag","embeddable":true,"href":"https:\/\/www.achimbrueckner.de\/dxradio\/php\/wordpress\/index.php?rest_route=%2Fwp%2Fv2%2Ftags&post=34337"}],"curies":[{"name":"wp","href":"https:\/\/api.w.org\/{rel}","templated":true}]}}