{"id":34347,"date":"2022-01-04T16:03:54","date_gmt":"2022-01-04T16:03:54","guid":{"rendered":"https:\/\/www.achimbrueckner.de\/dxradio\/php\/wordpress\/?p=34347"},"modified":"2022-01-04T16:03:54","modified_gmt":"2022-01-04T16:03:54","slug":"bbc-wird-100-jahre-alt-und-feiert-mit-ausstellungen-im-internet","status":"publish","type":"post","link":"https:\/\/www.achimbrueckner.de\/dxradio\/php\/wordpress\/?p=34347","title":{"rendered":"BBC wird 100 Jahre alt und feiert mit Ausstellungen im Internet"},"content":{"rendered":"<p><a href=\"https:\/\/www.rnd.de\/medien\/bbc-wird-100-jahre-alt-und-feiert-mit-ausstellungen-im-internet-BH3NFHWACKZBUSN4IFL3HXSTRE.html\" rel=\"noopener\" target=\"_blank\">https:\/\/www.rnd.de\/medien\/bbc-wird-100-jahre-alt-und-feiert-mit-ausstellungen-im-internet-BH3NFHWACKZBUSN4IFL3HXSTRE.html<\/a><\/p>\n","protected":false},"excerpt":{"rendered":"<p>https:\/\/www.rnd.de\/medien\/bbc-wird-100-jahre-alt-und-feiert-mit-ausstellungen-im-internet-BH3NFHWACKZBUSN4IFL3HXSTRE.html<\/p>\n","protected":false},"author":1,"featured_media":0,"comment_status":"closed","ping_status":"open","sticky":false,"template":"","format":"standard","meta":{"_jetpack_memberships_contains_paid_content":false,"footnotes":"","jetpack_publicize_message":"","jetpack_publicize_feature_enabled":true,"jetpack_social_post_already_shared":true,"jetpack_social_options":{"image_generator_settings":{"template":"highway","default_image_id":0,"font":"","enabled":false},"version":2}},"categories":[1],"tags":[],"class_list":["post-34347","post","type-post","status-publish","format-standard","hentry","category-deutsch"],"jetpack_publicize_connections":[],"jetpack_featured_media_url":"","jetpack_sharing_enabled":true,"jetpack_shortlink":"https:\/\/wp.me\/p5CDmr-8VZ","jetpack-related-posts":[{"id":33317,"url":"https:\/\/www.achimbrueckner.de\/dxradio\/php\/wordpress\/?p=33317","url_meta":{"origin":34347,"position":0},"title":"Bremen NEXT wird 5 Jahre und feiert im Radio mit seiner Community","author":"Administrator","date":"August 12, 2021","format":false,"excerpt":"https:\/\/www.radiowoche.de\/bremen-next-wird-5-jahre-und-feiert-im-radio-mit-seiner-community\/","rel":"","context":"In &quot;Deutsch&quot;","block_context":{"text":"Deutsch","link":"https:\/\/www.achimbrueckner.de\/dxradio\/php\/wordpress\/?cat=1"},"img":{"alt_text":"","src":"","width":0,"height":0},"classes":[]},{"id":34321,"url":"https:\/\/www.achimbrueckner.de\/dxradio\/php\/wordpress\/?p=34321","url_meta":{"origin":34347,"position":1},"title":"BBC wird 100 Jahre alt: &#8220;Digitales Museum&#8221; zum runden Geburtstag","author":"Administrator","date":"January 3, 2022","format":false,"excerpt":"https:\/\/www.heise.de\/news\/BBC-wird-100-Jahre-alt-Digitales-Museum-zum-runden-Geburtstag-6316424.html","rel":"","context":"In &quot;Deutsch&quot;","block_context":{"text":"Deutsch","link":"https:\/\/www.achimbrueckner.de\/dxradio\/php\/wordpress\/?cat=1"},"img":{"alt_text":"","src":"","width":0,"height":0},"classes":[]},{"id":24853,"url":"https:\/\/www.achimbrueckner.de\/dxradio\/php\/wordpress\/?p=24853","url_meta":{"origin":34347,"position":2},"title":"Radio Festival","author":"Administrator","date":"September 18, 2019","format":false,"excerpt":"die heutige Ausgabe der Bremerhavener Nordsee-Zeitung k\u00fcndigt f\u00fcr kommendes Wochenende ein dreit\u00e4giges Radio Festival im Deutschen Schifffahrtsmuseum (DSM) am Hans-Scharoun-Platz 1, in 27568 Bremerhaven an. Die \u00d6ffnungszeiten: Fr. 20.9. 1700 \u2013 2200 Uhr, Sa. 21.9. 1500 \u2013 2200 Uhr, So. 22.9. 1000 \u2013 1500 Uhr. Im Zeitungstext hei\u00dft es u.\u2026","rel":"","context":"In &quot;Deutsch&quot;","block_context":{"text":"Deutsch","link":"https:\/\/www.achimbrueckner.de\/dxradio\/php\/wordpress\/?cat=1"},"img":{"alt_text":"","src":"","width":0,"height":0},"classes":[]},{"id":1135,"url":"https:\/\/www.achimbrueckner.de\/dxradio\/php\/wordpress\/?p=1135","url_meta":{"origin":34347,"position":3},"title":"DARC Tag der offenen T\u00fcr","author":"Administrator","date":"September 9, 2010","format":false,"excerpt":"18. September: Kommen Sie zum Tag der offenen T\u00fcr nach Baunatal! ---------------------------------------------------------------- Am Samstag, dem 18. September, ab 10 Uhr sind alle Mitglieder und Freunde des DARC e.V. eingeladen, das Amateurfunkzentrum in Baunatal zu besuchen. Gemeinsam mit Ihnen feiern wir das 60-j\u00e4hrige Bestehen des Bundesverbandes. Der Tag bietet Gelegenheit, die\u2026","rel":"","context":"In &quot;camps&quot;","block_context":{"text":"camps","link":"https:\/\/www.achimbrueckner.de\/dxradio\/php\/wordpress\/?cat=5"},"img":{"alt_text":"","src":"","width":0,"height":0},"classes":[]},{"id":5032,"url":"https:\/\/www.achimbrueckner.de\/dxradio\/php\/wordpress\/?p=5032","url_meta":{"origin":34347,"position":4},"title":"FM Kompakt feiert Jubil\u00e4um &#8211; 30 Jahre FMK &#8211; 1985 bis 2015","author":"Administrator","date":"June 27, 2015","format":false,"excerpt":"FM Kompakt feiert Jubil\u00e4um - 30 Jahre FMK - 1985 bis 2015 Die erste Ausgabe erschien im Juli 1985 - damals noch unter dem Namen \"FM\/-KW und Kabelnews\" - Anf\u00e4nglich versendete ich das Infoblatt an ca. 10 Interessenten - im Lauf der Jahre hatte FM Kompakt dann \u00fcber 30 Abonennten.\u2026","rel":"","context":"In &quot;Deutsch&quot;","block_context":{"text":"Deutsch","link":"https:\/\/www.achimbrueckner.de\/dxradio\/php\/wordpress\/?cat=1"},"img":{"alt_text":"","src":"","width":0,"height":0},"classes":[]},{"id":7044,"url":"https:\/\/www.achimbrueckner.de\/dxradio\/php\/wordpress\/?p=7044","url_meta":{"origin":34347,"position":5},"title":"70 Jahre Radio Bremen","author":"Administrator","date":"December 24, 2015","format":false,"excerpt":"Ein kleiner feiner Sender feiert Geburtstag: Radio Bremen ist 70 Jahre alt geworden und dazu gibt es viele historische Mitschnitte auf mehreren Sonderseiten: http:\/\/www.radiobremen.de\/unternehmen\/chronik\/index.html http:\/\/www.radiobremen.de\/unternehmen\/chronik\/siebzig-jahre102.html Info via A-DX","rel":"","context":"In &quot;Deutsch&quot;","block_context":{"text":"Deutsch","link":"https:\/\/www.achimbrueckner.de\/dxradio\/php\/wordpress\/?cat=1"},"img":{"alt_text":"","src":"","width":0,"height":0},"classes":[]}],"_links":{"self":[{"href":"https:\/\/www.achimbrueckner.de\/dxradio\/php\/wordpress\/index.php?rest_route=\/wp\/v2\/posts\/34347","targetHints":{"allow":["GET"]}}],"collection":[{"href":"https:\/\/www.achimbrueckner.de\/dxradio\/php\/wordpress\/index.php?rest_route=\/wp\/v2\/posts"}],"about":[{"href":"https:\/\/www.achimbrueckner.de\/dxradio\/php\/wordpress\/index.php?rest_route=\/wp\/v2\/types\/post"}],"author":[{"embeddable":true,"href":"https:\/\/www.achimbrueckner.de\/dxradio\/php\/wordpress\/index.php?rest_route=\/wp\/v2\/users\/1"}],"replies":[{"embeddable":true,"href":"https:\/\/www.achimbrueckner.de\/dxradio\/php\/wordpress\/index.php?rest_route=%2Fwp%2Fv2%2Fcomments&post=34347"}],"version-history":[{"count":0,"href":"https:\/\/www.achimbrueckner.de\/dxradio\/php\/wordpress\/index.php?rest_route=\/wp\/v2\/posts\/34347\/revisions"}],"wp:attachment":[{"href":"https:\/\/www.achimbrueckner.de\/dxradio\/php\/wordpress\/index.php?rest_route=%2Fwp%2Fv2%2Fmedia&parent=34347"}],"wp:term":[{"taxonomy":"category","embeddable":true,"href":"https:\/\/www.achimbrueckner.de\/dxradio\/php\/wordpress\/index.php?rest_route=%2Fwp%2Fv2%2Fcategories&post=34347"},{"taxonomy":"post_tag","embeddable":true,"href":"https:\/\/www.achimbrueckner.de\/dxradio\/php\/wordpress\/index.php?rest_route=%2Fwp%2Fv2%2Ftags&post=34347"}],"curies":[{"name":"wp","href":"https:\/\/api.w.org\/{rel}","templated":true}]}}