{"id":34350,"date":"2022-01-04T16:20:47","date_gmt":"2022-01-04T16:20:47","guid":{"rendered":"https:\/\/www.achimbrueckner.de\/dxradio\/php\/wordpress\/?p=34350"},"modified":"2022-01-04T16:20:47","modified_gmt":"2022-01-04T16:20:47","slug":"samsung-tv-fernbedienung-uber-wlan-aufladen","status":"publish","type":"post","link":"https:\/\/www.achimbrueckner.de\/dxradio\/php\/wordpress\/?p=34350","title":{"rendered":"Samsung: TV-Fernbedienung \u00fcber WLAN aufladen"},"content":{"rendered":"<p><a href=\"https:\/\/www.teltarif.de\/samsung-eco-remote-control\/news\/86803.html\" rel=\"noopener\" target=\"_blank\">https:\/\/www.teltarif.de\/samsung-eco-remote-control\/news\/86803.html<\/a><\/p>\n","protected":false},"excerpt":{"rendered":"<p>https:\/\/www.teltarif.de\/samsung-eco-remote-control\/news\/86803.html<\/p>\n","protected":false},"author":1,"featured_media":0,"comment_status":"closed","ping_status":"open","sticky":false,"template":"","format":"standard","meta":{"_jetpack_memberships_contains_paid_content":false,"footnotes":"","jetpack_publicize_message":"","jetpack_publicize_feature_enabled":true,"jetpack_social_post_already_shared":true,"jetpack_social_options":{"image_generator_settings":{"template":"highway","default_image_id":0,"font":"","enabled":false},"version":2}},"categories":[1],"tags":[],"class_list":["post-34350","post","type-post","status-publish","format-standard","hentry","category-deutsch"],"jetpack_publicize_connections":[],"jetpack_featured_media_url":"","jetpack_sharing_enabled":true,"jetpack_shortlink":"https:\/\/wp.me\/p5CDmr-8W2","jetpack-related-posts":[{"id":18202,"url":"https:\/\/www.achimbrueckner.de\/dxradio\/php\/wordpress\/?p=18202","url_meta":{"origin":34350,"position":0},"title":"Fernbedienung ad\u00e9! TV-Sprachsteuerung kommt noch 2018","author":"Administrator","date":"June 13, 2018","format":false,"excerpt":"https:\/\/www.teltarif.de\/anga-com-personalisierte-werbung-adressable-tv-sprachsteuerung-waipu-tv\/news\/72951.html","rel":"","context":"In &quot;Deutsch&quot;","block_context":{"text":"Deutsch","link":"https:\/\/www.achimbrueckner.de\/dxradio\/php\/wordpress\/?cat=1"},"img":{"alt_text":"","src":"","width":0,"height":0},"classes":[]},{"id":925,"url":"https:\/\/www.achimbrueckner.de\/dxradio\/php\/wordpress\/?p=925","url_meta":{"origin":34350,"position":1},"title":"Portables WLAN-Radio","author":"Administrator","date":"February 24, 2010","format":false,"excerpt":"Teltarif berichtet \u00fcber ein portables WLAN-Radio erh\u00e4ltlich ab M\u00e4rz: http:\/\/www.teltarif.de\/wlan-internet-radio-worldstream-go\/news\/37726.html Info via Net-Radio","rel":"","context":"In &quot;Deutsch&quot;","block_context":{"text":"Deutsch","link":"https:\/\/www.achimbrueckner.de\/dxradio\/php\/wordpress\/?cat=1"},"img":{"alt_text":"","src":"","width":0,"height":0},"classes":[]},{"id":20908,"url":"https:\/\/www.achimbrueckner.de\/dxradio\/php\/wordpress\/?p=20908","url_meta":{"origin":34350,"position":2},"title":"Smarte Lautsprecher: Warten auf Microsoft und Samsung","author":"Administrator","date":"January 13, 2019","format":false,"excerpt":"https:\/\/www.teltarif.de\/alexa-echo-amazon-cortana-google\/news\/75276.html","rel":"","context":"In &quot;Deutsch&quot;","block_context":{"text":"Deutsch","link":"https:\/\/www.achimbrueckner.de\/dxradio\/php\/wordpress\/?cat=1"},"img":{"alt_text":"","src":"","width":0,"height":0},"classes":[]},{"id":40055,"url":"https:\/\/www.achimbrueckner.de\/dxradio\/php\/wordpress\/?p=40055","url_meta":{"origin":34350,"position":3},"title":"IFA 2023: Diese Produkt-Highlights erwarten die Besucher","author":"Administrator","date":"August 24, 2023","format":false,"excerpt":"https:\/\/www.teltarif.de\/ifa-2023-neuheiten-samsung-lg\/news\/92839.html","rel":"","context":"In &quot;Deutsch&quot;","block_context":{"text":"Deutsch","link":"https:\/\/www.achimbrueckner.de\/dxradio\/php\/wordpress\/?cat=1"},"img":{"alt_text":"","src":"","width":0,"height":0},"classes":[]},{"id":16189,"url":"https:\/\/www.achimbrueckner.de\/dxradio\/php\/wordpress\/?p=16189","url_meta":{"origin":34350,"position":4},"title":"Samsung will UKW-Chip im Galaxy S9 freischalten","author":"Administrator","date":"January 17, 2018","format":false,"excerpt":"https:\/\/www.teltarif.de\/radio-smartphone-ukw-dab-plus\/news\/71363.html","rel":"","context":"In &quot;Deutsch&quot;","block_context":{"text":"Deutsch","link":"https:\/\/www.achimbrueckner.de\/dxradio\/php\/wordpress\/?cat=1"},"img":{"alt_text":"","src":"","width":0,"height":0},"classes":[]},{"id":40178,"url":"https:\/\/www.achimbrueckner.de\/dxradio\/php\/wordpress\/?p=40178","url_meta":{"origin":34350,"position":5},"title":"TV als Radio: 19  Millionen nutzen H\u00f6rfunk \u00fcber Smart-TV","author":"Administrator","date":"September 20, 2023","format":false,"excerpt":"https:\/\/www.teltarif.de\/smart-tv-radio-online-audio-monitor-2023\/news\/93102.html","rel":"","context":"In &quot;Deutsch&quot;","block_context":{"text":"Deutsch","link":"https:\/\/www.achimbrueckner.de\/dxradio\/php\/wordpress\/?cat=1"},"img":{"alt_text":"","src":"","width":0,"height":0},"classes":[]}],"_links":{"self":[{"href":"https:\/\/www.achimbrueckner.de\/dxradio\/php\/wordpress\/index.php?rest_route=\/wp\/v2\/posts\/34350","targetHints":{"allow":["GET"]}}],"collection":[{"href":"https:\/\/www.achimbrueckner.de\/dxradio\/php\/wordpress\/index.php?rest_route=\/wp\/v2\/posts"}],"about":[{"href":"https:\/\/www.achimbrueckner.de\/dxradio\/php\/wordpress\/index.php?rest_route=\/wp\/v2\/types\/post"}],"author":[{"embeddable":true,"href":"https:\/\/www.achimbrueckner.de\/dxradio\/php\/wordpress\/index.php?rest_route=\/wp\/v2\/users\/1"}],"replies":[{"embeddable":true,"href":"https:\/\/www.achimbrueckner.de\/dxradio\/php\/wordpress\/index.php?rest_route=%2Fwp%2Fv2%2Fcomments&post=34350"}],"version-history":[{"count":0,"href":"https:\/\/www.achimbrueckner.de\/dxradio\/php\/wordpress\/index.php?rest_route=\/wp\/v2\/posts\/34350\/revisions"}],"wp:attachment":[{"href":"https:\/\/www.achimbrueckner.de\/dxradio\/php\/wordpress\/index.php?rest_route=%2Fwp%2Fv2%2Fmedia&parent=34350"}],"wp:term":[{"taxonomy":"category","embeddable":true,"href":"https:\/\/www.achimbrueckner.de\/dxradio\/php\/wordpress\/index.php?rest_route=%2Fwp%2Fv2%2Fcategories&post=34350"},{"taxonomy":"post_tag","embeddable":true,"href":"https:\/\/www.achimbrueckner.de\/dxradio\/php\/wordpress\/index.php?rest_route=%2Fwp%2Fv2%2Ftags&post=34350"}],"curies":[{"name":"wp","href":"https:\/\/api.w.org\/{rel}","templated":true}]}}