{"id":34401,"date":"2022-01-12T17:11:17","date_gmt":"2022-01-12T17:11:17","guid":{"rendered":"https:\/\/www.achimbrueckner.de\/dxradio\/php\/wordpress\/?p=34401"},"modified":"2022-01-12T17:11:17","modified_gmt":"2022-01-12T17:11:17","slug":"youtube-muss-kanal-von-achse-des-guten-wieder-freischalten","status":"publish","type":"post","link":"https:\/\/www.achimbrueckner.de\/dxradio\/php\/wordpress\/?p=34401","title":{"rendered":"YouTube muss Kanal von \u201eAchse des Guten\u201c wieder freischalten"},"content":{"rendered":"<p><a href=\"https:\/\/meedia.de\/2022\/01\/12\/youtube-muss-kanal-von-achse-des-guten-wieder-freischalten\/\" rel=\"noopener\" target=\"_blank\">https:\/\/meedia.de\/2022\/01\/12\/youtube-muss-kanal-von-achse-des-guten-wieder-freischalten\/<\/a><\/p>\n","protected":false},"excerpt":{"rendered":"<p>https:\/\/meedia.de\/2022\/01\/12\/youtube-muss-kanal-von-achse-des-guten-wieder-freischalten\/<\/p>\n","protected":false},"author":1,"featured_media":0,"comment_status":"closed","ping_status":"open","sticky":false,"template":"","format":"standard","meta":{"_jetpack_memberships_contains_paid_content":false,"footnotes":"","jetpack_publicize_message":"","jetpack_publicize_feature_enabled":true,"jetpack_social_post_already_shared":true,"jetpack_social_options":{"image_generator_settings":{"template":"highway","default_image_id":0,"font":"","enabled":false},"version":2}},"categories":[1],"tags":[],"class_list":["post-34401","post","type-post","status-publish","format-standard","hentry","category-deutsch"],"jetpack_publicize_connections":[],"jetpack_featured_media_url":"","jetpack_sharing_enabled":true,"jetpack_shortlink":"https:\/\/wp.me\/p5CDmr-8WR","jetpack-related-posts":[{"id":31874,"url":"https:\/\/www.achimbrueckner.de\/dxradio\/php\/wordpress\/?p=31874","url_meta":{"origin":34401,"position":0},"title":"Als die \u201eAchse des Guten\u201c von Spotify verschwand","author":"Administrator","date":"February 3, 2021","format":false,"excerpt":"https:\/\/meedia.de\/2021\/02\/03\/als-die-achse-des-guten-von-spotify-verschwand\/?utm_source=dlvr.it&utm_medium=facebook","rel":"","context":"In &quot;Deutsch&quot;","block_context":{"text":"Deutsch","link":"https:\/\/www.achimbrueckner.de\/dxradio\/php\/wordpress\/?cat=1"},"img":{"alt_text":"","src":"","width":0,"height":0},"classes":[]},{"id":16189,"url":"https:\/\/www.achimbrueckner.de\/dxradio\/php\/wordpress\/?p=16189","url_meta":{"origin":34401,"position":1},"title":"Samsung will UKW-Chip im Galaxy S9 freischalten","author":"Administrator","date":"January 17, 2018","format":false,"excerpt":"https:\/\/www.teltarif.de\/radio-smartphone-ukw-dab-plus\/news\/71363.html","rel":"","context":"In &quot;Deutsch&quot;","block_context":{"text":"Deutsch","link":"https:\/\/www.achimbrueckner.de\/dxradio\/php\/wordpress\/?cat=1"},"img":{"alt_text":"","src":"","width":0,"height":0},"classes":[]},{"id":1148,"url":"https:\/\/www.achimbrueckner.de\/dxradio\/php\/wordpress\/?p=1148","url_meta":{"origin":34401,"position":2},"title":"Pappradio fertig","author":"Administrator","date":"September 18, 2010","format":false,"excerpt":"Lange hat es ja gedauert,endlich sind wir so weit, dass wir die Bestellseite f\u00fcr das neue Pappradio freischalten k\u00f6nnen. Ab sofort kann man vorbestellen, wir brauchen aber noch etwa 4 Wochen Lieferzeit, damit alle Bauteile beim Best\u00fccker ankommen und ihren Platz auf der Platine finden. www.pappradio.de Info via A-DX","rel":"","context":"In &quot;Deutsch&quot;","block_context":{"text":"Deutsch","link":"https:\/\/www.achimbrueckner.de\/dxradio\/php\/wordpress\/?cat=1"},"img":{"alt_text":"","src":"","width":0,"height":0},"classes":[]},{"id":41777,"url":"https:\/\/www.achimbrueckner.de\/dxradio\/php\/wordpress\/?p=41777","url_meta":{"origin":34401,"position":3},"title":"RTL 102.5 muss sparen: Nonstop-Musik auf dem Classic Hits Kanal","author":"Administrator","date":"October 7, 2024","format":false,"excerpt":"https:\/\/www.radioblog.eu\/2024\/10\/07\/rtl-102-5-muss-sparen-nonstop-musik-auf-dem-classic-hits-kanal\/","rel":"","context":"In &quot;Deutsch&quot;","block_context":{"text":"Deutsch","link":"https:\/\/www.achimbrueckner.de\/dxradio\/php\/wordpress\/?cat=1"},"img":{"alt_text":"","src":"","width":0,"height":0},"classes":[]},{"id":32753,"url":"https:\/\/www.achimbrueckner.de\/dxradio\/php\/wordpress\/?p=32753","url_meta":{"origin":34401,"position":4},"title":"Desinformation Youtube l\u00f6scht Kanal von Stuttgarter Querdenkern","author":"Administrator","date":"May 26, 2021","format":false,"excerpt":"https:\/\/netzpolitik.org\/2021\/desinformation-youtube-loescht-kanal-von-stuttgarter-querdenkern\/","rel":"","context":"In &quot;Deutsch&quot;","block_context":{"text":"Deutsch","link":"https:\/\/www.achimbrueckner.de\/dxradio\/php\/wordpress\/?cat=1"},"img":{"alt_text":"","src":"","width":0,"height":0},"classes":[]},{"id":24716,"url":"https:\/\/www.achimbrueckner.de\/dxradio\/php\/wordpress\/?p=24716","url_meta":{"origin":34401,"position":5},"title":"Videoreportage der Antenneninstallation auf der Rigi Scheidegg von Fr\u00e9d\u00e9ric, HB9CQK auf unserem YouTube-Kanal verf\u00fcgbar","author":"Administrator","date":"September 10, 2019","format":false,"excerpt":"https:\/\/www.lutz-electronics.ch\/news\/videoreportage-der-antenneninstallation-auf-der-rigi-scheidegg-von-frederic-hb9cqk-auf-unserem-youtube-kanal-verfuegbar\/","rel":"","context":"In &quot;Deutsch&quot;","block_context":{"text":"Deutsch","link":"https:\/\/www.achimbrueckner.de\/dxradio\/php\/wordpress\/?cat=1"},"img":{"alt_text":"","src":"","width":0,"height":0},"classes":[]}],"_links":{"self":[{"href":"https:\/\/www.achimbrueckner.de\/dxradio\/php\/wordpress\/index.php?rest_route=\/wp\/v2\/posts\/34401","targetHints":{"allow":["GET"]}}],"collection":[{"href":"https:\/\/www.achimbrueckner.de\/dxradio\/php\/wordpress\/index.php?rest_route=\/wp\/v2\/posts"}],"about":[{"href":"https:\/\/www.achimbrueckner.de\/dxradio\/php\/wordpress\/index.php?rest_route=\/wp\/v2\/types\/post"}],"author":[{"embeddable":true,"href":"https:\/\/www.achimbrueckner.de\/dxradio\/php\/wordpress\/index.php?rest_route=\/wp\/v2\/users\/1"}],"replies":[{"embeddable":true,"href":"https:\/\/www.achimbrueckner.de\/dxradio\/php\/wordpress\/index.php?rest_route=%2Fwp%2Fv2%2Fcomments&post=34401"}],"version-history":[{"count":0,"href":"https:\/\/www.achimbrueckner.de\/dxradio\/php\/wordpress\/index.php?rest_route=\/wp\/v2\/posts\/34401\/revisions"}],"wp:attachment":[{"href":"https:\/\/www.achimbrueckner.de\/dxradio\/php\/wordpress\/index.php?rest_route=%2Fwp%2Fv2%2Fmedia&parent=34401"}],"wp:term":[{"taxonomy":"category","embeddable":true,"href":"https:\/\/www.achimbrueckner.de\/dxradio\/php\/wordpress\/index.php?rest_route=%2Fwp%2Fv2%2Fcategories&post=34401"},{"taxonomy":"post_tag","embeddable":true,"href":"https:\/\/www.achimbrueckner.de\/dxradio\/php\/wordpress\/index.php?rest_route=%2Fwp%2Fv2%2Ftags&post=34401"}],"curies":[{"name":"wp","href":"https:\/\/api.w.org\/{rel}","templated":true}]}}