{"id":34411,"date":"2022-01-14T15:01:03","date_gmt":"2022-01-14T15:01:03","guid":{"rendered":"https:\/\/www.achimbrueckner.de\/dxradio\/php\/wordpress\/?p=34411"},"modified":"2022-01-14T15:01:03","modified_gmt":"2022-01-14T15:01:03","slug":"neuer-radiotest-soll-jungere-zielgruppen-besser-abbilden","status":"publish","type":"post","link":"https:\/\/www.achimbrueckner.de\/dxradio\/php\/wordpress\/?p=34411","title":{"rendered":"Neuer Radiotest soll j\u00fcngere Zielgruppen besser abbilden"},"content":{"rendered":"<p><a href=\"https:\/\/www.radioszene.de\/160307\/neuer-radiotest-soll-juengere-zielgruppen-besser-abgebilden.html\" rel=\"noopener\" target=\"_blank\">https:\/\/www.radioszene.de\/160307\/neuer-radiotest-soll-juengere-zielgruppen-besser-abgebilden.html<\/a><\/p>\n","protected":false},"excerpt":{"rendered":"<p>https:\/\/www.radioszene.de\/160307\/neuer-radiotest-soll-juengere-zielgruppen-besser-abgebilden.html<\/p>\n","protected":false},"author":1,"featured_media":0,"comment_status":"closed","ping_status":"open","sticky":false,"template":"","format":"standard","meta":{"_jetpack_memberships_contains_paid_content":false,"footnotes":"","jetpack_publicize_message":"","jetpack_publicize_feature_enabled":true,"jetpack_social_post_already_shared":true,"jetpack_social_options":{"image_generator_settings":{"template":"highway","default_image_id":0,"font":"","enabled":false},"version":2}},"categories":[1],"tags":[],"class_list":["post-34411","post","type-post","status-publish","format-standard","hentry","category-deutsch"],"jetpack_publicize_connections":[],"jetpack_featured_media_url":"","jetpack_sharing_enabled":true,"jetpack_shortlink":"https:\/\/wp.me\/p5CDmr-8X1","jetpack-related-posts":[{"id":34399,"url":"https:\/\/www.achimbrueckner.de\/dxradio\/php\/wordpress\/?p=34399","url_meta":{"origin":34411,"position":0},"title":"Radiotest wird weiterentwickelt","author":"Administrator","date":"January 12, 2022","format":false,"excerpt":"https:\/\/www.radiowoche.de\/radiotest-wird-weiterentwickelt\/","rel":"","context":"In &quot;Deutsch&quot;","block_context":{"text":"Deutsch","link":"https:\/\/www.achimbrueckner.de\/dxradio\/php\/wordpress\/?cat=1"},"img":{"alt_text":"","src":"","width":0,"height":0},"classes":[]},{"id":39926,"url":"https:\/\/www.achimbrueckner.de\/dxradio\/php\/wordpress\/?p=39926","url_meta":{"origin":34411,"position":1},"title":"RadioTEST 2023: Neue H\u00f6rerzahlen in \u00d6sterreich erschienen","author":"Administrator","date":"July 28, 2023","format":false,"excerpt":"https:\/\/www.radioszene.de\/178012\/radiotest-hoererzahlen-oesterreich.html","rel":"","context":"In &quot;Deutsch&quot;","block_context":{"text":"Deutsch","link":"https:\/\/www.achimbrueckner.de\/dxradio\/php\/wordpress\/?cat=1"},"img":{"alt_text":"","src":"","width":0,"height":0},"classes":[]},{"id":43770,"url":"https:\/\/www.achimbrueckner.de\/dxradio\/php\/wordpress\/?p=43770","url_meta":{"origin":34411,"position":2},"title":"Radiotest best\u00e4tigt: DAB+ Privatradios auf Erfolgskurs","author":"Administrator","date":"September 10, 2025","format":false,"excerpt":"https:\/\/www.radioszene.de\/205953\/radiotest-dab-privatradios.html","rel":"","context":"In &quot;Deutsch&quot;","block_context":{"text":"Deutsch","link":"https:\/\/www.achimbrueckner.de\/dxradio\/php\/wordpress\/?cat=1"},"img":{"alt_text":"","src":"","width":0,"height":0},"classes":[]},{"id":34566,"url":"https:\/\/www.achimbrueckner.de\/dxradio\/php\/wordpress\/?p=34566","url_meta":{"origin":34411,"position":3},"title":"Neue H\u00f6rerzahlen in \u00d6sterreich: RADIOTEST 2021_4 ver\u00f6ffentlicht","author":"Administrator","date":"February 3, 2022","format":false,"excerpt":"https:\/\/www.radioszene.de\/160943\/radiotest-2021_4.html","rel":"","context":"In &quot;Deutsch&quot;","block_context":{"text":"Deutsch","link":"https:\/\/www.achimbrueckner.de\/dxradio\/php\/wordpress\/?cat=1"},"img":{"alt_text":"","src":"","width":0,"height":0},"classes":[]},{"id":44916,"url":"https:\/\/www.achimbrueckner.de\/dxradio\/php\/wordpress\/?p=44916","url_meta":{"origin":34411,"position":4},"title":"Radiotest 2025_4: Radio 88.6 \u00fcberholt kronehit","author":"Administrator","date":"January 29, 2026","format":false,"excerpt":"https:\/\/www.radioszene.de\/210832\/radiotest-2025_4.html","rel":"","context":"In &quot;Deutsch&quot;","block_context":{"text":"Deutsch","link":"https:\/\/www.achimbrueckner.de\/dxradio\/php\/wordpress\/?cat=1"},"img":{"alt_text":"","src":"","width":0,"height":0},"classes":[]},{"id":23970,"url":"https:\/\/www.achimbrueckner.de\/dxradio\/php\/wordpress\/?p=23970","url_meta":{"origin":34411,"position":5},"title":"H\u00f6rerzahlen in \u00d6sterreich: Radiotest 2019_2 ver\u00f6ffentlicht","author":"Administrator","date":"July 25, 2019","format":false,"excerpt":"https:\/\/www.radioszene.de\/135220\/radiotest-2019_2.html","rel":"","context":"In &quot;Deutsch&quot;","block_context":{"text":"Deutsch","link":"https:\/\/www.achimbrueckner.de\/dxradio\/php\/wordpress\/?cat=1"},"img":{"alt_text":"","src":"","width":0,"height":0},"classes":[]}],"_links":{"self":[{"href":"https:\/\/www.achimbrueckner.de\/dxradio\/php\/wordpress\/index.php?rest_route=\/wp\/v2\/posts\/34411","targetHints":{"allow":["GET"]}}],"collection":[{"href":"https:\/\/www.achimbrueckner.de\/dxradio\/php\/wordpress\/index.php?rest_route=\/wp\/v2\/posts"}],"about":[{"href":"https:\/\/www.achimbrueckner.de\/dxradio\/php\/wordpress\/index.php?rest_route=\/wp\/v2\/types\/post"}],"author":[{"embeddable":true,"href":"https:\/\/www.achimbrueckner.de\/dxradio\/php\/wordpress\/index.php?rest_route=\/wp\/v2\/users\/1"}],"replies":[{"embeddable":true,"href":"https:\/\/www.achimbrueckner.de\/dxradio\/php\/wordpress\/index.php?rest_route=%2Fwp%2Fv2%2Fcomments&post=34411"}],"version-history":[{"count":0,"href":"https:\/\/www.achimbrueckner.de\/dxradio\/php\/wordpress\/index.php?rest_route=\/wp\/v2\/posts\/34411\/revisions"}],"wp:attachment":[{"href":"https:\/\/www.achimbrueckner.de\/dxradio\/php\/wordpress\/index.php?rest_route=%2Fwp%2Fv2%2Fmedia&parent=34411"}],"wp:term":[{"taxonomy":"category","embeddable":true,"href":"https:\/\/www.achimbrueckner.de\/dxradio\/php\/wordpress\/index.php?rest_route=%2Fwp%2Fv2%2Fcategories&post=34411"},{"taxonomy":"post_tag","embeddable":true,"href":"https:\/\/www.achimbrueckner.de\/dxradio\/php\/wordpress\/index.php?rest_route=%2Fwp%2Fv2%2Ftags&post=34411"}],"curies":[{"name":"wp","href":"https:\/\/api.w.org\/{rel}","templated":true}]}}