{"id":34507,"date":"2022-01-27T17:34:21","date_gmt":"2022-01-27T17:34:21","guid":{"rendered":"https:\/\/www.achimbrueckner.de\/dxradio\/php\/wordpress\/?p=34507"},"modified":"2022-01-27T17:34:21","modified_gmt":"2022-01-27T17:34:21","slug":"aus-stettin-fur-berlin-programm-fur-die-polnische-community-geplant","status":"publish","type":"post","link":"https:\/\/www.achimbrueckner.de\/dxradio\/php\/wordpress\/?p=34507","title":{"rendered":"Aus Stettin f\u00fcr Berlin: Programm f\u00fcr die polnische Community geplant"},"content":{"rendered":"<p><a href=\"https:\/\/www.radioszene.de\/160678\/radio-yaxa-berlin-stettin-polen.html\" rel=\"noopener\" target=\"_blank\">https:\/\/www.radioszene.de\/160678\/radio-yaxa-berlin-stettin-polen.html<\/a><\/p>\n","protected":false},"excerpt":{"rendered":"<p>https:\/\/www.radioszene.de\/160678\/radio-yaxa-berlin-stettin-polen.html<\/p>\n","protected":false},"author":1,"featured_media":0,"comment_status":"closed","ping_status":"open","sticky":false,"template":"","format":"standard","meta":{"_jetpack_memberships_contains_paid_content":false,"footnotes":"","jetpack_publicize_message":"","jetpack_publicize_feature_enabled":true,"jetpack_social_post_already_shared":true,"jetpack_social_options":{"image_generator_settings":{"template":"highway","default_image_id":0,"font":"","enabled":false},"version":2}},"categories":[1],"tags":[],"class_list":["post-34507","post","type-post","status-publish","format-standard","hentry","category-deutsch"],"jetpack_publicize_connections":[],"jetpack_featured_media_url":"","jetpack_sharing_enabled":true,"jetpack_shortlink":"https:\/\/wp.me\/p5CDmr-8Yz","jetpack-related-posts":[{"id":22269,"url":"https:\/\/www.achimbrueckner.de\/dxradio\/php\/wordpress\/?p=22269","url_meta":{"origin":34507,"position":0},"title":"Radio \u201e\u00d6zg\u00fcr\u00fcz\u201c Aus Berlin f\u00fcr die T\u00fcrkei senden","author":"Administrator","date":"March 20, 2019","format":false,"excerpt":"https:\/\/www.deutschlandfunk.de\/radio-oezgueruez-aus-berlin-fuer-die-tuerkei-senden.2907.de.html?dram:article_id=444120","rel":"","context":"In &quot;Deutsch&quot;","block_context":{"text":"Deutsch","link":"https:\/\/www.achimbrueckner.de\/dxradio\/php\/wordpress\/?cat=1"},"img":{"alt_text":"","src":"","width":0,"height":0},"classes":[]},{"id":487,"url":"https:\/\/www.achimbrueckner.de\/dxradio\/php\/wordpress\/?p=487","url_meta":{"origin":34507,"position":1},"title":"KBS H\u00f6rertreffen IFA Berlin","author":"Administrator","date":"August 8, 2009","format":false,"excerpt":"KBS-H\u00f6rertreffen \"Liebe H\u00f6rerfreundin, Lieber H\u00f6rerfreund, Am 28.August 2009 ist es wieder soweit, die Internationale Funkausstellung \u00f6ffnet in Berlin ihre Pforten und aus diesem Anlass findet zum 5.Mal das KBS-H\u00f6rertreffen statt. Sehr gerne lade ich Euch zu diesem Treffen ein. Wie auch in den vergangenen Jahren stellt uns die Kulturabteilung der\u2026","rel":"","context":"In &quot;camps&quot;","block_context":{"text":"camps","link":"https:\/\/www.achimbrueckner.de\/dxradio\/php\/wordpress\/?cat=5"},"img":{"alt_text":"","src":"","width":0,"height":0},"classes":[]},{"id":10052,"url":"https:\/\/www.achimbrueckner.de\/dxradio\/php\/wordpress\/?p=10052","url_meta":{"origin":34507,"position":2},"title":"lulu.fm: Ab Oktober in Berlin &#038; Hamburg f\u00fcr die Gay-Community im Digitalradio","author":"Administrator","date":"August 23, 2016","format":false,"excerpt":"http:\/\/www.radioszene.de\/94327\/lulu-fm-ab-oktober-berlin-und-hamburg-fuer-die-gay-community-im-digitalradio.html","rel":"","context":"In &quot;Deutsch&quot;","block_context":{"text":"Deutsch","link":"https:\/\/www.achimbrueckner.de\/dxradio\/php\/wordpress\/?cat=1"},"img":{"alt_text":"","src":"","width":0,"height":0},"classes":[]},{"id":4992,"url":"https:\/\/www.achimbrueckner.de\/dxradio\/php\/wordpress\/?p=4992","url_meta":{"origin":34507,"position":3},"title":"RTL RADIO startet am 1. Juli mit neuem Programm aus Berlin","author":"Administrator","date":"June 24, 2015","format":false,"excerpt":"http:\/\/www.radioszene.de\/81107\/rtl-radio-neues-programm-berlin.html","rel":"","context":"In &quot;Deutsch&quot;","block_context":{"text":"Deutsch","link":"https:\/\/www.achimbrueckner.de\/dxradio\/php\/wordpress\/?cat=1"},"img":{"alt_text":"","src":"","width":0,"height":0},"classes":[]},{"id":164,"url":"https:\/\/www.achimbrueckner.de\/dxradio\/php\/wordpress\/?p=164","url_meta":{"origin":34507,"position":4},"title":"Neue Senderstandorte f\u00fcr Radio Polonia","author":"Administrator","date":"October 26, 2006","format":false,"excerpt":"Neue Senderstandorte f\u00fcr Radio Polonia Polskie Radio hat die Kurzwellenverbreitung seines Auslandsdienstes Radio Polonia auf dem Wege einer Ausschreibung an T-Systems vergeben, nachdem der polnische Senderbetreiber Emitel seit Jahren keine qualit\u00e4tsgerechten Ausstrahlungen mehr gew\u00e4hrleisten konnte. T-Systems wird die \u00dcbertragung der Programme von Radio Polonia mit dem Beginn der Winterzeit am\u2026","rel":"","context":"In &quot;Empfang&quot;","block_context":{"text":"Empfang","link":"https:\/\/www.achimbrueckner.de\/dxradio\/php\/wordpress\/?cat=3"},"img":{"alt_text":"","src":"","width":0,"height":0},"classes":[]},{"id":37048,"url":"https:\/\/www.achimbrueckner.de\/dxradio\/php\/wordpress\/?p=37048","url_meta":{"origin":34507,"position":5},"title":"Radio Andorra August September 2022","author":"Administrator","date":"July 22, 2022","format":false,"excerpt":"Die n\u00e4chsten beiden Sendungen \"Aus den Archiven von Radio Andorra\" sind fix geplant. Auch im August und September hei\u00dft es am ersten Samstag im Monat: Zeit, 43 Jahre alte Kassetten wieder h\u00f6rbar zu machen. Am Samstag, 06. August 2022 gestaltet Ricet Barrier eine Stunde Programm mit Chansons und Geschichten aus\u2026","rel":"","context":"In &quot;Deutsch&quot;","block_context":{"text":"Deutsch","link":"https:\/\/www.achimbrueckner.de\/dxradio\/php\/wordpress\/?cat=1"},"img":{"alt_text":"","src":"","width":0,"height":0},"classes":[]}],"_links":{"self":[{"href":"https:\/\/www.achimbrueckner.de\/dxradio\/php\/wordpress\/index.php?rest_route=\/wp\/v2\/posts\/34507","targetHints":{"allow":["GET"]}}],"collection":[{"href":"https:\/\/www.achimbrueckner.de\/dxradio\/php\/wordpress\/index.php?rest_route=\/wp\/v2\/posts"}],"about":[{"href":"https:\/\/www.achimbrueckner.de\/dxradio\/php\/wordpress\/index.php?rest_route=\/wp\/v2\/types\/post"}],"author":[{"embeddable":true,"href":"https:\/\/www.achimbrueckner.de\/dxradio\/php\/wordpress\/index.php?rest_route=\/wp\/v2\/users\/1"}],"replies":[{"embeddable":true,"href":"https:\/\/www.achimbrueckner.de\/dxradio\/php\/wordpress\/index.php?rest_route=%2Fwp%2Fv2%2Fcomments&post=34507"}],"version-history":[{"count":0,"href":"https:\/\/www.achimbrueckner.de\/dxradio\/php\/wordpress\/index.php?rest_route=\/wp\/v2\/posts\/34507\/revisions"}],"wp:attachment":[{"href":"https:\/\/www.achimbrueckner.de\/dxradio\/php\/wordpress\/index.php?rest_route=%2Fwp%2Fv2%2Fmedia&parent=34507"}],"wp:term":[{"taxonomy":"category","embeddable":true,"href":"https:\/\/www.achimbrueckner.de\/dxradio\/php\/wordpress\/index.php?rest_route=%2Fwp%2Fv2%2Fcategories&post=34507"},{"taxonomy":"post_tag","embeddable":true,"href":"https:\/\/www.achimbrueckner.de\/dxradio\/php\/wordpress\/index.php?rest_route=%2Fwp%2Fv2%2Ftags&post=34507"}],"curies":[{"name":"wp","href":"https:\/\/api.w.org\/{rel}","templated":true}]}}