{"id":34518,"date":"2022-01-28T15:54:20","date_gmt":"2022-01-28T15:54:20","guid":{"rendered":"https:\/\/www.achimbrueckner.de\/dxradio\/php\/wordpress\/?p=34518"},"modified":"2022-01-28T15:54:20","modified_gmt":"2022-01-28T15:54:20","slug":"abschied-astrit-ibros-von-radio-tirana-26-januar-2022","status":"publish","type":"post","link":"https:\/\/www.achimbrueckner.de\/dxradio\/php\/wordpress\/?p=34518","title":{"rendered":"Abschied Astrit Ibros von Radio Tirana (26. Januar 2022)"},"content":{"rendered":"<p>Abschied Astrit Ibros von Radio Tirana (26. Januar 2022):<br \/>\nLiebe H\u00f6rerinnen und liebe H\u00f6rer des deutschen Programms von Radio Tirana, liebe Leserinnen und Leser der Webseite von Radio Tirana, Es ist f\u00fcr mich gar nicht leicht, diese Abschiedszeilen an EUCH zu schreiben.Nach 42 Jahren einer ununterbrochenen Arbeit in Radio Tirana, als \u00dcbersetzer, Reporter, Journalist und Leiter von Radio Tirana International ist die Zeit gekommen, Euch \u201eLebt wohl!\u201c zu sagen. [&#8230;] Auf Wiederh\u00f6ren! Astrit Ibro <a href=\"http:\/\/rthk.agdx.de\/html\/redaktion.html\" rel=\"noopener\" target=\"_blank\">http:\/\/rthk.agdx.de\/html\/redaktion.html<\/a><\/p>\n<p>Info via A-DX auf Facebook<\/p>\n","protected":false},"excerpt":{"rendered":"<p>Abschied Astrit Ibros von Radio Tirana (26. Januar 2022): Liebe H\u00f6rerinnen und liebe H\u00f6rer des deutschen Programms von Radio Tirana, liebe Leserinnen und Leser der Webseite von Radio Tirana, Es ist f\u00fcr mich gar nicht leicht, diese Abschiedszeilen an EUCH zu schreiben.Nach 42 Jahren einer ununterbrochenen Arbeit in Radio Tirana, als \u00dcbersetzer, Reporter, Journalist und &hellip; <a href=\"https:\/\/www.achimbrueckner.de\/dxradio\/php\/wordpress\/?p=34518\" class=\"more-link\">Continue reading <span class=\"screen-reader-text\">Abschied Astrit Ibros von Radio Tirana (26. Januar 2022)<\/span><\/a><\/p>\n","protected":false},"author":1,"featured_media":0,"comment_status":"closed","ping_status":"open","sticky":false,"template":"","format":"standard","meta":{"_jetpack_memberships_contains_paid_content":false,"footnotes":"","jetpack_publicize_message":"","jetpack_publicize_feature_enabled":true,"jetpack_social_post_already_shared":true,"jetpack_social_options":{"image_generator_settings":{"template":"highway","default_image_id":0,"font":"","enabled":false},"version":2}},"categories":[1],"tags":[],"class_list":["post-34518","post","type-post","status-publish","format-standard","hentry","category-deutsch"],"jetpack_publicize_connections":[],"jetpack_featured_media_url":"","jetpack_sharing_enabled":true,"jetpack_shortlink":"https:\/\/wp.me\/p5CDmr-8YK","jetpack-related-posts":[{"id":25016,"url":"https:\/\/www.achimbrueckner.de\/dxradio\/php\/wordpress\/?p=25016","url_meta":{"origin":34518,"position":0},"title":"Interview mit Astrit Ibro bei Radio Tirana","author":"Administrator","date":"September 29, 2019","format":false,"excerpt":"https:\/\/www.youtube.com\/watch?v=Sdmvmy7aQJg&feature=youtu.be","rel":"","context":"In &quot;Deutsch&quot;","block_context":{"text":"Deutsch","link":"https:\/\/www.achimbrueckner.de\/dxradio\/php\/wordpress\/?cat=1"},"img":{"alt_text":"","src":"","width":0,"height":0},"classes":[]},{"id":2348,"url":"https:\/\/www.achimbrueckner.de\/dxradio\/php\/wordpress\/?p=2348","url_meta":{"origin":34518,"position":1},"title":"Jubil\u00e4umscontest 20 Jahre Deutschsprachiger H\u00f6rerklub von Radio Tirana (RTHK)","author":"Administrator","date":"December 10, 2012","format":false,"excerpt":"Jubil\u00e4umscontest 20 Jahre Deutschsprachiger H\u00f6rerklub von Radio Tirana (RTHK) Der Kontest besteht aus drei Teilen: I Einem Vordruck f\u00fcr vier Empfangsberichte II Einem Fragebogen zu den Sendungen von Radio Tirana (2 Seiten) III Einem Quiz mit f\u00fcnf (leichten bis einfachen) Fragen \u00fcber Albanien Einige Hinweise dazu: Auf dem ersten Vordruck\u2026","rel":"","context":"In &quot;contests&quot;","block_context":{"text":"contests","link":"https:\/\/www.achimbrueckner.de\/dxradio\/php\/wordpress\/?cat=6"},"img":{"alt_text":"","src":"","width":0,"height":0},"classes":[]},{"id":676,"url":"https:\/\/www.achimbrueckner.de\/dxradio\/php\/wordpress\/?p=676","url_meta":{"origin":34518,"position":2},"title":"Radio Tirana H\u00f6rerklubs","author":"Administrator","date":"November 5, 2009","format":false,"excerpt":"F\u00fcr die Freunde von Radio Tirana Der neue Mitglieder-Rundbrief ist verf\u00fcgbar, - Nr. 40 (November 2009) Das Faltblatt mit aktualisiertem Sendeplan ist ebenfalls verf\u00fcgbar. Alles - und noch viel mehr - auf der Web Site des Radio Tirana H\u00f6rerklubs http:\/\/www.agdx.de\/rthk\/ Info via A-DX","rel":"","context":"In &quot;links&quot;","block_context":{"text":"links","link":"https:\/\/www.achimbrueckner.de\/dxradio\/php\/wordpress\/?cat=7"},"img":{"alt_text":"","src":"","width":0,"height":0},"classes":[]},{"id":2294,"url":"https:\/\/www.achimbrueckner.de\/dxradio\/php\/wordpress\/?p=2294","url_meta":{"origin":34518,"position":3},"title":"Hier ist Radio Tirana","author":"Administrator","date":"September 11, 2012","format":false,"excerpt":"Programmhinweis aus \"H\u00f6rspiel\" Nr.2\/2012 SWR2 Feature \"Hier ist Radio Tirana ...\" Sendung am Mittwoch, 19.9. | 22.03 Uhr | SWR2 Ursendung Nachrichten aus einem unbekannten Land Von Fritz Sch\u00fctte http:\/\/www.swr.de\/swr2\/programm\/sendungen\/feature\/-\/id=659934\/sdpgid=706045\/nid=659934\/did=10176742\/1275yzk\/index.html Info via A-DX","rel":"","context":"In &quot;Deutsch&quot;","block_context":{"text":"Deutsch","link":"https:\/\/www.achimbrueckner.de\/dxradio\/php\/wordpress\/?cat=1"},"img":{"alt_text":"","src":"","width":0,"height":0},"classes":[]},{"id":2038,"url":"https:\/\/www.achimbrueckner.de\/dxradio\/php\/wordpress\/?p=2038","url_meta":{"origin":34518,"position":4},"title":"Radio Tirana H\u00f6rerklub","author":"Administrator","date":"December 12, 2011","format":false,"excerpt":"Hallo! Der Radio Tirana H\u00f6rerklub mit Neuigkeiten: Der RTHK Mitgliederrundbrief Nr. 46 (Dezember 2011) und ein neues Faltblatt sind erschienen. Beides steht \u00fcber die Web Site des Radio Tirana H\u00f6rer Klubs zum Herunterladen bereit. http:\/\/www.agdx.de\/rthk\/ Info via A-DX","rel":"","context":"In &quot;Deutsch&quot;","block_context":{"text":"Deutsch","link":"https:\/\/www.achimbrueckner.de\/dxradio\/php\/wordpress\/?cat=1"},"img":{"alt_text":"","src":"","width":0,"height":0},"classes":[]},{"id":2757,"url":"https:\/\/www.achimbrueckner.de\/dxradio\/php\/wordpress\/?p=2757","url_meta":{"origin":34518,"position":5},"title":"Auslandssender \u201eHier ist Radio Tirana\u201c","author":"Administrator","date":"November 14, 2013","format":false,"excerpt":"http:\/\/www.tagesspiegel.de\/medien\/auslandssender-hier-ist-radio-tirana\/9052800.html","rel":"","context":"In &quot;Deutsch&quot;","block_context":{"text":"Deutsch","link":"https:\/\/www.achimbrueckner.de\/dxradio\/php\/wordpress\/?cat=1"},"img":{"alt_text":"","src":"","width":0,"height":0},"classes":[]}],"_links":{"self":[{"href":"https:\/\/www.achimbrueckner.de\/dxradio\/php\/wordpress\/index.php?rest_route=\/wp\/v2\/posts\/34518","targetHints":{"allow":["GET"]}}],"collection":[{"href":"https:\/\/www.achimbrueckner.de\/dxradio\/php\/wordpress\/index.php?rest_route=\/wp\/v2\/posts"}],"about":[{"href":"https:\/\/www.achimbrueckner.de\/dxradio\/php\/wordpress\/index.php?rest_route=\/wp\/v2\/types\/post"}],"author":[{"embeddable":true,"href":"https:\/\/www.achimbrueckner.de\/dxradio\/php\/wordpress\/index.php?rest_route=\/wp\/v2\/users\/1"}],"replies":[{"embeddable":true,"href":"https:\/\/www.achimbrueckner.de\/dxradio\/php\/wordpress\/index.php?rest_route=%2Fwp%2Fv2%2Fcomments&post=34518"}],"version-history":[{"count":0,"href":"https:\/\/www.achimbrueckner.de\/dxradio\/php\/wordpress\/index.php?rest_route=\/wp\/v2\/posts\/34518\/revisions"}],"wp:attachment":[{"href":"https:\/\/www.achimbrueckner.de\/dxradio\/php\/wordpress\/index.php?rest_route=%2Fwp%2Fv2%2Fmedia&parent=34518"}],"wp:term":[{"taxonomy":"category","embeddable":true,"href":"https:\/\/www.achimbrueckner.de\/dxradio\/php\/wordpress\/index.php?rest_route=%2Fwp%2Fv2%2Fcategories&post=34518"},{"taxonomy":"post_tag","embeddable":true,"href":"https:\/\/www.achimbrueckner.de\/dxradio\/php\/wordpress\/index.php?rest_route=%2Fwp%2Fv2%2Ftags&post=34518"}],"curies":[{"name":"wp","href":"https:\/\/api.w.org\/{rel}","templated":true}]}}