{"id":34520,"date":"2022-01-28T16:07:33","date_gmt":"2022-01-28T16:07:33","guid":{"rendered":"https:\/\/www.achimbrueckner.de\/dxradio\/php\/wordpress\/?p=34520"},"modified":"2022-01-28T16:07:33","modified_gmt":"2022-01-28T16:07:33","slug":"radiopropaganda-furs-ausland-geheimsender-im-zweiten-weltkrieg","status":"publish","type":"post","link":"https:\/\/www.achimbrueckner.de\/dxradio\/php\/wordpress\/?p=34520","title":{"rendered":"Radiopropaganda f\u00fcrs Ausland \u2013 Geheimsender im Zweiten Weltkrieg"},"content":{"rendered":"<p><a href=\"https:\/\/www.swr.de\/swr2\/wissen\/radiopropaganda-fuers-ausland-geheimsender-im-zweiten-weltkrieg-swr2-wissen-archivradio-2022-01-28-100.html\" rel=\"noopener\" target=\"_blank\">https:\/\/www.swr.de\/swr2\/wissen\/radiopropaganda-fuers-ausland-geheimsender-im-zweiten-weltkrieg-swr2-wissen-archivradio-2022-01-28-100.html<\/a><\/p>\n","protected":false},"excerpt":{"rendered":"<p>https:\/\/www.swr.de\/swr2\/wissen\/radiopropaganda-fuers-ausland-geheimsender-im-zweiten-weltkrieg-swr2-wissen-archivradio-2022-01-28-100.html<\/p>\n","protected":false},"author":1,"featured_media":0,"comment_status":"closed","ping_status":"open","sticky":false,"template":"","format":"standard","meta":{"_jetpack_memberships_contains_paid_content":false,"footnotes":"","jetpack_publicize_message":"","jetpack_publicize_feature_enabled":true,"jetpack_social_post_already_shared":true,"jetpack_social_options":{"image_generator_settings":{"template":"highway","default_image_id":0,"font":"","enabled":false},"version":2}},"categories":[1],"tags":[],"class_list":["post-34520","post","type-post","status-publish","format-standard","hentry","category-deutsch"],"jetpack_publicize_connections":[],"jetpack_featured_media_url":"","jetpack_sharing_enabled":true,"jetpack_shortlink":"https:\/\/wp.me\/p5CDmr-8YM","jetpack-related-posts":[{"id":28440,"url":"https:\/\/www.achimbrueckner.de\/dxradio\/php\/wordpress\/?p=28440","url_meta":{"origin":34520,"position":0},"title":"SWR2 WISSEN: ARCHIVRADIO Radio im Zweiten Weltkrieg","author":"Administrator","date":"May 1, 2020","format":false,"excerpt":"https:\/\/www.swr.de\/swr2\/wissen\/radio-im-zweiten-weltkrieg-swr2-wissen-archivradio-2020-05-01-100.html","rel":"","context":"In &quot;Deutsch&quot;","block_context":{"text":"Deutsch","link":"https:\/\/www.achimbrueckner.de\/dxradio\/php\/wordpress\/?cat=1"},"img":{"alt_text":"","src":"","width":0,"height":0},"classes":[]},{"id":1127,"url":"https:\/\/www.achimbrueckner.de\/dxradio\/php\/wordpress\/?p=1127","url_meta":{"origin":34520,"position":1},"title":"DeutschlandRK Mittwoch, 22. September 2010","author":"Administrator","date":"September 1, 2010","format":false,"excerpt":"DeutschlandradioKultur 22.09.2010 0005Uhr MESZ Hier spricht dein liebster Feind Von Robert Weber und Falko Hennig Autorenproduktion 2009\/26'04 \"Station D.E.B.U.N.K.T.\", \"Gerrys Front\", \"Gustav Siegfried Eins\" oder \"Radio Humanit\u00c3\u00a9\" - im Zweiten Weltkrieg wurde erstmals ein Krieg im \u00c4ther gef\u00fchrt. Ein Milit\u00e4rhistoriker, ein Ohrenzeuge und alte Mitschnitte der Geheimsender erz\u00e4hlen davon. und\u2026","rel":"","context":"In &quot;Deutsch&quot;","block_context":{"text":"Deutsch","link":"https:\/\/www.achimbrueckner.de\/dxradio\/php\/wordpress\/?cat=1"},"img":{"alt_text":"","src":"","width":0,"height":0},"classes":[]},{"id":1156,"url":"https:\/\/www.achimbrueckner.de\/dxradio\/php\/wordpress\/?p=1156","url_meta":{"origin":34520,"position":2},"title":"Geheimsender","author":"Administrator","date":"September 21, 2010","format":false,"excerpt":"Mittwoch, 22.09.2010, 0:05-1:00 Uhr MESZ: Deutschlandradio Kultur bringt ein Feature \u00fcber Geheimsender im 2. Weltkrieg und anschlie\u00dfend \u00fcber den \"Deutschen Freiheitssender 904\". Ein Milit\u00e4rhistoriker, ein Ohrenzeuge und alte Mitschnitte erz\u00e4hlen davon. http:\/\/www.dradio.de\/dkultur\/programmtipp\/feature\/1266595\/ Info via Net-Radio","rel":"","context":"In &quot;Deutsch&quot;","block_context":{"text":"Deutsch","link":"https:\/\/www.achimbrueckner.de\/dxradio\/php\/wordpress\/?cat=1"},"img":{"alt_text":"","src":"","width":0,"height":0},"classes":[]},{"id":514,"url":"https:\/\/www.achimbrueckner.de\/dxradio\/php\/wordpress\/?p=514","url_meta":{"origin":34520,"position":3},"title":"Geheimsender im 2. Weltkrieg","author":"Administrator","date":"August 31, 2009","format":false,"excerpt":"WDR 5: Dienstag, 01. Sept., 10.05-10.55 Uhr \"Hier spricht Dein liebster Feind\". Vor 70 Jahren begann der 2. Weltkrieg mit dem deutschen \u00dcberfall auf Polen. Geheime Radiosender sollten die Kampfmoral des Feindes untergraben.... Info via Radioh\u00f6rerforum Auf http:\/\/www.wdr5.de\/ ist die Sendung anh\u00f6rbar. Info via A-DX","rel":"","context":"In &quot;Deutsch&quot;","block_context":{"text":"Deutsch","link":"https:\/\/www.achimbrueckner.de\/dxradio\/php\/wordpress\/?cat=1"},"img":{"alt_text":"","src":"","width":0,"height":0},"classes":[]},{"id":1149,"url":"https:\/\/www.achimbrueckner.de\/dxradio\/php\/wordpress\/?p=1149","url_meta":{"origin":34520,"position":4},"title":"H\u00f6rspiel \/ Feature Tipp: Hier spricht Dein liebster Feind","author":"Administrator","date":"September 18, 2010","format":false,"excerpt":"Deutschlandradio Kultur, 22.09.2010 um 00:05 MESZ Hier spricht dein liebster Feind Und: Der Laubfrosch hat die Farbe gewechselt Von Robert Weber und Falko Hennig \"Station D.E.B.U.N.K.T.\", \"Gerrys Front\", \"Gustav Siegfried Eins\" oder \"Radio Humanit\u00c3\u00a9\" - im II. Weltkrieg wurde erstmals ein Krieg im \u00c4ther gef\u00fchrt. Ein Milit\u00e4rhistoriker, ein Ohrenzeuge und\u2026","rel":"","context":"In &quot;Deutsch&quot;","block_context":{"text":"Deutsch","link":"https:\/\/www.achimbrueckner.de\/dxradio\/php\/wordpress\/?cat=1"},"img":{"alt_text":"","src":"","width":0,"height":0},"classes":[]},{"id":24501,"url":"https:\/\/www.achimbrueckner.de\/dxradio\/php\/wordpress\/?p=24501","url_meta":{"origin":34520,"position":5},"title":"Schw\u00e4bisch im Wandel \u2013 Das Arno-Ruoff-Archiv in T\u00fcbingen","author":"Administrator","date":"August 28, 2019","format":false,"excerpt":"https:\/\/www.swr.de\/swr2\/wissen\/SWR2-Wissen-Schwaebisch-im-Wandel,swr2-wissen-2019-08-27-100.html","rel":"","context":"In &quot;Deutsch&quot;","block_context":{"text":"Deutsch","link":"https:\/\/www.achimbrueckner.de\/dxradio\/php\/wordpress\/?cat=1"},"img":{"alt_text":"","src":"","width":0,"height":0},"classes":[]}],"_links":{"self":[{"href":"https:\/\/www.achimbrueckner.de\/dxradio\/php\/wordpress\/index.php?rest_route=\/wp\/v2\/posts\/34520","targetHints":{"allow":["GET"]}}],"collection":[{"href":"https:\/\/www.achimbrueckner.de\/dxradio\/php\/wordpress\/index.php?rest_route=\/wp\/v2\/posts"}],"about":[{"href":"https:\/\/www.achimbrueckner.de\/dxradio\/php\/wordpress\/index.php?rest_route=\/wp\/v2\/types\/post"}],"author":[{"embeddable":true,"href":"https:\/\/www.achimbrueckner.de\/dxradio\/php\/wordpress\/index.php?rest_route=\/wp\/v2\/users\/1"}],"replies":[{"embeddable":true,"href":"https:\/\/www.achimbrueckner.de\/dxradio\/php\/wordpress\/index.php?rest_route=%2Fwp%2Fv2%2Fcomments&post=34520"}],"version-history":[{"count":0,"href":"https:\/\/www.achimbrueckner.de\/dxradio\/php\/wordpress\/index.php?rest_route=\/wp\/v2\/posts\/34520\/revisions"}],"wp:attachment":[{"href":"https:\/\/www.achimbrueckner.de\/dxradio\/php\/wordpress\/index.php?rest_route=%2Fwp%2Fv2%2Fmedia&parent=34520"}],"wp:term":[{"taxonomy":"category","embeddable":true,"href":"https:\/\/www.achimbrueckner.de\/dxradio\/php\/wordpress\/index.php?rest_route=%2Fwp%2Fv2%2Fcategories&post=34520"},{"taxonomy":"post_tag","embeddable":true,"href":"https:\/\/www.achimbrueckner.de\/dxradio\/php\/wordpress\/index.php?rest_route=%2Fwp%2Fv2%2Ftags&post=34520"}],"curies":[{"name":"wp","href":"https:\/\/api.w.org\/{rel}","templated":true}]}}