{"id":34527,"date":"2022-01-30T09:01:05","date_gmt":"2022-01-30T09:01:05","guid":{"rendered":"https:\/\/www.achimbrueckner.de\/dxradio\/php\/wordpress\/?p=34527"},"modified":"2022-01-30T09:01:05","modified_gmt":"2022-01-30T09:01:05","slug":"aschendorff-medien-hat-radio-kiepenkerl-ubernommen","status":"publish","type":"post","link":"https:\/\/www.achimbrueckner.de\/dxradio\/php\/wordpress\/?p=34527","title":{"rendered":"Aschendorff Medien hat Radio Kiepenkerl \u00fcbernommen"},"content":{"rendered":"<p><a href=\"https:\/\/www.radiowoche.de\/aschendorff-medien-hat-radio-kiepenkerl-uebernommen\/\" rel=\"noopener\" target=\"_blank\">https:\/\/www.radiowoche.de\/aschendorff-medien-hat-radio-kiepenkerl-uebernommen\/<\/a><\/p>\n","protected":false},"excerpt":{"rendered":"<p>https:\/\/www.radiowoche.de\/aschendorff-medien-hat-radio-kiepenkerl-uebernommen\/<\/p>\n","protected":false},"author":1,"featured_media":0,"comment_status":"closed","ping_status":"open","sticky":false,"template":"","format":"standard","meta":{"_jetpack_memberships_contains_paid_content":false,"footnotes":"","jetpack_publicize_message":"","jetpack_publicize_feature_enabled":true,"jetpack_social_post_already_shared":true,"jetpack_social_options":{"image_generator_settings":{"template":"highway","default_image_id":0,"font":"","enabled":false},"version":2}},"categories":[1],"tags":[],"class_list":["post-34527","post","type-post","status-publish","format-standard","hentry","category-deutsch"],"jetpack_publicize_connections":[],"jetpack_featured_media_url":"","jetpack_sharing_enabled":true,"jetpack_shortlink":"https:\/\/wp.me\/p5CDmr-8YT","jetpack-related-posts":[{"id":24734,"url":"https:\/\/www.achimbrueckner.de\/dxradio\/php\/wordpress\/?p=24734","url_meta":{"origin":34527,"position":0},"title":"Radio Lippewelle Hamm, Hellweg Radio, Radio Kiepenkerl und Radio MK mit neuem Logo","author":"Administrator","date":"September 11, 2019","format":false,"excerpt":"https:\/\/www.radioszene.de\/136594\/wwr-sender-neues-logo.html","rel":"","context":"In &quot;Deutsch&quot;","block_context":{"text":"Deutsch","link":"https:\/\/www.achimbrueckner.de\/dxradio\/php\/wordpress\/?cat=1"},"img":{"alt_text":"","src":"","width":0,"height":0},"classes":[]},{"id":19976,"url":"https:\/\/www.achimbrueckner.de\/dxradio\/php\/wordpress\/?p=19976","url_meta":{"origin":34527,"position":1},"title":"Radio Neo 1 hat Anspruch auf digitale Verbreitung","author":"Administrator","date":"November 9, 2018","format":false,"excerpt":"https:\/\/www.persoenlich.com\/medien\/radio-neo-1-hat-anspruch-auf-digitale-verbreitung","rel":"","context":"In &quot;Deutsch&quot;","block_context":{"text":"Deutsch","link":"https:\/\/www.achimbrueckner.de\/dxradio\/php\/wordpress\/?cat=1"},"img":{"alt_text":"","src":"","width":0,"height":0},"classes":[]},{"id":18999,"url":"https:\/\/www.achimbrueckner.de\/dxradio\/php\/wordpress\/?p=18999","url_meta":{"origin":34527,"position":2},"title":"\u00abDas lineare Radio hat eine grossartige Zukunft vor sich\u00bb","author":"Administrator","date":"September 1, 2018","format":false,"excerpt":"https:\/\/www.persoenlich.com\/medien\/das-lineare-radio-hat-eine-grossartige-zukunft-vor-sich","rel":"","context":"In &quot;Deutsch&quot;","block_context":{"text":"Deutsch","link":"https:\/\/www.achimbrueckner.de\/dxradio\/php\/wordpress\/?cat=1"},"img":{"alt_text":"","src":"","width":0,"height":0},"classes":[]},{"id":9034,"url":"https:\/\/www.achimbrueckner.de\/dxradio\/php\/wordpress\/?p=9034","url_meta":{"origin":34527,"position":3},"title":"F\u00fcrchten Sie das Supermarkt-Radio oder Was hat das alles mit Medien zu tun?","author":"Administrator","date":"August 4, 2016","format":false,"excerpt":"https:\/\/www.l-iz.de\/leben\/gesellschaft\/2016\/08\/fuerchten-sie-das-supermarkt-radio-oder-was-hat-das-alles-mit-medien-zu-tun-146445","rel":"","context":"In &quot;Deutsch&quot;","block_context":{"text":"Deutsch","link":"https:\/\/www.achimbrueckner.de\/dxradio\/php\/wordpress\/?cat=1"},"img":{"alt_text":"","src":"","width":0,"height":0},"classes":[]},{"id":17508,"url":"https:\/\/www.achimbrueckner.de\/dxradio\/php\/wordpress\/?p=17508","url_meta":{"origin":34527,"position":4},"title":"Alle Radios von der BT-Holding \u00fcbernommen","author":"Administrator","date":"April 26, 2018","format":false,"excerpt":"http:\/\/www.horizont.net\/schweiz\/nachrichten\/AZ-Medien-Alle-Radios-von-der-BT-Holding-uebernommen-166559","rel":"","context":"In &quot;Deutsch&quot;","block_context":{"text":"Deutsch","link":"https:\/\/www.achimbrueckner.de\/dxradio\/php\/wordpress\/?cat=1"},"img":{"alt_text":"","src":"","width":0,"height":0},"classes":[]},{"id":2423,"url":"https:\/\/www.achimbrueckner.de\/dxradio\/php\/wordpress\/?p=2423","url_meta":{"origin":34527,"position":5},"title":"Radio 90elf verliert Radiorechte f\u00fcr Bundesliga","author":"Administrator","date":"March 19, 2013","format":false,"excerpt":"Hallo allerseits, heute hat die Deutsche Fu\u00dfballliga (DFL) die H\u00f6rfunk-\u00dcbertragungs-Rechte f\u00fcr die erste und zweite Bundesliga f\u00fcr die 4 Spielzeiten beginnend mit der Saison 2013\/14 neu vergeben. Den Zuschlag erhielt dabei der Fernsehsender Sport1, was bedeutet, dass Radio 90elf das Nachsehen hat. 90elf ist mit einer Reichweite von einigen Hunderttausend\u2026","rel":"","context":"In &quot;Deutsch&quot;","block_context":{"text":"Deutsch","link":"https:\/\/www.achimbrueckner.de\/dxradio\/php\/wordpress\/?cat=1"},"img":{"alt_text":"","src":"","width":0,"height":0},"classes":[]}],"_links":{"self":[{"href":"https:\/\/www.achimbrueckner.de\/dxradio\/php\/wordpress\/index.php?rest_route=\/wp\/v2\/posts\/34527","targetHints":{"allow":["GET"]}}],"collection":[{"href":"https:\/\/www.achimbrueckner.de\/dxradio\/php\/wordpress\/index.php?rest_route=\/wp\/v2\/posts"}],"about":[{"href":"https:\/\/www.achimbrueckner.de\/dxradio\/php\/wordpress\/index.php?rest_route=\/wp\/v2\/types\/post"}],"author":[{"embeddable":true,"href":"https:\/\/www.achimbrueckner.de\/dxradio\/php\/wordpress\/index.php?rest_route=\/wp\/v2\/users\/1"}],"replies":[{"embeddable":true,"href":"https:\/\/www.achimbrueckner.de\/dxradio\/php\/wordpress\/index.php?rest_route=%2Fwp%2Fv2%2Fcomments&post=34527"}],"version-history":[{"count":0,"href":"https:\/\/www.achimbrueckner.de\/dxradio\/php\/wordpress\/index.php?rest_route=\/wp\/v2\/posts\/34527\/revisions"}],"wp:attachment":[{"href":"https:\/\/www.achimbrueckner.de\/dxradio\/php\/wordpress\/index.php?rest_route=%2Fwp%2Fv2%2Fmedia&parent=34527"}],"wp:term":[{"taxonomy":"category","embeddable":true,"href":"https:\/\/www.achimbrueckner.de\/dxradio\/php\/wordpress\/index.php?rest_route=%2Fwp%2Fv2%2Fcategories&post=34527"},{"taxonomy":"post_tag","embeddable":true,"href":"https:\/\/www.achimbrueckner.de\/dxradio\/php\/wordpress\/index.php?rest_route=%2Fwp%2Fv2%2Ftags&post=34527"}],"curies":[{"name":"wp","href":"https:\/\/api.w.org\/{rel}","templated":true}]}}