{"id":3454,"date":"2014-08-25T18:22:16","date_gmt":"2014-08-25T18:22:16","guid":{"rendered":"https:\/\/www.achimbrueckner.de\/dxradio\/php\/wordpress\/?p=3454"},"modified":"2014-08-25T18:22:16","modified_gmt":"2014-08-25T18:22:16","slug":"deutsche-welle-verbreitet-nachrichten-weltweit-via-outernet","status":"publish","type":"post","link":"https:\/\/www.achimbrueckner.de\/dxradio\/php\/wordpress\/?p=3454","title":{"rendered":"Deutsche Welle verbreitet Nachrichten weltweit via \u201eOuternet\u201c"},"content":{"rendered":"<p><a href=\"http:\/\/www.radioszene.de\/71904\/deutsche-welle-verbreitet-nachrichten-weltweit-outernet.html\" target=\"_blank\">http:\/\/www.radioszene.de\/71904\/deutsche-welle-verbreitet-nachrichten-weltweit-outernet.html<\/a><\/p>\n","protected":false},"excerpt":{"rendered":"<p>http:\/\/www.radioszene.de\/71904\/deutsche-welle-verbreitet-nachrichten-weltweit-outernet.html<\/p>\n","protected":false},"author":1,"featured_media":0,"comment_status":"open","ping_status":"open","sticky":false,"template":"","format":"standard","meta":{"_jetpack_memberships_contains_paid_content":false,"footnotes":"","jetpack_publicize_message":"","jetpack_publicize_feature_enabled":true,"jetpack_social_post_already_shared":false,"jetpack_social_options":{"image_generator_settings":{"template":"highway","default_image_id":0,"font":"","enabled":false},"version":2}},"categories":[1,16],"tags":[41],"class_list":["post-3454","post","type-post","status-publish","format-standard","hentry","category-deutsch","category-radioszene","tag-radioszene"],"jetpack_publicize_connections":[],"jetpack_featured_media_url":"","jetpack_sharing_enabled":true,"jetpack_shortlink":"https:\/\/wp.me\/p5CDmr-TI","jetpack-related-posts":[{"id":8950,"url":"https:\/\/www.achimbrueckner.de\/dxradio\/php\/wordpress\/?p=8950","url_meta":{"origin":3454,"position":0},"title":"Deutsche Welle erreicht weltweit 135 Millionen Menschen","author":"Administrator","date":"July 28, 2016","format":false,"excerpt":"http:\/\/www.dw.com\/de\/deutsche-welle-erreicht-weltweit-135-millionen-menschen\/a-19431384","rel":"","context":"In &quot;Deutsch&quot;","block_context":{"text":"Deutsch","link":"https:\/\/www.achimbrueckner.de\/dxradio\/php\/wordpress\/?cat=1"},"img":{"alt_text":"","src":"","width":0,"height":0},"classes":[]},{"id":3961,"url":"https:\/\/www.achimbrueckner.de\/dxradio\/php\/wordpress\/?p=3961","url_meta":{"origin":3454,"position":1},"title":"Deutsche Welle und dpa starten neuen Fremdsprachendienst","author":"Administrator","date":"January 12, 2015","format":false,"excerpt":"http:\/\/www.radioszene.de\/75652\/deutsche-welle-und-dpa-starten-neuen-fremdsprachendienst.html","rel":"","context":"In &quot;Deutsch&quot;","block_context":{"text":"Deutsch","link":"https:\/\/www.achimbrueckner.de\/dxradio\/php\/wordpress\/?cat=1"},"img":{"alt_text":"","src":"","width":0,"height":0},"classes":[]},{"id":4052,"url":"https:\/\/www.achimbrueckner.de\/dxradio\/php\/wordpress\/?p=4052","url_meta":{"origin":3454,"position":2},"title":"Deutsche Welle trennt sich von letzter Sendeanlage","author":"Administrator","date":"February 3, 2015","format":false,"excerpt":"http:\/\/www.radioszene.de\/76706\/deutsche-welle-trennt-sich-von-letzter-sendeanlage.html","rel":"","context":"In &quot;Deutsch&quot;","block_context":{"text":"Deutsch","link":"https:\/\/www.achimbrueckner.de\/dxradio\/php\/wordpress\/?cat=1"},"img":{"alt_text":"","src":"","width":0,"height":0},"classes":[]},{"id":6728,"url":"https:\/\/www.achimbrueckner.de\/dxradio\/php\/wordpress\/?p=6728","url_meta":{"origin":3454,"position":3},"title":"Bund st\u00e4rkt Deutsche Welle: 10,5 Millionen Euro zus\u00e4tzlich f\u00fcr 2016","author":"Administrator","date":"December 3, 2015","format":false,"excerpt":"http:\/\/www.radioszene.de\/85334\/bund-staerkt-deutsche-welle-105-millionen-euro-zusaetzlich-fuer-2016.html","rel":"","context":"In &quot;Deutsch&quot;","block_context":{"text":"Deutsch","link":"https:\/\/www.achimbrueckner.de\/dxradio\/php\/wordpress\/?cat=1"},"img":{"alt_text":"","src":"","width":0,"height":0},"classes":[]},{"id":1559,"url":"https:\/\/www.achimbrueckner.de\/dxradio\/php\/wordpress\/?p=1559","url_meta":{"origin":3454,"position":4},"title":"Deutsche Welle Reform: weniger Kurzwelle, mehr Online","author":"Administrator","date":"May 18, 2011","format":false,"excerpt":"Deutsche Welle Reform: weniger Kurzwelle, mehr Online http:\/\/www.radioszene.de\/24835\/deutsche-welle-reform-ab-juli-weniger-kurzwelle-mehr-online.html","rel":"","context":"In &quot;Deutsch&quot;","block_context":{"text":"Deutsch","link":"https:\/\/www.achimbrueckner.de\/dxradio\/php\/wordpress\/?cat=1"},"img":{"alt_text":"","src":"","width":0,"height":0},"classes":[]},{"id":23622,"url":"https:\/\/www.achimbrueckner.de\/dxradio\/php\/wordpress\/?p=23622","url_meta":{"origin":3454,"position":5},"title":"Deutsche-Welle-Hochh\u00e4user in K\u00f6ln: Abriss St\u00fcck f\u00fcr St\u00fcck","author":"Administrator","date":"July 6, 2019","format":false,"excerpt":"https:\/\/www1.wdr.de\/nachrichten\/rheinland\/arbeiten-an-deutsche-welle-hochhaeusern-100.html","rel":"","context":"In &quot;Deutsch&quot;","block_context":{"text":"Deutsch","link":"https:\/\/www.achimbrueckner.de\/dxradio\/php\/wordpress\/?cat=1"},"img":{"alt_text":"","src":"","width":0,"height":0},"classes":[]}],"_links":{"self":[{"href":"https:\/\/www.achimbrueckner.de\/dxradio\/php\/wordpress\/index.php?rest_route=\/wp\/v2\/posts\/3454","targetHints":{"allow":["GET"]}}],"collection":[{"href":"https:\/\/www.achimbrueckner.de\/dxradio\/php\/wordpress\/index.php?rest_route=\/wp\/v2\/posts"}],"about":[{"href":"https:\/\/www.achimbrueckner.de\/dxradio\/php\/wordpress\/index.php?rest_route=\/wp\/v2\/types\/post"}],"author":[{"embeddable":true,"href":"https:\/\/www.achimbrueckner.de\/dxradio\/php\/wordpress\/index.php?rest_route=\/wp\/v2\/users\/1"}],"replies":[{"embeddable":true,"href":"https:\/\/www.achimbrueckner.de\/dxradio\/php\/wordpress\/index.php?rest_route=%2Fwp%2Fv2%2Fcomments&post=3454"}],"version-history":[{"count":0,"href":"https:\/\/www.achimbrueckner.de\/dxradio\/php\/wordpress\/index.php?rest_route=\/wp\/v2\/posts\/3454\/revisions"}],"wp:attachment":[{"href":"https:\/\/www.achimbrueckner.de\/dxradio\/php\/wordpress\/index.php?rest_route=%2Fwp%2Fv2%2Fmedia&parent=3454"}],"wp:term":[{"taxonomy":"category","embeddable":true,"href":"https:\/\/www.achimbrueckner.de\/dxradio\/php\/wordpress\/index.php?rest_route=%2Fwp%2Fv2%2Fcategories&post=3454"},{"taxonomy":"post_tag","embeddable":true,"href":"https:\/\/www.achimbrueckner.de\/dxradio\/php\/wordpress\/index.php?rest_route=%2Fwp%2Fv2%2Ftags&post=3454"}],"curies":[{"name":"wp","href":"https:\/\/api.w.org\/{rel}","templated":true}]}}