{"id":34555,"date":"2022-02-02T17:12:32","date_gmt":"2022-02-02T17:12:32","guid":{"rendered":"https:\/\/www.achimbrueckner.de\/dxradio\/php\/wordpress\/?p=34555"},"modified":"2022-02-02T17:12:32","modified_gmt":"2022-02-02T17:12:32","slug":"wie-alexander-popow-das-erste-radio-entwickelte","status":"publish","type":"post","link":"https:\/\/www.achimbrueckner.de\/dxradio\/php\/wordpress\/?p=34555","title":{"rendered":"Wie Alexander Popow das erste Radio entwickelte"},"content":{"rendered":"<p><a href=\"https:\/\/de.rbth.com\/geschichte\/85840-wie-alexander-popov-erste-radio-entwickelte\" rel=\"noopener\" target=\"_blank\">https:\/\/de.rbth.com\/geschichte\/85840-wie-alexander-popov-erste-radio-entwickelte<\/a><\/p>\n","protected":false},"excerpt":{"rendered":"<p>https:\/\/de.rbth.com\/geschichte\/85840-wie-alexander-popov-erste-radio-entwickelte<\/p>\n","protected":false},"author":1,"featured_media":0,"comment_status":"closed","ping_status":"open","sticky":false,"template":"","format":"standard","meta":{"_jetpack_memberships_contains_paid_content":false,"footnotes":"","jetpack_publicize_message":"","jetpack_publicize_feature_enabled":true,"jetpack_social_post_already_shared":true,"jetpack_social_options":{"image_generator_settings":{"template":"highway","default_image_id":0,"font":"","enabled":false},"version":2}},"categories":[1],"tags":[],"class_list":["post-34555","post","type-post","status-publish","format-standard","hentry","category-deutsch"],"jetpack_publicize_connections":[],"jetpack_featured_media_url":"","jetpack_sharing_enabled":true,"jetpack_shortlink":"https:\/\/wp.me\/p5CDmr-8Zl","jetpack-related-posts":[{"id":25896,"url":"https:\/\/www.achimbrueckner.de\/dxradio\/php\/wordpress\/?p=25896","url_meta":{"origin":34555,"position":0},"title":"Radiomuseum: Wie sich das Radio zum Massenmedien entwickelte","author":"Administrator","date":"November 22, 2019","format":false,"excerpt":"https:\/\/www.wp.de\/staedte\/wittgenstein\/radiomuseum-wie-sich-das-radio-zum-massenmedien-entwickelte-id227672807.html","rel":"","context":"In &quot;Deutsch&quot;","block_context":{"text":"Deutsch","link":"https:\/\/www.achimbrueckner.de\/dxradio\/php\/wordpress\/?cat=1"},"img":{"alt_text":"","src":"","width":0,"height":0},"classes":[]},{"id":34482,"url":"https:\/\/www.achimbrueckner.de\/dxradio\/php\/wordpress\/?p=34482","url_meta":{"origin":34555,"position":1},"title":"How Alexander Popov developed the first RADIO","author":"Administrator","date":"January 23, 2022","format":false,"excerpt":"https:\/\/www.rbth.com\/science-and-tech\/334672-alexander-popov-radio-inventor","rel":"","context":"In &quot;English&quot;","block_context":{"text":"English","link":"https:\/\/www.achimbrueckner.de\/dxradio\/php\/wordpress\/?cat=2"},"img":{"alt_text":"","src":"","width":0,"height":0},"classes":[]},{"id":41120,"url":"https:\/\/www.achimbrueckner.de\/dxradio\/php\/wordpress\/?p=41120","url_meta":{"origin":34555,"position":2},"title":"100 Jahre Radio, 75 Jahre BR Die erste H\u00f6rfunksendung in Bayern","author":"Administrator","date":"March 30, 2024","format":false,"excerpt":"https:\/\/www.br.de\/unternehmen\/inhalt\/organisation\/geschichte-des-br\/erste-hoerfunksendung-br-106.html","rel":"","context":"In &quot;Deutsch&quot;","block_context":{"text":"Deutsch","link":"https:\/\/www.achimbrueckner.de\/dxradio\/php\/wordpress\/?cat=1"},"img":{"alt_text":"","src":"","width":0,"height":0},"classes":[]},{"id":41062,"url":"https:\/\/www.achimbrueckner.de\/dxradio\/php\/wordpress\/?p=41062","url_meta":{"origin":34555,"position":3},"title":"Comeback f\u00fcr das erste private Radioprogramm Deutschlands: \u201eRadio Weinstrasse\u201c","author":"Administrator","date":"March 18, 2024","format":false,"excerpt":"https:\/\/www.radiowoche.de\/comeback-fuer-das-erste-private-radioprogramm-deutschlands-radio-weinstrasse\/","rel":"","context":"In &quot;Deutsch&quot;","block_context":{"text":"Deutsch","link":"https:\/\/www.achimbrueckner.de\/dxradio\/php\/wordpress\/?cat=1"},"img":{"alt_text":"","src":"","width":0,"height":0},"classes":[]},{"id":2836,"url":"https:\/\/www.achimbrueckner.de\/dxradio\/php\/wordpress\/?p=2836","url_meta":{"origin":34555,"position":4},"title":"1.Ausgabe FMK-RTI-H\u00f6rerclubmagazin","author":"Administrator","date":"January 3, 2014","format":false,"excerpt":"Liebe Radiofreunde, morgen am Samstag den 04.01.14 um 11:00 Uhr geht es los. Im Rahmen des Radio Brenner Streams (http:\/\/laut.fm\/kompakt) wird das erste \u201eFMK-RTI-H\u00f6rerclubmagazin\u201c ausgestrahlt. Mit dabei sind die H\u00f6rerclubecke des RTI-H\u00f6rerclubs, die DX-Tipps von Hans-Werner Lange und Bernd Seiser sowie Beitr\u00e4ge aus den Archiven von Kunos-Radiothek, FM Kompakt und\u2026","rel":"","context":"In &quot;Deutsch&quot;","block_context":{"text":"Deutsch","link":"https:\/\/www.achimbrueckner.de\/dxradio\/php\/wordpress\/?cat=1"},"img":{"alt_text":"","src":"","width":0,"height":0},"classes":[]},{"id":5745,"url":"https:\/\/www.achimbrueckner.de\/dxradio\/php\/wordpress\/?p=5745","url_meta":{"origin":34555,"position":5},"title":"SENDER WIRD 18 Nach schwerer Geburt entwickelte sich Radio Euskirchen pr\u00e4chtig","author":"Administrator","date":"August 30, 2015","format":false,"excerpt":"http:\/\/www.rundschau-online.de\/eifelland\/sender-wird-18-nach-schwerer-geburt-entwickelte-sich-radio-euskirchen-praechtig,16064602,31608802.html","rel":"","context":"In &quot;Deutsch&quot;","block_context":{"text":"Deutsch","link":"https:\/\/www.achimbrueckner.de\/dxradio\/php\/wordpress\/?cat=1"},"img":{"alt_text":"","src":"","width":0,"height":0},"classes":[]}],"_links":{"self":[{"href":"https:\/\/www.achimbrueckner.de\/dxradio\/php\/wordpress\/index.php?rest_route=\/wp\/v2\/posts\/34555","targetHints":{"allow":["GET"]}}],"collection":[{"href":"https:\/\/www.achimbrueckner.de\/dxradio\/php\/wordpress\/index.php?rest_route=\/wp\/v2\/posts"}],"about":[{"href":"https:\/\/www.achimbrueckner.de\/dxradio\/php\/wordpress\/index.php?rest_route=\/wp\/v2\/types\/post"}],"author":[{"embeddable":true,"href":"https:\/\/www.achimbrueckner.de\/dxradio\/php\/wordpress\/index.php?rest_route=\/wp\/v2\/users\/1"}],"replies":[{"embeddable":true,"href":"https:\/\/www.achimbrueckner.de\/dxradio\/php\/wordpress\/index.php?rest_route=%2Fwp%2Fv2%2Fcomments&post=34555"}],"version-history":[{"count":0,"href":"https:\/\/www.achimbrueckner.de\/dxradio\/php\/wordpress\/index.php?rest_route=\/wp\/v2\/posts\/34555\/revisions"}],"wp:attachment":[{"href":"https:\/\/www.achimbrueckner.de\/dxradio\/php\/wordpress\/index.php?rest_route=%2Fwp%2Fv2%2Fmedia&parent=34555"}],"wp:term":[{"taxonomy":"category","embeddable":true,"href":"https:\/\/www.achimbrueckner.de\/dxradio\/php\/wordpress\/index.php?rest_route=%2Fwp%2Fv2%2Fcategories&post=34555"},{"taxonomy":"post_tag","embeddable":true,"href":"https:\/\/www.achimbrueckner.de\/dxradio\/php\/wordpress\/index.php?rest_route=%2Fwp%2Fv2%2Ftags&post=34555"}],"curies":[{"name":"wp","href":"https:\/\/api.w.org\/{rel}","templated":true}]}}