{"id":34567,"date":"2022-02-03T15:35:47","date_gmt":"2022-02-03T15:35:47","guid":{"rendered":"https:\/\/www.achimbrueckner.de\/dxradio\/php\/wordpress\/?p=34567"},"modified":"2022-02-03T15:35:47","modified_gmt":"2022-02-03T15:35:47","slug":"voa-at-80-selling-the-religion-of-democracy-was-voice-of-americas-first-mission-statement","status":"publish","type":"post","link":"https:\/\/www.achimbrueckner.de\/dxradio\/php\/wordpress\/?p=34567","title":{"rendered":"VOA at 80: Selling \u201cthe religion of democracy\u201d was Voice of America\u2019s first mission statement"},"content":{"rendered":"<p><a href=\"https:\/\/www.bloggernews.net\/44230-2\/8\/\" rel=\"noopener\" target=\"_blank\">https:\/\/www.bloggernews.net\/44230-2\/8\/<\/a><\/p>\n","protected":false},"excerpt":{"rendered":"<p>https:\/\/www.bloggernews.net\/44230-2\/8\/<\/p>\n","protected":false},"author":1,"featured_media":0,"comment_status":"closed","ping_status":"open","sticky":false,"template":"","format":"standard","meta":{"_jetpack_memberships_contains_paid_content":false,"footnotes":"","jetpack_publicize_message":"","jetpack_publicize_feature_enabled":true,"jetpack_social_post_already_shared":true,"jetpack_social_options":{"image_generator_settings":{"template":"highway","default_image_id":0,"font":"","enabled":false},"version":2}},"categories":[2],"tags":[],"class_list":["post-34567","post","type-post","status-publish","format-standard","hentry","category-english"],"jetpack_publicize_connections":[],"jetpack_featured_media_url":"","jetpack_sharing_enabled":true,"jetpack_shortlink":"https:\/\/wp.me\/p5CDmr-8Zx","jetpack-related-posts":[{"id":17641,"url":"https:\/\/www.achimbrueckner.de\/dxradio\/php\/wordpress\/?p=17641","url_meta":{"origin":34567,"position":0},"title":"Statement on Government of Burundi\u2019s Suspension of VOA Operations","author":"Administrator","date":"May 5, 2018","format":false,"excerpt":"https:\/\/www.insidevoa.com\/a\/statement-government-burundi-suspension--voa\/4377708.html","rel":"","context":"In &quot;English&quot;","block_context":{"text":"English","link":"https:\/\/www.achimbrueckner.de\/dxradio\/php\/wordpress\/?cat=2"},"img":{"alt_text":"","src":"","width":0,"height":0},"classes":[]},{"id":29095,"url":"https:\/\/www.achimbrueckner.de\/dxradio\/php\/wordpress\/?p=29095","url_meta":{"origin":34567,"position":1},"title":"Voice of America Director Amanda Bennett Resigned Amid Accusations of Failing to Stop China and Iran Propaganda in VOA Programs","author":"Administrator","date":"June 16, 2020","format":false,"excerpt":"https:\/\/bbgwatch.com\/bbgwatch\/voice-of-america-director-amanda-bennett-resigned-amid-accusations-of-failing-to-stop-china-and-iran-propaganda-in-voa-programs\/","rel":"","context":"In &quot;English&quot;","block_context":{"text":"English","link":"https:\/\/www.achimbrueckner.de\/dxradio\/php\/wordpress\/?cat=2"},"img":{"alt_text":"","src":"","width":0,"height":0},"classes":[]},{"id":37311,"url":"https:\/\/www.achimbrueckner.de\/dxradio\/php\/wordpress\/?p=37311","url_meta":{"origin":34567,"position":2},"title":"Statement on Suspension of License of VOA Affiliate Radio Dario in Nicaragua","author":"Administrator","date":"August 21, 2022","format":false,"excerpt":"https:\/\/www.insidevoa.com\/a\/statement-on-suspension-of-license-of-voa-affiliate-radio-dario-in-nicaragua-\/6704077.html","rel":"","context":"In &quot;English&quot;","block_context":{"text":"English","link":"https:\/\/www.achimbrueckner.de\/dxradio\/php\/wordpress\/?cat=2"},"img":{"alt_text":"","src":"","width":0,"height":0},"classes":[]},{"id":908,"url":"https:\/\/www.achimbrueckner.de\/dxradio\/php\/wordpress\/?p=908","url_meta":{"origin":34567,"position":3},"title":"BBC\/DW\/VOA joint statement on iranian jamming","author":"Administrator","date":"February 12, 2010","format":false,"excerpt":"BBC, Deutsche Welle and VOA have released some sort of joint statement about Iranian satellite jamming http:\/\/news.bbc.co.uk\/2\/hi\/middle_east\/8511921.stm Info via dxld","rel":"","context":"In &quot;English&quot;","block_context":{"text":"English","link":"https:\/\/www.achimbrueckner.de\/dxradio\/php\/wordpress\/?cat=2"},"img":{"alt_text":"","src":"","width":0,"height":0},"classes":[]},{"id":1722,"url":"https:\/\/www.achimbrueckner.de\/dxradio\/php\/wordpress\/?p=1722","url_meta":{"origin":34567,"position":4},"title":"VOA Museum","author":"Administrator","date":"August 2, 2011","format":false,"excerpt":"mit einem gut 17 Minuten langen Video informiert das National Voice of America Museum of Broadcasting \u00fcber die Geschichte der Voice of America im allgemeinen und \u00fcber die Geschichte der Sendeanlage in Bethany, Ohio (n\u00f6rdlich von Cincinnati) im besonderen. Man findet das Youtube-Video mit dem Titel: \"America's Voice\" eingebettet auf\u2026","rel":"","context":"In &quot;Deutsch&quot;","block_context":{"text":"Deutsch","link":"https:\/\/www.achimbrueckner.de\/dxradio\/php\/wordpress\/?cat=1"},"img":{"alt_text":"","src":"","width":0,"height":0},"classes":[]},{"id":13595,"url":"https:\/\/www.achimbrueckner.de\/dxradio\/php\/wordpress\/?p=13595","url_meta":{"origin":34567,"position":5},"title":"Voice Of America (VoA) Signature Tune (Yankee Doodle)","author":"Administrator","date":"July 4, 2017","format":false,"excerpt":"https:\/\/www.youtube.com\/watch?v=e3d3BDF1phE","rel":"","context":"In &quot;English&quot;","block_context":{"text":"English","link":"https:\/\/www.achimbrueckner.de\/dxradio\/php\/wordpress\/?cat=2"},"img":{"alt_text":"","src":"","width":0,"height":0},"classes":[]}],"_links":{"self":[{"href":"https:\/\/www.achimbrueckner.de\/dxradio\/php\/wordpress\/index.php?rest_route=\/wp\/v2\/posts\/34567","targetHints":{"allow":["GET"]}}],"collection":[{"href":"https:\/\/www.achimbrueckner.de\/dxradio\/php\/wordpress\/index.php?rest_route=\/wp\/v2\/posts"}],"about":[{"href":"https:\/\/www.achimbrueckner.de\/dxradio\/php\/wordpress\/index.php?rest_route=\/wp\/v2\/types\/post"}],"author":[{"embeddable":true,"href":"https:\/\/www.achimbrueckner.de\/dxradio\/php\/wordpress\/index.php?rest_route=\/wp\/v2\/users\/1"}],"replies":[{"embeddable":true,"href":"https:\/\/www.achimbrueckner.de\/dxradio\/php\/wordpress\/index.php?rest_route=%2Fwp%2Fv2%2Fcomments&post=34567"}],"version-history":[{"count":0,"href":"https:\/\/www.achimbrueckner.de\/dxradio\/php\/wordpress\/index.php?rest_route=\/wp\/v2\/posts\/34567\/revisions"}],"wp:attachment":[{"href":"https:\/\/www.achimbrueckner.de\/dxradio\/php\/wordpress\/index.php?rest_route=%2Fwp%2Fv2%2Fmedia&parent=34567"}],"wp:term":[{"taxonomy":"category","embeddable":true,"href":"https:\/\/www.achimbrueckner.de\/dxradio\/php\/wordpress\/index.php?rest_route=%2Fwp%2Fv2%2Fcategories&post=34567"},{"taxonomy":"post_tag","embeddable":true,"href":"https:\/\/www.achimbrueckner.de\/dxradio\/php\/wordpress\/index.php?rest_route=%2Fwp%2Fv2%2Ftags&post=34567"}],"curies":[{"name":"wp","href":"https:\/\/api.w.org\/{rel}","templated":true}]}}