{"id":34568,"date":"2022-02-03T15:54:51","date_gmt":"2022-02-03T15:54:51","guid":{"rendered":"https:\/\/www.achimbrueckner.de\/dxradio\/php\/wordpress\/?p=34568"},"modified":"2022-02-03T15:54:51","modified_gmt":"2022-02-03T15:54:51","slug":"sendeverbot-fur-deutsche-welle-in-russland","status":"publish","type":"post","link":"https:\/\/www.achimbrueckner.de\/dxradio\/php\/wordpress\/?p=34568","title":{"rendered":"Sendeverbot f\u00fcr Deutsche Welle in Russland"},"content":{"rendered":"<p><a href=\"https:\/\/www.dw.com\/de\/sendeverbot-f%C3%BCr-deutsche-welle-in-russland\/a-60647141\" rel=\"noopener\" target=\"_blank\">https:\/\/www.dw.com\/de\/sendeverbot-f%C3%BCr-deutsche-welle-in-russland\/a-60647141<\/a><\/p>\n","protected":false},"excerpt":{"rendered":"<p>https:\/\/www.dw.com\/de\/sendeverbot-f%C3%BCr-deutsche-welle-in-russland\/a-60647141<\/p>\n","protected":false},"author":1,"featured_media":0,"comment_status":"closed","ping_status":"open","sticky":false,"template":"","format":"standard","meta":{"_jetpack_memberships_contains_paid_content":false,"footnotes":"","jetpack_publicize_message":"","jetpack_publicize_feature_enabled":true,"jetpack_social_post_already_shared":true,"jetpack_social_options":{"image_generator_settings":{"template":"highway","default_image_id":0,"font":"","enabled":false},"version":2}},"categories":[1],"tags":[],"class_list":["post-34568","post","type-post","status-publish","format-standard","hentry","category-deutsch"],"jetpack_publicize_connections":[],"jetpack_featured_media_url":"","jetpack_sharing_enabled":true,"jetpack_shortlink":"https:\/\/wp.me\/p5CDmr-8Zy","jetpack-related-posts":[{"id":34575,"url":"https:\/\/www.achimbrueckner.de\/dxradio\/php\/wordpress\/?p=34575","url_meta":{"origin":34568,"position":0},"title":"Nach Sendeverbot f\u00fcr RT DE: Deutsche Welle darf in Russland nicht mehr senden","author":"Administrator","date":"February 4, 2022","format":false,"excerpt":"https:\/\/www.heise.de\/news\/Russland-reagiert-auf-Verbot-von-RT-DE-mit-Sanktionen-gegen-Deutsche-Welle-6347363.html","rel":"","context":"In &quot;Deutsch&quot;","block_context":{"text":"Deutsch","link":"https:\/\/www.achimbrueckner.de\/dxradio\/php\/wordpress\/?cat=1"},"img":{"alt_text":"","src":"","width":0,"height":0},"classes":[]},{"id":6705,"url":"https:\/\/www.achimbrueckner.de\/dxradio\/php\/wordpress\/?p=6705","url_meta":{"origin":34568,"position":1},"title":"Bund st\u00e4rkt die Deutsche Welle: 10,5 Millionen Euro zus\u00e4tzlich f\u00fcr 2016","author":"Administrator","date":"December 1, 2015","format":false,"excerpt":"http:\/\/www.dw.com\/de\/bund-st%C3%A4rkt-die-deutsche-welle-105-millionen-euro-zus%C3%A4tzlich-f%C3%BCr-2016\/a-18886781","rel":"","context":"In &quot;Deutsch&quot;","block_context":{"text":"Deutsch","link":"https:\/\/www.achimbrueckner.de\/dxradio\/php\/wordpress\/?cat=1"},"img":{"alt_text":"","src":"","width":0,"height":0},"classes":[]},{"id":6888,"url":"https:\/\/www.achimbrueckner.de\/dxradio\/php\/wordpress\/?p=6888","url_meta":{"origin":34568,"position":2},"title":"DEUTSCHE WELLE In eigener Sache: Arabisches TV-Programm f\u00fcr Europa","author":"Administrator","date":"December 13, 2015","format":false,"excerpt":"http:\/\/www.dw.com\/de\/in-eigener-sache-arabisches-tv-programm-f%C3%BCr-europa\/a-18910603","rel":"","context":"In &quot;Deutsch&quot;","block_context":{"text":"Deutsch","link":"https:\/\/www.achimbrueckner.de\/dxradio\/php\/wordpress\/?cat=1"},"img":{"alt_text":"","src":"","width":0,"height":0},"classes":[]},{"id":17428,"url":"https:\/\/www.achimbrueckner.de\/dxradio\/php\/wordpress\/?p=17428","url_meta":{"origin":34568,"position":3},"title":"&#8220;Fakten statt Fake News, daf\u00fcr brauchen wir die Deutsche Welle&#8221;","author":"Administrator","date":"April 20, 2018","format":false,"excerpt":"http:\/\/www.dw.com\/de\/fakten-statt-fake-news-daf%C3%BCr-brauchen-wir-die-deutsche-welle\/a-43467871","rel":"","context":"In &quot;Deutsch&quot;","block_context":{"text":"Deutsch","link":"https:\/\/www.achimbrueckner.de\/dxradio\/php\/wordpress\/?cat=1"},"img":{"alt_text":"","src":"","width":0,"height":0},"classes":[]},{"id":35464,"url":"https:\/\/www.achimbrueckner.de\/dxradio\/php\/wordpress\/?p=35464","url_meta":{"origin":34568,"position":4},"title":"Deutsche Welle vor weiteren Problemen in Russland und Afghanistan","author":"Administrator","date":"March 30, 2022","format":false,"excerpt":"https:\/\/www.sueddeutsche.de\/medien\/deutsche-welle-russland-afghanistan-1.5556204","rel":"","context":"In &quot;Deutsch&quot;","block_context":{"text":"Deutsch","link":"https:\/\/www.achimbrueckner.de\/dxradio\/php\/wordpress\/?cat=1"},"img":{"alt_text":"","src":"","width":0,"height":0},"classes":[]},{"id":29238,"url":"https:\/\/www.achimbrueckner.de\/dxradio\/php\/wordpress\/?p=29238","url_meta":{"origin":34568,"position":5},"title":"Deutsche Welle weist erneute russische Vorw\u00fcrfe zur\u00fcck","author":"Administrator","date":"June 29, 2020","format":false,"excerpt":"https:\/\/www.dw.com\/de\/deutsche-welle-weist-erneute-russische-vorw%C3%BCrfe-zur%C3%BCck\/a-53928247","rel":"","context":"In &quot;Deutsch&quot;","block_context":{"text":"Deutsch","link":"https:\/\/www.achimbrueckner.de\/dxradio\/php\/wordpress\/?cat=1"},"img":{"alt_text":"","src":"","width":0,"height":0},"classes":[]}],"_links":{"self":[{"href":"https:\/\/www.achimbrueckner.de\/dxradio\/php\/wordpress\/index.php?rest_route=\/wp\/v2\/posts\/34568","targetHints":{"allow":["GET"]}}],"collection":[{"href":"https:\/\/www.achimbrueckner.de\/dxradio\/php\/wordpress\/index.php?rest_route=\/wp\/v2\/posts"}],"about":[{"href":"https:\/\/www.achimbrueckner.de\/dxradio\/php\/wordpress\/index.php?rest_route=\/wp\/v2\/types\/post"}],"author":[{"embeddable":true,"href":"https:\/\/www.achimbrueckner.de\/dxradio\/php\/wordpress\/index.php?rest_route=\/wp\/v2\/users\/1"}],"replies":[{"embeddable":true,"href":"https:\/\/www.achimbrueckner.de\/dxradio\/php\/wordpress\/index.php?rest_route=%2Fwp%2Fv2%2Fcomments&post=34568"}],"version-history":[{"count":0,"href":"https:\/\/www.achimbrueckner.de\/dxradio\/php\/wordpress\/index.php?rest_route=\/wp\/v2\/posts\/34568\/revisions"}],"wp:attachment":[{"href":"https:\/\/www.achimbrueckner.de\/dxradio\/php\/wordpress\/index.php?rest_route=%2Fwp%2Fv2%2Fmedia&parent=34568"}],"wp:term":[{"taxonomy":"category","embeddable":true,"href":"https:\/\/www.achimbrueckner.de\/dxradio\/php\/wordpress\/index.php?rest_route=%2Fwp%2Fv2%2Fcategories&post=34568"},{"taxonomy":"post_tag","embeddable":true,"href":"https:\/\/www.achimbrueckner.de\/dxradio\/php\/wordpress\/index.php?rest_route=%2Fwp%2Fv2%2Ftags&post=34568"}],"curies":[{"name":"wp","href":"https:\/\/api.w.org\/{rel}","templated":true}]}}