{"id":34593,"date":"2022-02-09T16:27:03","date_gmt":"2022-02-09T16:27:03","guid":{"rendered":"https:\/\/www.achimbrueckner.de\/dxradio\/php\/wordpress\/?p=34593"},"modified":"2022-02-09T16:27:03","modified_gmt":"2022-02-09T16:27:03","slug":"noxx-unsere-musik-wirkt-durch-kompaktheit-abfolge-und-abwechslung","status":"publish","type":"post","link":"https:\/\/www.achimbrueckner.de\/dxradio\/php\/wordpress\/?p=34593","title":{"rendered":"NOXX: \u201eUnsere Musik wirkt durch Kompaktheit, Abfolge und Abwechslung\u201c"},"content":{"rendered":"<p><a href=\"https:\/\/www.radioszene.de\/161061\/noxx-unsere-musik-wirkt-durch-kompaktheit-abfolge-und-abwechslung.html\" rel=\"noopener\" target=\"_blank\">https:\/\/www.radioszene.de\/161061\/noxx-unsere-musik-wirkt-durch-kompaktheit-abfolge-und-abwechslung.html<\/a><\/p>\n","protected":false},"excerpt":{"rendered":"<p>https:\/\/www.radioszene.de\/161061\/noxx-unsere-musik-wirkt-durch-kompaktheit-abfolge-und-abwechslung.html<\/p>\n","protected":false},"author":1,"featured_media":0,"comment_status":"closed","ping_status":"open","sticky":false,"template":"","format":"standard","meta":{"_jetpack_memberships_contains_paid_content":false,"footnotes":"","jetpack_publicize_message":"","jetpack_publicize_feature_enabled":true,"jetpack_social_post_already_shared":true,"jetpack_social_options":{"image_generator_settings":{"template":"highway","default_image_id":0,"font":"","enabled":false},"version":2}},"categories":[1],"tags":[],"class_list":["post-34593","post","type-post","status-publish","format-standard","hentry","category-deutsch"],"jetpack_publicize_connections":[],"jetpack_featured_media_url":"","jetpack_sharing_enabled":true,"jetpack_shortlink":"https:\/\/wp.me\/p5CDmr-8ZX","jetpack-related-posts":[{"id":43247,"url":"https:\/\/www.achimbrueckner.de\/dxradio\/php\/wordpress\/?p=43247","url_meta":{"origin":34593,"position":0},"title":"Bericht: NOXX soll durch Programm f\u00fcr \u00e4ltere H\u00f6rer ersetzt werden","author":"Administrator","date":"July 8, 2025","format":false,"excerpt":"https:\/\/www.radioblog.eu\/2025\/07\/07\/bericht-noxx-soll-durch-programm-fuer-aeltere-hoerer-ersetzt-werden\/","rel":"","context":"In &quot;Deutsch&quot;","block_context":{"text":"Deutsch","link":"https:\/\/www.achimbrueckner.de\/dxradio\/php\/wordpress\/?cat=1"},"img":{"alt_text":"","src":"","width":0,"height":0},"classes":[]},{"id":33784,"url":"https:\/\/www.achimbrueckner.de\/dxradio\/php\/wordpress\/?p=33784","url_meta":{"origin":34593,"position":1},"title":"Musik gegen den Mainstream: radio NRW stellt Pl\u00e4ne f\u00fcr DAB+-Programm &#8220;Noxx&#8221; vor","author":"Administrator","date":"October 14, 2021","format":false,"excerpt":"https:\/\/www.satellifax.de\/mlesen.php?id=94d4c2073593f21cb058fd2045767b9b","rel":"","context":"In &quot;Deutsch&quot;","block_context":{"text":"Deutsch","link":"https:\/\/www.achimbrueckner.de\/dxradio\/php\/wordpress\/?cat=1"},"img":{"alt_text":"","src":"","width":0,"height":0},"classes":[]},{"id":37868,"url":"https:\/\/www.achimbrueckner.de\/dxradio\/php\/wordpress\/?p=37868","url_meta":{"origin":34593,"position":2},"title":"Ike Kirchner und Matze Schmak moderieren neu bei NOXX am Morgen","author":"Administrator","date":"November 7, 2022","format":false,"excerpt":"https:\/\/www.radiowoche.de\/ike-kirchner-und-matze-schmak-moderieren-neu-bei-noxx-am-morgen\/","rel":"","context":"In &quot;Deutsch&quot;","block_context":{"text":"Deutsch","link":"https:\/\/www.achimbrueckner.de\/dxradio\/php\/wordpress\/?cat=1"},"img":{"alt_text":"","src":"","width":0,"height":0},"classes":[]},{"id":33889,"url":"https:\/\/www.achimbrueckner.de\/dxradio\/php\/wordpress\/?p=33889","url_meta":{"origin":34593,"position":3},"title":"NOXX: radio NRW startet deutschlandweit einzigartiges Musikprogramm auf DAB+","author":"Administrator","date":"October 27, 2021","format":false,"excerpt":"https:\/\/www.radioszene.de\/158454\/noxx-nrw-dab.html","rel":"","context":"In &quot;Deutsch&quot;","block_context":{"text":"Deutsch","link":"https:\/\/www.achimbrueckner.de\/dxradio\/php\/wordpress\/?cat=1"},"img":{"alt_text":"","src":"","width":0,"height":0},"classes":[]},{"id":16169,"url":"https:\/\/www.achimbrueckner.de\/dxradio\/php\/wordpress\/?p=16169","url_meta":{"origin":34593,"position":4},"title":"NOXX \u2013 das neue Nachtprogramm der NRW-Lokalradios","author":"Administrator","date":"January 14, 2018","format":false,"excerpt":"http:\/\/www.radioszene.de\/116957\/noxx-nrw-lokalradios.html","rel":"","context":"In &quot;Deutsch&quot;","block_context":{"text":"Deutsch","link":"https:\/\/www.achimbrueckner.de\/dxradio\/php\/wordpress\/?cat=1"},"img":{"alt_text":"","src":"","width":0,"height":0},"classes":[]},{"id":33887,"url":"https:\/\/www.achimbrueckner.de\/dxradio\/php\/wordpress\/?p=33887","url_meta":{"origin":34593,"position":5},"title":"NOXX startet am 2. November in NRW auf DAB+","author":"Administrator","date":"October 27, 2021","format":false,"excerpt":"https:\/\/www.radiowoche.de\/noxx-startet-am-2-november-in-nrw-auf-dab\/","rel":"","context":"In &quot;Deutsch&quot;","block_context":{"text":"Deutsch","link":"https:\/\/www.achimbrueckner.de\/dxradio\/php\/wordpress\/?cat=1"},"img":{"alt_text":"","src":"","width":0,"height":0},"classes":[]}],"_links":{"self":[{"href":"https:\/\/www.achimbrueckner.de\/dxradio\/php\/wordpress\/index.php?rest_route=\/wp\/v2\/posts\/34593","targetHints":{"allow":["GET"]}}],"collection":[{"href":"https:\/\/www.achimbrueckner.de\/dxradio\/php\/wordpress\/index.php?rest_route=\/wp\/v2\/posts"}],"about":[{"href":"https:\/\/www.achimbrueckner.de\/dxradio\/php\/wordpress\/index.php?rest_route=\/wp\/v2\/types\/post"}],"author":[{"embeddable":true,"href":"https:\/\/www.achimbrueckner.de\/dxradio\/php\/wordpress\/index.php?rest_route=\/wp\/v2\/users\/1"}],"replies":[{"embeddable":true,"href":"https:\/\/www.achimbrueckner.de\/dxradio\/php\/wordpress\/index.php?rest_route=%2Fwp%2Fv2%2Fcomments&post=34593"}],"version-history":[{"count":0,"href":"https:\/\/www.achimbrueckner.de\/dxradio\/php\/wordpress\/index.php?rest_route=\/wp\/v2\/posts\/34593\/revisions"}],"wp:attachment":[{"href":"https:\/\/www.achimbrueckner.de\/dxradio\/php\/wordpress\/index.php?rest_route=%2Fwp%2Fv2%2Fmedia&parent=34593"}],"wp:term":[{"taxonomy":"category","embeddable":true,"href":"https:\/\/www.achimbrueckner.de\/dxradio\/php\/wordpress\/index.php?rest_route=%2Fwp%2Fv2%2Fcategories&post=34593"},{"taxonomy":"post_tag","embeddable":true,"href":"https:\/\/www.achimbrueckner.de\/dxradio\/php\/wordpress\/index.php?rest_route=%2Fwp%2Fv2%2Ftags&post=34593"}],"curies":[{"name":"wp","href":"https:\/\/api.w.org\/{rel}","templated":true}]}}