{"id":34598,"date":"2022-02-10T15:45:37","date_gmt":"2022-02-10T15:45:37","guid":{"rendered":"https:\/\/www.achimbrueckner.de\/dxradio\/php\/wordpress\/?p=34598"},"modified":"2022-02-10T15:45:37","modified_gmt":"2022-02-10T15:45:37","slug":"how-z100-dominated-new-york-radio","status":"publish","type":"post","link":"https:\/\/www.achimbrueckner.de\/dxradio\/php\/wordpress\/?p=34598","title":{"rendered":"How Z100 Dominated New York Radio"},"content":{"rendered":"<p><a href=\"https:\/\/www.denofgeek.com\/movies\/how-z100-climbed-and-dominated-new-york-radio\/\" rel=\"noopener\" target=\"_blank\">https:\/\/www.denofgeek.com\/movies\/how-z100-climbed-and-dominated-new-york-radio\/<\/a><\/p>\n","protected":false},"excerpt":{"rendered":"<p>https:\/\/www.denofgeek.com\/movies\/how-z100-climbed-and-dominated-new-york-radio\/<\/p>\n","protected":false},"author":1,"featured_media":0,"comment_status":"closed","ping_status":"open","sticky":false,"template":"","format":"standard","meta":{"_jetpack_memberships_contains_paid_content":false,"footnotes":"","jetpack_publicize_message":"","jetpack_publicize_feature_enabled":true,"jetpack_social_post_already_shared":true,"jetpack_social_options":{"image_generator_settings":{"template":"highway","default_image_id":0,"font":"","enabled":false},"version":2}},"categories":[2],"tags":[],"class_list":["post-34598","post","type-post","status-publish","format-standard","hentry","category-english"],"jetpack_publicize_connections":[],"jetpack_featured_media_url":"","jetpack_sharing_enabled":true,"jetpack_shortlink":"https:\/\/wp.me\/p5CDmr-902","jetpack-related-posts":[{"id":37203,"url":"https:\/\/www.achimbrueckner.de\/dxradio\/php\/wordpress\/?p=37203","url_meta":{"origin":34598,"position":0},"title":"WHTZ Z100 New York &#8211; Z100 Launch FIRST DAY &#8211; Scott Shannon &#8211; August 2 1983 &#8211; Radio Aircheck","author":"Administrator","date":"August 4, 2022","format":false,"excerpt":"https:\/\/www.youtube.com\/watch?v=ysBT4BcDgm4","rel":"","context":"In &quot;English&quot;","block_context":{"text":"English","link":"https:\/\/www.achimbrueckner.de\/dxradio\/php\/wordpress\/?cat=2"},"img":{"alt_text":"","src":"","width":0,"height":0},"classes":[]},{"id":2570,"url":"https:\/\/www.achimbrueckner.de\/dxradio\/php\/wordpress\/?p=2570","url_meta":{"origin":34598,"position":1},"title":"Z100 wird 30: WHTZ New York feiert Geburtstag","author":"Administrator","date":"August 7, 2013","format":false,"excerpt":"Z100 wird 30: WHTZ New York feiert Geburtstag http:\/\/www.radioszene.de\/58485\/z100-wird-30-whtz-york-feiert-geburtstag.html","rel":"","context":"In &quot;Deutsch&quot;","block_context":{"text":"Deutsch","link":"https:\/\/www.achimbrueckner.de\/dxradio\/php\/wordpress\/?cat=1"},"img":{"alt_text":"","src":"","width":0,"height":0},"classes":[]},{"id":39022,"url":"https:\/\/www.achimbrueckner.de\/dxradio\/php\/wordpress\/?p=39022","url_meta":{"origin":34598,"position":2},"title":"RADIO Z100 MILANO 1350 KHz AUDIOCLIP AND QSL","author":"Administrator","date":"March 8, 2023","format":false,"excerpt":"https:\/\/swli05639fr.blogspot.com\/2023\/03\/audioclip-radio-z100-milano-1350-khz.html","rel":"","context":"In &quot;English&quot;","block_context":{"text":"English","link":"https:\/\/www.achimbrueckner.de\/dxradio\/php\/wordpress\/?cat=2"},"img":{"alt_text":"","src":"","width":0,"height":0},"classes":[]},{"id":21147,"url":"https:\/\/www.achimbrueckner.de\/dxradio\/php\/wordpress\/?p=21147","url_meta":{"origin":34598,"position":3},"title":"Radio Z100 Milan AM now on 990 kHz (ex 828)","author":"Administrator","date":"January 26, 2019","format":false,"excerpt":"https:\/\/playdxblog.blogspot.com\/2019\/01\/radio-z100-milan-am-now-on-990-khz-ex.html","rel":"","context":"In &quot;dx&quot;","block_context":{"text":"dx","link":"https:\/\/www.achimbrueckner.de\/dxradio\/php\/wordpress\/?cat=14"},"img":{"alt_text":"","src":"","width":0,"height":0},"classes":[]},{"id":38697,"url":"https:\/\/www.achimbrueckner.de\/dxradio\/php\/wordpress\/?p=38697","url_meta":{"origin":34598,"position":4},"title":"Radio Z100 Milano 1215 Khz","author":"Administrator","date":"January 26, 2023","format":false,"excerpt":"https:\/\/mediumwave.info\/2023\/01\/25\/italy-72\/","rel":"","context":"In &quot;English&quot;","block_context":{"text":"English","link":"https:\/\/www.achimbrueckner.de\/dxradio\/php\/wordpress\/?cat=2"},"img":{"alt_text":"","src":"","width":0,"height":0},"classes":[]},{"id":40245,"url":"https:\/\/www.achimbrueckner.de\/dxradio\/php\/wordpress\/?p=40245","url_meta":{"origin":34598,"position":5},"title":"Italienische Mittelwelle 29.9.23","author":"Administrator","date":"October 1, 2023","format":false,"excerpt":"Italienische Mittelwelle: 29.9.23 - 19.15-19.35 UTC herum 1188 Radio Studio X O=4-5 1350 Radio Z100 O=4 1575 R. Centrale Milano O=3-4 Centrale Milano mit ruhiger, schlager\u00e4hnlicher Musik Geh\u00f6rt habe ich die mit dem Sangean ATS 909X2 heute im Garten Von R. Calcio auf 1539 habe ich noch nichts geh\u00f6rt Info\u2026","rel":"","context":"In &quot;Deutsch&quot;","block_context":{"text":"Deutsch","link":"https:\/\/www.achimbrueckner.de\/dxradio\/php\/wordpress\/?cat=1"},"img":{"alt_text":"","src":"","width":0,"height":0},"classes":[]}],"_links":{"self":[{"href":"https:\/\/www.achimbrueckner.de\/dxradio\/php\/wordpress\/index.php?rest_route=\/wp\/v2\/posts\/34598","targetHints":{"allow":["GET"]}}],"collection":[{"href":"https:\/\/www.achimbrueckner.de\/dxradio\/php\/wordpress\/index.php?rest_route=\/wp\/v2\/posts"}],"about":[{"href":"https:\/\/www.achimbrueckner.de\/dxradio\/php\/wordpress\/index.php?rest_route=\/wp\/v2\/types\/post"}],"author":[{"embeddable":true,"href":"https:\/\/www.achimbrueckner.de\/dxradio\/php\/wordpress\/index.php?rest_route=\/wp\/v2\/users\/1"}],"replies":[{"embeddable":true,"href":"https:\/\/www.achimbrueckner.de\/dxradio\/php\/wordpress\/index.php?rest_route=%2Fwp%2Fv2%2Fcomments&post=34598"}],"version-history":[{"count":0,"href":"https:\/\/www.achimbrueckner.de\/dxradio\/php\/wordpress\/index.php?rest_route=\/wp\/v2\/posts\/34598\/revisions"}],"wp:attachment":[{"href":"https:\/\/www.achimbrueckner.de\/dxradio\/php\/wordpress\/index.php?rest_route=%2Fwp%2Fv2%2Fmedia&parent=34598"}],"wp:term":[{"taxonomy":"category","embeddable":true,"href":"https:\/\/www.achimbrueckner.de\/dxradio\/php\/wordpress\/index.php?rest_route=%2Fwp%2Fv2%2Fcategories&post=34598"},{"taxonomy":"post_tag","embeddable":true,"href":"https:\/\/www.achimbrueckner.de\/dxradio\/php\/wordpress\/index.php?rest_route=%2Fwp%2Fv2%2Ftags&post=34598"}],"curies":[{"name":"wp","href":"https:\/\/api.w.org\/{rel}","templated":true}]}}