{"id":3465,"date":"2014-08-28T15:23:22","date_gmt":"2014-08-28T15:23:22","guid":{"rendered":"https:\/\/www.achimbrueckner.de\/dxradio\/php\/wordpress\/?p=3465"},"modified":"2014-08-28T15:23:22","modified_gmt":"2014-08-28T15:23:22","slug":"alle-nominierten-fur-den-deutschen-radiopreis-2014","status":"publish","type":"post","link":"https:\/\/www.achimbrueckner.de\/dxradio\/php\/wordpress\/?p=3465","title":{"rendered":"Alle Nominierten f\u00fcr den Deutschen Radiopreis 2014"},"content":{"rendered":"<p><a href=\"http:\/\/www.dwdl.de\/radioupdate\/47349\/alle_nominierten_fuer_den_deutschen_radiopreis_2014\/\" target=\"_blank\">http:\/\/www.dwdl.de\/radioupdate\/47349\/alle_nominierten_fuer_den_deutschen_radiopreis_2014\/<\/a><\/p>\n","protected":false},"excerpt":{"rendered":"<p>http:\/\/www.dwdl.de\/radioupdate\/47349\/alle_nominierten_fuer_den_deutschen_radiopreis_2014\/<\/p>\n","protected":false},"author":1,"featured_media":0,"comment_status":"open","ping_status":"open","sticky":false,"template":"","format":"standard","meta":{"_jetpack_memberships_contains_paid_content":false,"footnotes":"","jetpack_publicize_message":"","jetpack_publicize_feature_enabled":true,"jetpack_social_post_already_shared":false,"jetpack_social_options":{"image_generator_settings":{"template":"highway","default_image_id":0,"font":"","enabled":false},"version":2}},"categories":[1],"tags":[],"class_list":["post-3465","post","type-post","status-publish","format-standard","hentry","category-deutsch"],"jetpack_publicize_connections":[],"jetpack_featured_media_url":"","jetpack_sharing_enabled":true,"jetpack_shortlink":"https:\/\/wp.me\/p5CDmr-TT","jetpack-related-posts":[{"id":10379,"url":"https:\/\/www.achimbrueckner.de\/dxradio\/php\/wordpress\/?p=10379","url_meta":{"origin":3465,"position":0},"title":"Die ersten Nominierten f\u00fcr den deutschen Radiopreis","author":"Administrator","date":"September 15, 2016","format":false,"excerpt":"http:\/\/www.radioszene.de\/95320\/radiopreis-nominierte.html","rel":"","context":"In &quot;Deutsch&quot;","block_context":{"text":"Deutsch","link":"https:\/\/www.achimbrueckner.de\/dxradio\/php\/wordpress\/?cat=1"},"img":{"alt_text":"","src":"","width":0,"height":0},"classes":[]},{"id":41534,"url":"https:\/\/www.achimbrueckner.de\/dxradio\/php\/wordpress\/?p=41534","url_meta":{"origin":3465,"position":1},"title":"Die Nominierten f\u00fcr den Deutschen Radiopreis 2024 stehen fest","author":"Administrator","date":"August 1, 2024","format":false,"excerpt":"https:\/\/www.radioszene.de\/189812\/radiopreis-2024-nominierte.html","rel":"","context":"In &quot;Deutsch&quot;","block_context":{"text":"Deutsch","link":"https:\/\/www.achimbrueckner.de\/dxradio\/php\/wordpress\/?cat=1"},"img":{"alt_text":"","src":"","width":0,"height":0},"classes":[]},{"id":43566,"url":"https:\/\/www.achimbrueckner.de\/dxradio\/php\/wordpress\/?p=43566","url_meta":{"origin":3465,"position":2},"title":"Das sind die Nominierten f\u00fcr den Deutschen Radiopreis 2025","author":"Administrator","date":"August 13, 2025","format":false,"excerpt":"https:\/\/www.radioszene.de\/205229\/deutscher-radiopreis-2025-nominierungen.html","rel":"","context":"In &quot;Deutsch&quot;","block_context":{"text":"Deutsch","link":"https:\/\/www.achimbrueckner.de\/dxradio\/php\/wordpress\/?cat=1"},"img":{"alt_text":"","src":"","width":0,"height":0},"classes":[]},{"id":10898,"url":"https:\/\/www.achimbrueckner.de\/dxradio\/php\/wordpress\/?p=10898","url_meta":{"origin":3465,"position":3},"title":"\u201e1Live-Krone\u201c Das sind die Nominierten f\u00fcr den deutschen Radio-Award","author":"Administrator","date":"October 30, 2016","format":false,"excerpt":"http:\/\/www.rundschau-online.de\/medien\/-1live-krone--das-sind-die-nominierten-fuer-den-deutschen-radio-award--24998796","rel":"","context":"In &quot;Deutsch&quot;","block_context":{"text":"Deutsch","link":"https:\/\/www.achimbrueckner.de\/dxradio\/php\/wordpress\/?cat=1"},"img":{"alt_text":"","src":"","width":0,"height":0},"classes":[]},{"id":28181,"url":"https:\/\/www.achimbrueckner.de\/dxradio\/php\/wordpress\/?p=28181","url_meta":{"origin":3465,"position":4},"title":"Alle Nominierten im \u00dcberblick Rezos &#8220;Zerst\u00f6rung der CDU&#8221; f\u00fcr Nannen Preis nominiert","author":"Administrator","date":"April 17, 2020","format":false,"excerpt":"https:\/\/www.dwdl.de\/nachrichten\/77278\/rezos_zerstoerung_der_cdu_fuer_nannen_preis_nominiert\/","rel":"","context":"In &quot;Deutsch&quot;","block_context":{"text":"Deutsch","link":"https:\/\/www.achimbrueckner.de\/dxradio\/php\/wordpress\/?cat=1"},"img":{"alt_text":"","src":"","width":0,"height":0},"classes":[]},{"id":29795,"url":"https:\/\/www.achimbrueckner.de\/dxradio\/php\/wordpress\/?p=29795","url_meta":{"origin":3465,"position":5},"title":"ENERGY ist nominiert f\u00fcr den Deutschen Radiopreis 2020 in der Kategorie \u201eBeste Innovation am Morgen\u201c","author":"Administrator","date":"August 20, 2020","format":false,"excerpt":"https:\/\/www.radioszene.de\/146724\/deutscher-radiopreis-2020-energy-nominiert.html","rel":"","context":"In &quot;Deutsch&quot;","block_context":{"text":"Deutsch","link":"https:\/\/www.achimbrueckner.de\/dxradio\/php\/wordpress\/?cat=1"},"img":{"alt_text":"","src":"","width":0,"height":0},"classes":[]}],"_links":{"self":[{"href":"https:\/\/www.achimbrueckner.de\/dxradio\/php\/wordpress\/index.php?rest_route=\/wp\/v2\/posts\/3465","targetHints":{"allow":["GET"]}}],"collection":[{"href":"https:\/\/www.achimbrueckner.de\/dxradio\/php\/wordpress\/index.php?rest_route=\/wp\/v2\/posts"}],"about":[{"href":"https:\/\/www.achimbrueckner.de\/dxradio\/php\/wordpress\/index.php?rest_route=\/wp\/v2\/types\/post"}],"author":[{"embeddable":true,"href":"https:\/\/www.achimbrueckner.de\/dxradio\/php\/wordpress\/index.php?rest_route=\/wp\/v2\/users\/1"}],"replies":[{"embeddable":true,"href":"https:\/\/www.achimbrueckner.de\/dxradio\/php\/wordpress\/index.php?rest_route=%2Fwp%2Fv2%2Fcomments&post=3465"}],"version-history":[{"count":0,"href":"https:\/\/www.achimbrueckner.de\/dxradio\/php\/wordpress\/index.php?rest_route=\/wp\/v2\/posts\/3465\/revisions"}],"wp:attachment":[{"href":"https:\/\/www.achimbrueckner.de\/dxradio\/php\/wordpress\/index.php?rest_route=%2Fwp%2Fv2%2Fmedia&parent=3465"}],"wp:term":[{"taxonomy":"category","embeddable":true,"href":"https:\/\/www.achimbrueckner.de\/dxradio\/php\/wordpress\/index.php?rest_route=%2Fwp%2Fv2%2Fcategories&post=3465"},{"taxonomy":"post_tag","embeddable":true,"href":"https:\/\/www.achimbrueckner.de\/dxradio\/php\/wordpress\/index.php?rest_route=%2Fwp%2Fv2%2Ftags&post=3465"}],"curies":[{"name":"wp","href":"https:\/\/api.w.org\/{rel}","templated":true}]}}