{"id":34654,"date":"2022-02-17T09:42:59","date_gmt":"2022-02-17T09:42:59","guid":{"rendered":"https:\/\/www.achimbrueckner.de\/dxradio\/php\/wordpress\/?p=34654"},"modified":"2022-02-17T09:42:59","modified_gmt":"2022-02-17T09:42:59","slug":"radio-bheins-planmasig-auf-dab-gestartet","status":"publish","type":"post","link":"https:\/\/www.achimbrueckner.de\/dxradio\/php\/wordpress\/?p=34654","title":{"rendered":"Radio BHeins planm\u00e4\u00dfig auf DAB+ gestartet"},"content":{"rendered":"<p><a href=\"https:\/\/www.smartphonefan.de\/2022\/02\/17\/radio-bheins-planmaessig-auf-dab-gestartet\/\" rel=\"noopener\" target=\"_blank\">https:\/\/www.smartphonefan.de\/2022\/02\/17\/radio-bheins-planmaessig-auf-dab-gestartet\/<\/a><\/p>\n","protected":false},"excerpt":{"rendered":"<p>https:\/\/www.smartphonefan.de\/2022\/02\/17\/radio-bheins-planmaessig-auf-dab-gestartet\/<\/p>\n","protected":false},"author":1,"featured_media":0,"comment_status":"closed","ping_status":"open","sticky":false,"template":"","format":"standard","meta":{"_jetpack_memberships_contains_paid_content":false,"footnotes":"","jetpack_publicize_message":"","jetpack_publicize_feature_enabled":true,"jetpack_social_post_already_shared":true,"jetpack_social_options":{"image_generator_settings":{"template":"highway","default_image_id":0,"font":"","enabled":false},"version":2}},"categories":[1],"tags":[],"class_list":["post-34654","post","type-post","status-publish","format-standard","hentry","category-deutsch"],"jetpack_publicize_connections":[],"jetpack_featured_media_url":"","jetpack_sharing_enabled":true,"jetpack_shortlink":"https:\/\/wp.me\/p5CDmr-90W","jetpack-related-posts":[{"id":44673,"url":"https:\/\/www.achimbrueckner.de\/dxradio\/php\/wordpress\/?p=44673","url_meta":{"origin":34654,"position":0},"title":"K\u00f6lsch Radio planm\u00e4\u00dfig auf DAB+ gestartet","author":"Administrator","date":"December 30, 2025","format":false,"excerpt":"https:\/\/www.radioblog.eu\/2025\/12\/29\/koelsch-radio-planmaessig-auf-dab-gestartet\/","rel":"","context":"In &quot;Deutsch&quot;","block_context":{"text":"Deutsch","link":"https:\/\/www.achimbrueckner.de\/dxradio\/php\/wordpress\/?cat=1"},"img":{"alt_text":"","src":"","width":0,"height":0},"classes":[]},{"id":34473,"url":"https:\/\/www.achimbrueckner.de\/dxradio\/php\/wordpress\/?p=34473","url_meta":{"origin":34654,"position":1},"title":"Radio BHeins kommt zur\u00fcck auf DAB+","author":"Administrator","date":"January 23, 2022","format":false,"excerpt":"https:\/\/www.smartphonefan.de\/2022\/01\/23\/radio-bheins-kommt-zurueck-auf-dab\/","rel":"","context":"In &quot;Deutsch&quot;","block_context":{"text":"Deutsch","link":"https:\/\/www.achimbrueckner.de\/dxradio\/php\/wordpress\/?cat=1"},"img":{"alt_text":"","src":"","width":0,"height":0},"classes":[]},{"id":35793,"url":"https:\/\/www.achimbrueckner.de\/dxradio\/php\/wordpress\/?p=35793","url_meta":{"origin":34654,"position":2},"title":"Radio MusicStar auf DAB+ gestartet","author":"Administrator","date":"April 17, 2022","format":false,"excerpt":"https:\/\/www.smartphonefan.de\/2022\/04\/16\/radio-musicstar-auf-dab-gestartet\/","rel":"","context":"In &quot;Deutsch&quot;","block_context":{"text":"Deutsch","link":"https:\/\/www.achimbrueckner.de\/dxradio\/php\/wordpress\/?cat=1"},"img":{"alt_text":"","src":"","width":0,"height":0},"classes":[]},{"id":34472,"url":"https:\/\/www.achimbrueckner.de\/dxradio\/php\/wordpress\/?p=34472","url_meta":{"origin":34654,"position":3},"title":"Radio BHeins gibt Sendestart auf DAB+ bekannt","author":"Administrator","date":"January 23, 2022","format":false,"excerpt":"https:\/\/www.radiowoche.de\/radio-bheins-gibt-sendestart-auf-dab-bekannt\/","rel":"","context":"In &quot;Deutsch&quot;","block_context":{"text":"Deutsch","link":"https:\/\/www.achimbrueckner.de\/dxradio\/php\/wordpress\/?cat=1"},"img":{"alt_text":"","src":"","width":0,"height":0},"classes":[]},{"id":30685,"url":"https:\/\/www.achimbrueckner.de\/dxradio\/php\/wordpress\/?p=30685","url_meta":{"origin":34654,"position":4},"title":"Radio LiveLive auf DAB+ gestartet","author":"Administrator","date":"November 5, 2020","format":false,"excerpt":"https:\/\/www.smartphonefan.de\/2020\/11\/05\/radio-livelive-auf-dab-gestartet\/","rel":"","context":"In &quot;Deutsch&quot;","block_context":{"text":"Deutsch","link":"https:\/\/www.achimbrueckner.de\/dxradio\/php\/wordpress\/?cat=1"},"img":{"alt_text":"","src":"","width":0,"height":0},"classes":[]},{"id":25656,"url":"https:\/\/www.achimbrueckner.de\/dxradio\/php\/wordpress\/?p=25656","url_meta":{"origin":34654,"position":5},"title":"Endlich: Rockland Radio auf DAB+ gestartet","author":"Administrator","date":"November 8, 2019","format":false,"excerpt":"https:\/\/www.smartphonefan.de\/2019\/11\/06\/endlich-rockland-radio-auf-dab-gestartet\/","rel":"","context":"In &quot;Deutsch&quot;","block_context":{"text":"Deutsch","link":"https:\/\/www.achimbrueckner.de\/dxradio\/php\/wordpress\/?cat=1"},"img":{"alt_text":"","src":"","width":0,"height":0},"classes":[]}],"_links":{"self":[{"href":"https:\/\/www.achimbrueckner.de\/dxradio\/php\/wordpress\/index.php?rest_route=\/wp\/v2\/posts\/34654","targetHints":{"allow":["GET"]}}],"collection":[{"href":"https:\/\/www.achimbrueckner.de\/dxradio\/php\/wordpress\/index.php?rest_route=\/wp\/v2\/posts"}],"about":[{"href":"https:\/\/www.achimbrueckner.de\/dxradio\/php\/wordpress\/index.php?rest_route=\/wp\/v2\/types\/post"}],"author":[{"embeddable":true,"href":"https:\/\/www.achimbrueckner.de\/dxradio\/php\/wordpress\/index.php?rest_route=\/wp\/v2\/users\/1"}],"replies":[{"embeddable":true,"href":"https:\/\/www.achimbrueckner.de\/dxradio\/php\/wordpress\/index.php?rest_route=%2Fwp%2Fv2%2Fcomments&post=34654"}],"version-history":[{"count":0,"href":"https:\/\/www.achimbrueckner.de\/dxradio\/php\/wordpress\/index.php?rest_route=\/wp\/v2\/posts\/34654\/revisions"}],"wp:attachment":[{"href":"https:\/\/www.achimbrueckner.de\/dxradio\/php\/wordpress\/index.php?rest_route=%2Fwp%2Fv2%2Fmedia&parent=34654"}],"wp:term":[{"taxonomy":"category","embeddable":true,"href":"https:\/\/www.achimbrueckner.de\/dxradio\/php\/wordpress\/index.php?rest_route=%2Fwp%2Fv2%2Fcategories&post=34654"},{"taxonomy":"post_tag","embeddable":true,"href":"https:\/\/www.achimbrueckner.de\/dxradio\/php\/wordpress\/index.php?rest_route=%2Fwp%2Fv2%2Ftags&post=34654"}],"curies":[{"name":"wp","href":"https:\/\/api.w.org\/{rel}","templated":true}]}}