{"id":3467,"date":"2014-08-29T14:45:22","date_gmt":"2014-08-29T14:45:22","guid":{"rendered":"https:\/\/www.achimbrueckner.de\/dxradio\/php\/wordpress\/?p=3467"},"modified":"2014-08-29T14:45:22","modified_gmt":"2014-08-29T14:45:22","slug":"dokufunk-vortrage-von-der-ham-radio-2014","status":"publish","type":"post","link":"https:\/\/www.achimbrueckner.de\/dxradio\/php\/wordpress\/?p=3467","title":{"rendered":"DokuFunk: Vortr\u00e4ge von der Ham Radio 2014"},"content":{"rendered":"<p>Das Dokumentationsarchiv Funk in Wien hat die ersten Vortr\u00e4ge von der Ham Radio 2014 in Friedrichshafen mit Bild und Ton auf seine Homepage gestellt:<\/p>\n<p>Yagi- und Quad- Antennen f\u00fcr den Kurzwellenamateur<br \/>\nMartin Steyer, DK7ZB<\/p>\n<p>The Enigma and Others famous Cipher Machines<br \/>\nTom Perera, W1TP<\/p>\n<p>FT5ZM- Amsterdam Island DXpedition<br \/>\nRalph Fedor, K0IR<\/p>\n<p>Die Reihe wird fortgesetzt.<br \/>\nZugang, auch zu den Vortr\u00e4gen der Vorjahre: <a href=\"http:\/\/www.dokufunk.org\" target=\"_blank\">http:\/\/www.dokufunk.org<\/a><\/p>\n<p>Info via <a href=\"http:\/\/www.ratzer.at\" target=\"_blank\">A-DX<\/a><\/p>\n","protected":false},"excerpt":{"rendered":"<p>Das Dokumentationsarchiv Funk in Wien hat die ersten Vortr\u00e4ge von der Ham Radio 2014 in Friedrichshafen mit Bild und Ton auf seine Homepage gestellt: Yagi- und Quad- Antennen f\u00fcr den Kurzwellenamateur Martin Steyer, DK7ZB The Enigma and Others famous Cipher Machines Tom Perera, W1TP FT5ZM- Amsterdam Island DXpedition Ralph Fedor, K0IR Die Reihe wird fortgesetzt. &hellip; <a href=\"https:\/\/www.achimbrueckner.de\/dxradio\/php\/wordpress\/?p=3467\" class=\"more-link\">Continue reading <span class=\"screen-reader-text\">DokuFunk: Vortr\u00e4ge von der Ham Radio 2014<\/span><\/a><\/p>\n","protected":false},"author":1,"featured_media":0,"comment_status":"open","ping_status":"open","sticky":false,"template":"","format":"standard","meta":{"_jetpack_memberships_contains_paid_content":false,"footnotes":"","jetpack_publicize_message":"","jetpack_publicize_feature_enabled":true,"jetpack_social_post_already_shared":false,"jetpack_social_options":{"image_generator_settings":{"template":"highway","default_image_id":0,"font":"","enabled":false},"version":2}},"categories":[5,1,14],"tags":[24,40],"class_list":["post-3467","post","type-post","status-publish","format-standard","hentry","category-camps","category-deutsch","category-dx","tag-am","tag-dx"],"jetpack_publicize_connections":[],"jetpack_featured_media_url":"","jetpack_sharing_enabled":true,"jetpack_shortlink":"https:\/\/wp.me\/p5CDmr-TV","jetpack-related-posts":[{"id":8870,"url":"https:\/\/www.achimbrueckner.de\/dxradio\/php\/wordpress\/?p=8870","url_meta":{"origin":3467,"position":0},"title":"Vortr\u00e4ge und Pr\u00e4sentationen der Ham Radio 2016","author":"Administrator","date":"July 18, 2016","format":false,"excerpt":"Das Dokumentationsarchiv Funk hat die wichtigsten Vortr\u00e4ge und Pr\u00e4sentationen der Ham Radio 2016 in Bild und Ton online gestellt. Zugang zum \u201eH\u00f6rsaal\u201c 2008-2016: www.dokufunk.org","rel":"","context":"In &quot;Deutsch&quot;","block_context":{"text":"Deutsch","link":"https:\/\/www.achimbrueckner.de\/dxradio\/php\/wordpress\/?cat=1"},"img":{"alt_text":"","src":"","width":0,"height":0},"classes":[]},{"id":795,"url":"https:\/\/www.achimbrueckner.de\/dxradio\/php\/wordpress\/?p=795","url_meta":{"origin":3467,"position":1},"title":"Das Radio als Welterz\u00e4hler &#8211; Ein Nachruf auf die Magnetbandzeit","author":"Administrator","date":"December 26, 2009","format":false,"excerpt":"Sonntag 3. Januar 2010 14:04 FEATURE Das Radio als Welterz\u00e4hler Ein Nachruf auf die Magnetbandzeit Von Helmut Kopetzky Die \"Steinzeit\" des Rundfunks mit kr\u00e4chzenden Wachsplatten zur Aufzeichnung und Wiedergabe eben-solcher Vortr\u00e4ge (bis 15:00) RBB Kulturradio Info via A-DX","rel":"","context":"In &quot;Deutsch&quot;","block_context":{"text":"Deutsch","link":"https:\/\/www.achimbrueckner.de\/dxradio\/php\/wordpress\/?cat=1"},"img":{"alt_text":"","src":"","width":0,"height":0},"classes":[]},{"id":2572,"url":"https:\/\/www.achimbrueckner.de\/dxradio\/php\/wordpress\/?p=2572","url_meta":{"origin":3467,"position":2},"title":"Amateurfunktreffen auf der Wasserkuppe\/Rh\u00f6n","author":"Administrator","date":"August 7, 2013","format":false,"excerpt":"Am 31. August 2013 ist es wieder soweit !! Das 7. Gro\u00dfe Amateurfunktreffen auf der Wasserkuppe\/Rh\u00f6n. Flohmarkt, Vortr\u00e4ge und M\u00f6glichkeiten zum Antennenaufbau in 950m H\u00f6he f\u00fcr Rundfunk\/TV-DX. Alle Informationen mit vorl\u00e4ufigem Programm von F06\/Fulda sind hier zu finden: http:\/\/www.fox06.de\/ Info via A-DX","rel":"","context":"In &quot;camps&quot;","block_context":{"text":"camps","link":"https:\/\/www.achimbrueckner.de\/dxradio\/php\/wordpress\/?cat=5"},"img":{"alt_text":"","src":"","width":0,"height":0},"classes":[]},{"id":7826,"url":"https:\/\/www.achimbrueckner.de\/dxradio\/php\/wordpress\/?p=7826","url_meta":{"origin":3467,"position":3},"title":"HAM Radio 2017 (!) verschoben","author":"Administrator","date":"March 15, 2016","format":false,"excerpt":"Messe Friedrichshafen und DARC fixieren den Messetermin f\u00fcr 2017 \u2013 Funkamateure treffen sich vom 14. bis 16. Juli 2017 am Bodensee Neue Terminierung: Messe Ham Radio findet im Jahr 2017 im Juli in Friedrichshafen statt Friedrichshafen \u2013 Die Ham Radio zieht es in den Sommer. Die Veranstalter der Messe Friedrichshafen\u2026","rel":"","context":"In &quot;camps&quot;","block_context":{"text":"camps","link":"https:\/\/www.achimbrueckner.de\/dxradio\/php\/wordpress\/?cat=5"},"img":{"alt_text":"","src":"","width":0,"height":0},"classes":[]},{"id":11296,"url":"https:\/\/www.achimbrueckner.de\/dxradio\/php\/wordpress\/?p=11296","url_meta":{"origin":3467,"position":4},"title":"50 Jahre ADDX","author":"Administrator","date":"December 8, 2016","format":false,"excerpt":"Hallo in die Runde, wie vielen Hobbyfreunden bestimmt bekannt ist, wird die ADDX e.V. im Jahr 2017 ihr 50. Gr\u00fcndungsjubil\u00e4um feiern. Das ist f\u00fcr uns von Vorstand und Redaktion \"Radio-Kurier mit weltweit h\u00f6ren\" Grund genug, auch akustisch einen R\u00fcckblick auf die Anfangstage und die Vereinsentwicklung zu pr\u00e4sentieren und \u00fcber unsere\u2026","rel":"","context":"In &quot;Deutsch&quot;","block_context":{"text":"Deutsch","link":"https:\/\/www.achimbrueckner.de\/dxradio\/php\/wordpress\/?cat=1"},"img":{"alt_text":"","src":"","width":0,"height":0},"classes":[]},{"id":2257,"url":"https:\/\/www.achimbrueckner.de\/dxradio\/php\/wordpress\/?p=2257","url_meta":{"origin":3467,"position":5},"title":"UKW\/TV-Arbeitskreis: Stand auf der Ham Radio","author":"Administrator","date":"June 20, 2012","format":false,"excerpt":"Hallo Liste Der UKW\/TV-Arbeitskreis hat dieses Jahr nach l\u00e4ngerer Pause wieder einen Stand auf der Ham Radio. Wir sind in Halle A1, am Standplatz A1-546, direkt gegen\u00fcber der ADDX, anzutreffen. Neben der Vorstellung unseres Spezialgebiets, des \u00dcberreichweitenempfangs auf UKW und TV, bieten wir live UKW-Empf\u00e4ngervergleiche an in der Halle aufgebauten\u2026","rel":"","context":"In &quot;camps&quot;","block_context":{"text":"camps","link":"https:\/\/www.achimbrueckner.de\/dxradio\/php\/wordpress\/?cat=5"},"img":{"alt_text":"","src":"","width":0,"height":0},"classes":[]}],"_links":{"self":[{"href":"https:\/\/www.achimbrueckner.de\/dxradio\/php\/wordpress\/index.php?rest_route=\/wp\/v2\/posts\/3467","targetHints":{"allow":["GET"]}}],"collection":[{"href":"https:\/\/www.achimbrueckner.de\/dxradio\/php\/wordpress\/index.php?rest_route=\/wp\/v2\/posts"}],"about":[{"href":"https:\/\/www.achimbrueckner.de\/dxradio\/php\/wordpress\/index.php?rest_route=\/wp\/v2\/types\/post"}],"author":[{"embeddable":true,"href":"https:\/\/www.achimbrueckner.de\/dxradio\/php\/wordpress\/index.php?rest_route=\/wp\/v2\/users\/1"}],"replies":[{"embeddable":true,"href":"https:\/\/www.achimbrueckner.de\/dxradio\/php\/wordpress\/index.php?rest_route=%2Fwp%2Fv2%2Fcomments&post=3467"}],"version-history":[{"count":0,"href":"https:\/\/www.achimbrueckner.de\/dxradio\/php\/wordpress\/index.php?rest_route=\/wp\/v2\/posts\/3467\/revisions"}],"wp:attachment":[{"href":"https:\/\/www.achimbrueckner.de\/dxradio\/php\/wordpress\/index.php?rest_route=%2Fwp%2Fv2%2Fmedia&parent=3467"}],"wp:term":[{"taxonomy":"category","embeddable":true,"href":"https:\/\/www.achimbrueckner.de\/dxradio\/php\/wordpress\/index.php?rest_route=%2Fwp%2Fv2%2Fcategories&post=3467"},{"taxonomy":"post_tag","embeddable":true,"href":"https:\/\/www.achimbrueckner.de\/dxradio\/php\/wordpress\/index.php?rest_route=%2Fwp%2Fv2%2Ftags&post=3467"}],"curies":[{"name":"wp","href":"https:\/\/api.w.org\/{rel}","templated":true}]}}