{"id":3468,"date":"2014-08-29T14:48:07","date_gmt":"2014-08-29T14:48:07","guid":{"rendered":"https:\/\/www.achimbrueckner.de\/dxradio\/php\/wordpress\/?p=3468"},"modified":"2014-08-29T14:48:07","modified_gmt":"2014-08-29T14:48:07","slug":"voice-of-mongolia-via-kall-sendezeiten","status":"publish","type":"post","link":"https:\/\/www.achimbrueckner.de\/dxradio\/php\/wordpress\/?p=3468","title":{"rendered":"Voice Of Mongolia via Kall Sendezeiten"},"content":{"rendered":"<p>Und hier, wie versprochen, die Sendezeiten der Voice Of Mongolia im &#8220;Geburtstagsmonat&#8221;<\/p>\n<p>01.September 2014 &#8211; 05. Oktober 2014<\/p>\n<p>3985 kHz: 21:00 MESZ (19:00 UTC)<br \/>\n6005 kHz: 19:30 MESZ (17:30 UTC)<br \/>\n7310 kHz: 16:30 MESZ (14:30 UTC)<\/p>\n<p>Empfangsberichte digital per: Vom_en@yahoo.com<br \/>\nOder analog per:<\/p>\n<p>Voice Of Mongolia<br \/>\nEnglish Section<br \/>\nC.P.O.-Box 365<br \/>\nUlaanbaatar-13<br \/>\nMongolia<\/p>\n<p>Info via <a href=\"http:\/\/www.ratzer.at\" target=\"_blank\">A-DX<\/a><\/p>\n","protected":false},"excerpt":{"rendered":"<p>Und hier, wie versprochen, die Sendezeiten der Voice Of Mongolia im &#8220;Geburtstagsmonat&#8221; 01.September 2014 &#8211; 05. Oktober 2014 3985 kHz: 21:00 MESZ (19:00 UTC) 6005 kHz: 19:30 MESZ (17:30 UTC) 7310 kHz: 16:30 MESZ (14:30 UTC) Empfangsberichte digital per: Vom_en@yahoo.com Oder analog per: Voice Of Mongolia English Section C.P.O.-Box 365 Ulaanbaatar-13 Mongolia Info via A-DX<\/p>\n","protected":false},"author":1,"featured_media":0,"comment_status":"open","ping_status":"open","sticky":false,"template":"","format":"standard","meta":{"_jetpack_memberships_contains_paid_content":false,"footnotes":"","jetpack_publicize_message":"","jetpack_publicize_feature_enabled":true,"jetpack_social_post_already_shared":false,"jetpack_social_options":{"image_generator_settings":{"template":"highway","default_image_id":0,"font":"","enabled":false},"version":2}},"categories":[14,3,8],"tags":[40,42],"class_list":["post-3468","post","type-post","status-publish","format-standard","hentry","category-dx","category-empfang","category-schedules","tag-dx","tag-empfang"],"jetpack_publicize_connections":[],"jetpack_featured_media_url":"","jetpack_sharing_enabled":true,"jetpack_shortlink":"https:\/\/wp.me\/p5CDmr-TW","jetpack-related-posts":[{"id":8122,"url":"https:\/\/www.achimbrueckner.de\/dxradio\/php\/wordpress\/?p=8122","url_meta":{"origin":3468,"position":0},"title":"Programmtipp: Radio &#8211; Menschen &#038; Geschichten am 24.04.2016","author":"Administrator","date":"April 23, 2016","format":false,"excerpt":"Ladies and Gentlemen, freaks and monsters, schon wieder ein Monat rum; auch am kommenden Sonntag hei\u00dft es wieder \"Radio - Menschen & Geschichten\". Die inhaltliche Klammer der Sendung macht Wei\u00dfrussland. Wir schauen uns vor Ort bei Radio Belarus um und sprechen in den Radiogeschichten mit einem der Gr\u00fcndungsmitarbeiter der deutschen\u2026","rel":"","context":"In &quot;Deutsch&quot;","block_context":{"text":"Deutsch","link":"https:\/\/www.achimbrueckner.de\/dxradio\/php\/wordpress\/?cat=1"},"img":{"alt_text":"","src":"","width":0,"height":0},"classes":[]},{"id":41473,"url":"https:\/\/www.achimbrueckner.de\/dxradio\/php\/wordpress\/?p=41473","url_meta":{"origin":3468,"position":1},"title":"Direktausstrahlungen des deutschsprachigen Programms im Juli\/August 2024 von der Sendeanlage Tamsui in Taiwan","author":"Administrator","date":"July 13, 2024","format":false,"excerpt":"Direktausstrahlungen des deutschsprachigen Programms im Juli\/August 2024 von der Sendeanlage Tamsui in Taiwan Zur Erinnerung: Radio Taiwan International (RTI) sendet auch in diesem Jahr wieder an mehreren Tagen deutschsprachige Programme direkt von der Sendeanlage Tamsui in Taiwan, so auch heute Abend. Sendetermine und Frequenzen: Alle Sendezeiten sind in UTC angegeben\u2026","rel":"","context":"In &quot;Deutsch&quot;","block_context":{"text":"Deutsch","link":"https:\/\/www.achimbrueckner.de\/dxradio\/php\/wordpress\/?cat=1"},"img":{"alt_text":"","src":"","width":0,"height":0},"classes":[]},{"id":9077,"url":"https:\/\/www.achimbrueckner.de\/dxradio\/php\/wordpress\/?p=9077","url_meta":{"origin":3468,"position":2},"title":"SATzentrale DXer Magazin 6070 Khz 8.\/9. August 2016 2100 Utc","author":"Administrator","date":"August 8, 2016","format":false,"excerpt":"Achtung. Die 28. Ausgabe des SATzentrale DXer Magazin wird heute am 08.08. und am 09.08.2016 um 21 Uhr UTC (23 MESZ) auf Kurzwelle 6070 KHz ausgestrahlt. Empfangsberichte werden mit einer e-QSL Karte belohnt. Info via Facebook","rel":"","context":"In &quot;Deutsch&quot;","block_context":{"text":"Deutsch","link":"https:\/\/www.achimbrueckner.de\/dxradio\/php\/wordpress\/?cat=1"},"img":{"alt_text":"","src":"","width":0,"height":0},"classes":[]},{"id":43262,"url":"https:\/\/www.achimbrueckner.de\/dxradio\/php\/wordpress\/?p=43262","url_meta":{"origin":3468,"position":3},"title":"Radio Taiwan International direkt Juli 2025","author":"Administrator","date":"July 9, 2025","format":false,"excerpt":"Liebe H\u00f6rerinnen und H\u00f6rer, Radio Taiwan International sendet Im Juli 2025 an mehreren Tagen deutschsprachige Programme direkt von der Sendeanlage Tamsui in Taiwan. Sendetermine und Frequenzen: Alle Sendezeiten sind in UTC angegeben (MESZ=UTC+2) 1700-1730 UTC 15145 kHz 1730-1800 UTC 11995 kHz 04.07. (Freitag), 05.07. (Samstag), 06.07. (Sonntag) 11.07. (Freitag), 12.07.\u2026","rel":"","context":"In &quot;Deutsch&quot;","block_context":{"text":"Deutsch","link":"https:\/\/www.achimbrueckner.de\/dxradio\/php\/wordpress\/?cat=1"},"img":{"alt_text":"","src":"","width":0,"height":0},"classes":[]},{"id":30417,"url":"https:\/\/www.achimbrueckner.de\/dxradio\/php\/wordpress\/?p=30417","url_meta":{"origin":3468,"position":4},"title":"RAE Deutsch Sondersendung! 18. Oktober 2020","author":"Administrator","date":"October 14, 2020","format":false,"excerpt":"Liebe Freunde! Anl\u00e4sslich des 100. Jubil\u00e4ums des Rundfunks in Argentinien haben wir ein tolles Geschenk von unseren Freunden von Shortwaveservice erhalten, n\u00e4mlich die Ausstrahlung einer einst\u00fcndigen Sondersendung von RAE auf Deutsch. Wann? Am Sonntag, 18. Oktober 2020 von 17:00-18.00 Uhr UTC (19.00-20:00 Uhr MESZ) Wo? Auf 7500 kHz Empfangsberichte sind\u2026","rel":"","context":"In &quot;Deutsch&quot;","block_context":{"text":"Deutsch","link":"https:\/\/www.achimbrueckner.de\/dxradio\/php\/wordpress\/?cat=1"},"img":{"alt_text":"","src":"","width":0,"height":0},"classes":[]},{"id":15606,"url":"https:\/\/www.achimbrueckner.de\/dxradio\/php\/wordpress\/?p=15606","url_meta":{"origin":3468,"position":5},"title":"10 Jahre Krekelwellen und andere Sondersendungen","author":"Administrator","date":"November 21, 2017","format":false,"excerpt":"So, liebe Freunde der kurzen Wellen, hier nun die Sendezeiten der SWS-Geburtstagssendung und anderen Schmankerln die n\u00e4chsten Tage: Am Mittwoch, 22.11.2017 zwischen 19-21 UTC auf 5845 kHz startet IBC Italy mit italienisch-englischem Programm. Der Samstag, 25.11.2017 steht im Zeichen der Krekel'schen Live-Geburtstagssendung von 15-18 Uhr UTC. Frequenzen: 5845 kHz f\u00fcr\u2026","rel":"","context":"In &quot;Deutsch&quot;","block_context":{"text":"Deutsch","link":"https:\/\/www.achimbrueckner.de\/dxradio\/php\/wordpress\/?cat=1"},"img":{"alt_text":"","src":"","width":0,"height":0},"classes":[]}],"_links":{"self":[{"href":"https:\/\/www.achimbrueckner.de\/dxradio\/php\/wordpress\/index.php?rest_route=\/wp\/v2\/posts\/3468","targetHints":{"allow":["GET"]}}],"collection":[{"href":"https:\/\/www.achimbrueckner.de\/dxradio\/php\/wordpress\/index.php?rest_route=\/wp\/v2\/posts"}],"about":[{"href":"https:\/\/www.achimbrueckner.de\/dxradio\/php\/wordpress\/index.php?rest_route=\/wp\/v2\/types\/post"}],"author":[{"embeddable":true,"href":"https:\/\/www.achimbrueckner.de\/dxradio\/php\/wordpress\/index.php?rest_route=\/wp\/v2\/users\/1"}],"replies":[{"embeddable":true,"href":"https:\/\/www.achimbrueckner.de\/dxradio\/php\/wordpress\/index.php?rest_route=%2Fwp%2Fv2%2Fcomments&post=3468"}],"version-history":[{"count":0,"href":"https:\/\/www.achimbrueckner.de\/dxradio\/php\/wordpress\/index.php?rest_route=\/wp\/v2\/posts\/3468\/revisions"}],"wp:attachment":[{"href":"https:\/\/www.achimbrueckner.de\/dxradio\/php\/wordpress\/index.php?rest_route=%2Fwp%2Fv2%2Fmedia&parent=3468"}],"wp:term":[{"taxonomy":"category","embeddable":true,"href":"https:\/\/www.achimbrueckner.de\/dxradio\/php\/wordpress\/index.php?rest_route=%2Fwp%2Fv2%2Fcategories&post=3468"},{"taxonomy":"post_tag","embeddable":true,"href":"https:\/\/www.achimbrueckner.de\/dxradio\/php\/wordpress\/index.php?rest_route=%2Fwp%2Fv2%2Ftags&post=3468"}],"curies":[{"name":"wp","href":"https:\/\/api.w.org\/{rel}","templated":true}]}}