{"id":34710,"date":"2022-02-24T22:03:30","date_gmt":"2022-02-24T22:03:30","guid":{"rendered":"https:\/\/www.achimbrueckner.de\/dxradio\/php\/wordpress\/?p=34710"},"modified":"2022-02-24T22:03:30","modified_gmt":"2022-02-24T22:03:30","slug":"alsterradio-ist-als-schlager-webradio-wieder-da","status":"publish","type":"post","link":"https:\/\/www.achimbrueckner.de\/dxradio\/php\/wordpress\/?p=34710","title":{"rendered":"Alsterradio ist als Schlager-Webradio wieder da"},"content":{"rendered":"<p><a href=\"https:\/\/www.smartphonefan.de\/2022\/02\/23\/alsterradio-ist-als-schlager-webradio-wieder-da\/\" rel=\"noopener\" target=\"_blank\">https:\/\/www.smartphonefan.de\/2022\/02\/23\/alsterradio-ist-als-schlager-webradio-wieder-da\/<\/a><\/p>\n","protected":false},"excerpt":{"rendered":"<p>https:\/\/www.smartphonefan.de\/2022\/02\/23\/alsterradio-ist-als-schlager-webradio-wieder-da\/<\/p>\n","protected":false},"author":1,"featured_media":0,"comment_status":"closed","ping_status":"open","sticky":false,"template":"","format":"standard","meta":{"_jetpack_memberships_contains_paid_content":false,"footnotes":"","jetpack_publicize_message":"","jetpack_publicize_feature_enabled":true,"jetpack_social_post_already_shared":true,"jetpack_social_options":{"image_generator_settings":{"template":"highway","default_image_id":0,"font":"","enabled":false},"version":2}},"categories":[1],"tags":[],"class_list":["post-34710","post","type-post","status-publish","format-standard","hentry","category-deutsch"],"jetpack_publicize_connections":[],"jetpack_featured_media_url":"","jetpack_sharing_enabled":true,"jetpack_shortlink":"https:\/\/wp.me\/p5CDmr-91Q","jetpack-related-posts":[{"id":36215,"url":"https:\/\/www.achimbrueckner.de\/dxradio\/php\/wordpress\/?p=36215","url_meta":{"origin":34710,"position":0},"title":"Time Dance FM ist als Webradio wieder da","author":"Administrator","date":"May 8, 2022","format":false,"excerpt":"https:\/\/www.smartphonefan.de\/2022\/05\/08\/time-dance-fm-ist-als-webradio-wieder-da\/","rel":"","context":"In &quot;Deutsch&quot;","block_context":{"text":"Deutsch","link":"https:\/\/www.achimbrueckner.de\/dxradio\/php\/wordpress\/?cat=1"},"img":{"alt_text":"","src":"","width":0,"height":0},"classes":[]},{"id":36696,"url":"https:\/\/www.achimbrueckner.de\/dxradio\/php\/wordpress\/?p=36696","url_meta":{"origin":34710,"position":1},"title":"Antenne Wien ist als Webradio wieder da","author":"Administrator","date":"June 25, 2022","format":false,"excerpt":"https:\/\/www.radioblog.eu\/2022\/06\/25\/antenne-wien-ist-als-webradio-wieder-da\/","rel":"","context":"In &quot;Deutsch&quot;","block_context":{"text":"Deutsch","link":"https:\/\/www.achimbrueckner.de\/dxradio\/php\/wordpress\/?cat=1"},"img":{"alt_text":"","src":"","width":0,"height":0},"classes":[]},{"id":40066,"url":"https:\/\/www.achimbrueckner.de\/dxradio\/php\/wordpress\/?p=40066","url_meta":{"origin":34710,"position":2},"title":"Radio Brenner als Webradio wieder da","author":"Administrator","date":"August 27, 2023","format":false,"excerpt":"https:\/\/www.radioblog.eu\/2023\/08\/27\/radio-brenner-als-webradio-wieder-da\/","rel":"","context":"In &quot;Deutsch&quot;","block_context":{"text":"Deutsch","link":"https:\/\/www.achimbrueckner.de\/dxradio\/php\/wordpress\/?cat=1"},"img":{"alt_text":"","src":"","width":0,"height":0},"classes":[]},{"id":34738,"url":"https:\/\/www.achimbrueckner.de\/dxradio\/php\/wordpress\/?p=34738","url_meta":{"origin":34710,"position":3},"title":"Radio S\u00fcdtirol wieder \u00fcber Stream h\u00f6rbar","author":"Administrator","date":"February 28, 2022","format":false,"excerpt":"Radio S\u00fcdtirol wieder \u00fcber Stream h\u00f6rbar Nach langer Pause kann Radio S\u00fcdtirol auch wieder \u00fcbers Internet empfangen werden. Sowohl \u00fcber die Webseite, als auch \u00fcber Direktstream. Siegfried Torggler meldet sich zu den Nachrichten aus dem Studio in M\u00fcnchen. Die Musik ist wohl einmalig: nacheinander laufen Schlager, Techno, Volksmusik, Oldies.... https:\/\/radiosuedtirol.eu?option=com_frontpage&Itemid=1\u2026","rel":"","context":"In &quot;Deutsch&quot;","block_context":{"text":"Deutsch","link":"https:\/\/www.achimbrueckner.de\/dxradio\/php\/wordpress\/?cat=1"},"img":{"alt_text":"","src":"","width":0,"height":0},"classes":[]},{"id":37388,"url":"https:\/\/www.achimbrueckner.de\/dxradio\/php\/wordpress\/?p=37388","url_meta":{"origin":34710,"position":4},"title":"Antenne MV ist als Webradio bei Laut.fm zur\u00fcck","author":"Administrator","date":"September 1, 2022","format":false,"excerpt":"https:\/\/www.radioblog.eu\/2022\/08\/31\/antenne-mv-ist-als-webradio-bei-laut-fm-zurueck\/","rel":"","context":"In &quot;Deutsch&quot;","block_context":{"text":"Deutsch","link":"https:\/\/www.achimbrueckner.de\/dxradio\/php\/wordpress\/?cat=1"},"img":{"alt_text":"","src":"","width":0,"height":0},"classes":[]},{"id":37625,"url":"https:\/\/www.achimbrueckner.de\/dxradio\/php\/wordpress\/?p=37625","url_meta":{"origin":34710,"position":5},"title":"103.1 The Wolf ist als HD-Radiokanal wieder da","author":"Administrator","date":"October 6, 2022","format":false,"excerpt":"https:\/\/www.radioblog.eu\/2022\/10\/06\/103-1-the-wolf-ist-als-hd-radiokanal-wieder-da\/","rel":"","context":"In &quot;Deutsch&quot;","block_context":{"text":"Deutsch","link":"https:\/\/www.achimbrueckner.de\/dxradio\/php\/wordpress\/?cat=1"},"img":{"alt_text":"","src":"","width":0,"height":0},"classes":[]}],"_links":{"self":[{"href":"https:\/\/www.achimbrueckner.de\/dxradio\/php\/wordpress\/index.php?rest_route=\/wp\/v2\/posts\/34710","targetHints":{"allow":["GET"]}}],"collection":[{"href":"https:\/\/www.achimbrueckner.de\/dxradio\/php\/wordpress\/index.php?rest_route=\/wp\/v2\/posts"}],"about":[{"href":"https:\/\/www.achimbrueckner.de\/dxradio\/php\/wordpress\/index.php?rest_route=\/wp\/v2\/types\/post"}],"author":[{"embeddable":true,"href":"https:\/\/www.achimbrueckner.de\/dxradio\/php\/wordpress\/index.php?rest_route=\/wp\/v2\/users\/1"}],"replies":[{"embeddable":true,"href":"https:\/\/www.achimbrueckner.de\/dxradio\/php\/wordpress\/index.php?rest_route=%2Fwp%2Fv2%2Fcomments&post=34710"}],"version-history":[{"count":0,"href":"https:\/\/www.achimbrueckner.de\/dxradio\/php\/wordpress\/index.php?rest_route=\/wp\/v2\/posts\/34710\/revisions"}],"wp:attachment":[{"href":"https:\/\/www.achimbrueckner.de\/dxradio\/php\/wordpress\/index.php?rest_route=%2Fwp%2Fv2%2Fmedia&parent=34710"}],"wp:term":[{"taxonomy":"category","embeddable":true,"href":"https:\/\/www.achimbrueckner.de\/dxradio\/php\/wordpress\/index.php?rest_route=%2Fwp%2Fv2%2Fcategories&post=34710"},{"taxonomy":"post_tag","embeddable":true,"href":"https:\/\/www.achimbrueckner.de\/dxradio\/php\/wordpress\/index.php?rest_route=%2Fwp%2Fv2%2Ftags&post=34710"}],"curies":[{"name":"wp","href":"https:\/\/api.w.org\/{rel}","templated":true}]}}