{"id":3472,"date":"2014-08-29T21:00:50","date_gmt":"2014-08-29T21:00:50","guid":{"rendered":"https:\/\/www.achimbrueckner.de\/dxradio\/php\/wordpress\/?p=3472"},"modified":"2014-08-29T21:00:50","modified_gmt":"2014-08-29T21:00:50","slug":"radiomacher-aus-aller-welt-senden-aus-zurich","status":"publish","type":"post","link":"https:\/\/www.achimbrueckner.de\/dxradio\/php\/wordpress\/?p=3472","title":{"rendered":"Radiomacher aus aller Welt senden aus Z\u00fcrich"},"content":{"rendered":"<p><a href=\"http:\/\/www.20min.ch\/schweiz\/zuerich\/story\/22195596\" target=\"_blank\">http:\/\/www.20min.ch\/schweiz\/zuerich\/story\/22195596<\/a><\/p>\n","protected":false},"excerpt":{"rendered":"<p>http:\/\/www.20min.ch\/schweiz\/zuerich\/story\/22195596<\/p>\n","protected":false},"author":1,"featured_media":0,"comment_status":"open","ping_status":"open","sticky":false,"template":"","format":"standard","meta":{"_jetpack_memberships_contains_paid_content":false,"footnotes":"","jetpack_publicize_message":"","jetpack_publicize_feature_enabled":true,"jetpack_social_post_already_shared":false,"jetpack_social_options":{"image_generator_settings":{"template":"highway","default_image_id":0,"font":"","enabled":false},"version":2}},"categories":[1],"tags":[],"class_list":["post-3472","post","type-post","status-publish","format-standard","hentry","category-deutsch"],"jetpack_publicize_connections":[],"jetpack_featured_media_url":"","jetpack_sharing_enabled":true,"jetpack_shortlink":"https:\/\/wp.me\/p5CDmr-U0","jetpack-related-posts":[{"id":15679,"url":"https:\/\/www.achimbrueckner.de\/dxradio\/php\/wordpress\/?p=15679","url_meta":{"origin":3472,"position":0},"title":"Radio Basilisk sendet nun aus altem Kleiderladen","author":"Administrator","date":"November 28, 2017","format":false,"excerpt":"http:\/\/www.20min.ch\/schweiz\/basel\/story\/Radio-Basilisk-sendet-nun-aus-altem-Kleiderladen-14878906","rel":"","context":"In &quot;Deutsch&quot;","block_context":{"text":"Deutsch","link":"https:\/\/www.achimbrueckner.de\/dxradio\/php\/wordpress\/?cat=1"},"img":{"alt_text":"","src":"","width":0,"height":0},"classes":[]},{"id":16620,"url":"https:\/\/www.achimbrueckner.de\/dxradio\/php\/wordpress\/?p=16620","url_meta":{"origin":3472,"position":1},"title":"Radio-Moderator lebt eine Woche als Obdachloser","author":"Administrator","date":"February 23, 2018","format":false,"excerpt":"http:\/\/www.20min.ch\/schweiz\/zuerich\/story\/Radio-24-Moderator-lebt-eine-Woche-als-Obdachloser-13167612","rel":"","context":"In &quot;Deutsch&quot;","block_context":{"text":"Deutsch","link":"https:\/\/www.achimbrueckner.de\/dxradio\/php\/wordpress\/?cat=1"},"img":{"alt_text":"","src":"","width":0,"height":0},"classes":[]},{"id":19503,"url":"https:\/\/www.achimbrueckner.de\/dxradio\/php\/wordpress\/?p=19503","url_meta":{"origin":3472,"position":2},"title":"Stirbt das Medium Radio schon bald aus?","author":"Administrator","date":"October 12, 2018","format":false,"excerpt":"https:\/\/www.20min.ch\/schweiz\/news\/story\/Wer-hoert-heute-ueberhaupt-noch-Radio--19210241","rel":"","context":"In &quot;Deutsch&quot;","block_context":{"text":"Deutsch","link":"https:\/\/www.achimbrueckner.de\/dxradio\/php\/wordpress\/?cat=1"},"img":{"alt_text":"","src":"","width":0,"height":0},"classes":[]},{"id":13651,"url":"https:\/\/www.achimbrueckner.de\/dxradio\/php\/wordpress\/?p=13651","url_meta":{"origin":3472,"position":3},"title":"Bereit zum Empfang aus aller Welt","author":"Administrator","date":"July 9, 2017","format":false,"excerpt":"http:\/\/www.landbote.ch\/region\/regionalkultur\/bereit-zum-empfang-aus-aller-welt\/story\/11305566","rel":"","context":"In &quot;Deutsch&quot;","block_context":{"text":"Deutsch","link":"https:\/\/www.achimbrueckner.de\/dxradio\/php\/wordpress\/?cat=1"},"img":{"alt_text":"","src":"","width":0,"height":0},"classes":[]},{"id":38954,"url":"https:\/\/www.achimbrueckner.de\/dxradio\/php\/wordpress\/?p=38954","url_meta":{"origin":3472,"position":4},"title":"GOAT Radio spielt die gr\u00f6ssten Hits aller Zeiten \u2013 jetzt reinh\u00f6ren","author":"Administrator","date":"March 2, 2023","format":false,"excerpt":"https:\/\/www.20min.ch\/story\/jetzt-startet-goat-radio-in-der-schweiz-mit-den-groessten-hits-aller-zeiten-901180166594","rel":"","context":"In &quot;Deutsch&quot;","block_context":{"text":"Deutsch","link":"https:\/\/www.achimbrueckner.de\/dxradio\/php\/wordpress\/?cat=1"},"img":{"alt_text":"","src":"","width":0,"height":0},"classes":[]},{"id":15766,"url":"https:\/\/www.achimbrueckner.de\/dxradio\/php\/wordpress\/?p=15766","url_meta":{"origin":3472,"position":5},"title":"\u00dcber Kurzwelle in die Welt Hobby-Radiomacher aus Dessau gehen regelm\u00e4\u00dfig auf Sendung","author":"Administrator","date":"December 4, 2017","format":false,"excerpt":"https:\/\/www.mz-web.de\/dessau-rosslau\/ueber-kurzwelle-in-die-welt-hobby-radiomacher-aus-dessau-gehen-regelmaessig-auf-sendung-28968284","rel":"","context":"In &quot;Deutsch&quot;","block_context":{"text":"Deutsch","link":"https:\/\/www.achimbrueckner.de\/dxradio\/php\/wordpress\/?cat=1"},"img":{"alt_text":"","src":"","width":0,"height":0},"classes":[]}],"_links":{"self":[{"href":"https:\/\/www.achimbrueckner.de\/dxradio\/php\/wordpress\/index.php?rest_route=\/wp\/v2\/posts\/3472","targetHints":{"allow":["GET"]}}],"collection":[{"href":"https:\/\/www.achimbrueckner.de\/dxradio\/php\/wordpress\/index.php?rest_route=\/wp\/v2\/posts"}],"about":[{"href":"https:\/\/www.achimbrueckner.de\/dxradio\/php\/wordpress\/index.php?rest_route=\/wp\/v2\/types\/post"}],"author":[{"embeddable":true,"href":"https:\/\/www.achimbrueckner.de\/dxradio\/php\/wordpress\/index.php?rest_route=\/wp\/v2\/users\/1"}],"replies":[{"embeddable":true,"href":"https:\/\/www.achimbrueckner.de\/dxradio\/php\/wordpress\/index.php?rest_route=%2Fwp%2Fv2%2Fcomments&post=3472"}],"version-history":[{"count":0,"href":"https:\/\/www.achimbrueckner.de\/dxradio\/php\/wordpress\/index.php?rest_route=\/wp\/v2\/posts\/3472\/revisions"}],"wp:attachment":[{"href":"https:\/\/www.achimbrueckner.de\/dxradio\/php\/wordpress\/index.php?rest_route=%2Fwp%2Fv2%2Fmedia&parent=3472"}],"wp:term":[{"taxonomy":"category","embeddable":true,"href":"https:\/\/www.achimbrueckner.de\/dxradio\/php\/wordpress\/index.php?rest_route=%2Fwp%2Fv2%2Fcategories&post=3472"},{"taxonomy":"post_tag","embeddable":true,"href":"https:\/\/www.achimbrueckner.de\/dxradio\/php\/wordpress\/index.php?rest_route=%2Fwp%2Fv2%2Ftags&post=3472"}],"curies":[{"name":"wp","href":"https:\/\/api.w.org\/{rel}","templated":true}]}}