{"id":34735,"date":"2022-02-27T09:39:26","date_gmt":"2022-02-27T09:39:26","guid":{"rendered":"https:\/\/www.achimbrueckner.de\/dxradio\/php\/wordpress\/?p=34735"},"modified":"2022-02-27T09:39:26","modified_gmt":"2022-02-27T09:39:26","slug":"jan-koppen-und-guido-riedel-pimpen-alte-mobel-auf","status":"publish","type":"post","link":"https:\/\/www.achimbrueckner.de\/dxradio\/php\/wordpress\/?p=34735","title":{"rendered":"Jan K\u00f6ppen und Guido Riedel pimpen alte M\u00f6bel auf"},"content":{"rendered":"<p><a href=\"https:\/\/www1.wdr.de\/fernsehen\/lokalzeit\/suedwestfalen\/videos\/video-jan-koeppen-und-guido-riedel-pimpen-alte-moebel-auf--100.html\" rel=\"noopener\" target=\"_blank\">https:\/\/www1.wdr.de\/fernsehen\/lokalzeit\/suedwestfalen\/videos\/video-jan-koeppen-und-guido-riedel-pimpen-alte-moebel-auf&#8211;100.html<\/a><\/p>\n","protected":false},"excerpt":{"rendered":"<p>https:\/\/www1.wdr.de\/fernsehen\/lokalzeit\/suedwestfalen\/videos\/video-jan-koeppen-und-guido-riedel-pimpen-alte-moebel-auf&#8211;100.html<\/p>\n","protected":false},"author":1,"featured_media":0,"comment_status":"closed","ping_status":"open","sticky":false,"template":"","format":"standard","meta":{"_jetpack_memberships_contains_paid_content":false,"footnotes":"","jetpack_publicize_message":"","jetpack_publicize_feature_enabled":true,"jetpack_social_post_already_shared":true,"jetpack_social_options":{"image_generator_settings":{"template":"highway","default_image_id":0,"font":"","enabled":false},"version":2}},"categories":[1],"tags":[],"class_list":["post-34735","post","type-post","status-publish","format-standard","hentry","category-deutsch"],"jetpack_publicize_connections":[],"jetpack_featured_media_url":"","jetpack_sharing_enabled":true,"jetpack_shortlink":"https:\/\/wp.me\/p5CDmr-92f","jetpack-related-posts":[{"id":24047,"url":"https:\/\/www.achimbrueckner.de\/dxradio\/php\/wordpress\/?p=24047","url_meta":{"origin":34735,"position":0},"title":"Auf H\u00f6rerfang: RTL Radio entwickelt neuartige Audio-Konzepte mit Vox-Moderator Guido Maria Kretschmer","author":"Administrator","date":"July 31, 2019","format":false,"excerpt":"https:\/\/meedia.de\/2019\/07\/31\/auf-hoererfang-rtl-radio-entwickelt-neuartige-audio-konzepte-mit-vox-moderator-guido-maria-kretschmer\/","rel":"","context":"In &quot;audio&quot;","block_context":{"text":"audio","link":"https:\/\/www.achimbrueckner.de\/dxradio\/php\/wordpress\/?cat=47"},"img":{"alt_text":"","src":"","width":0,"height":0},"classes":[]},{"id":24313,"url":"https:\/\/www.achimbrueckner.de\/dxradio\/php\/wordpress\/?p=24313","url_meta":{"origin":34735,"position":1},"title":"Neue Radioserien mit Guido Cantz, Ingolf L\u00fcck und Guildo Horn bei WDR4","author":"Administrator","date":"August 19, 2019","format":false,"excerpt":"http:\/\/www.radiowoche.de\/neue-radioserien-mit-guido-cantz-ingolf-lueck-und-guildo-horn-bei-wdr4\/","rel":"","context":"In &quot;Deutsch&quot;","block_context":{"text":"Deutsch","link":"https:\/\/www.achimbrueckner.de\/dxradio\/php\/wordpress\/?cat=1"},"img":{"alt_text":"","src":"","width":0,"height":0},"classes":[]},{"id":2217,"url":"https:\/\/www.achimbrueckner.de\/dxradio\/php\/wordpress\/?p=2217","url_meta":{"origin":34735,"position":2},"title":"DX-Antwerp Tage der offenen T\u00fcr und => Kurzwellen-Sendung","author":"Administrator","date":"April 16, 2012","format":false,"excerpt":"DX-Antwerp Tage der offenen T\u00fcr und => Kurzwellen-Sendung < = Am 19-20 Mai veranstaltet DX-Antwerp vzw nach j\u00e4hrliche Tradition seine Tage der Offenen T\u00fcr. In diesem Jahr jedoch, feiern wir auch den 30. Jahrestag des Vereins. Anl\u00e4sslich dieses Jubil\u00e4ums veranstalteten wir auch weitere Aktivit\u00e4ten. Selbstverst\u00e4ndlich haben wir unsere traditionelle Demo-Setups,\u2026","rel":"","context":"In &quot;camps&quot;","block_context":{"text":"camps","link":"https:\/\/www.achimbrueckner.de\/dxradio\/php\/wordpress\/?cat=5"},"img":{"alt_text":"","src":"","width":0,"height":0},"classes":[]},{"id":355,"url":"https:\/\/www.achimbrueckner.de\/dxradio\/php\/wordpress\/?p=355","url_meta":{"origin":34735,"position":3},"title":"Radio Luxemburg feature","author":"Administrator","date":"December 7, 2007","format":false,"excerpt":"SWR2Radio am 13. Dezember 2007 Ab 20.03 Uhr Feature \"Der goldene L\u00f6we\". Die Geschichte von Radio Luxemburg. Von Guido Meyer Info via Paul Gager auf A-DX","rel":"","context":"In &quot;Deutsch&quot;","block_context":{"text":"Deutsch","link":"https:\/\/www.achimbrueckner.de\/dxradio\/php\/wordpress\/?cat=1"},"img":{"alt_text":"","src":"","width":0,"height":0},"classes":[]},{"id":2271,"url":"https:\/\/www.achimbrueckner.de\/dxradio\/php\/wordpress\/?p=2271","url_meta":{"origin":34735,"position":4},"title":"Oldtimer-Radios Das Beste aus den 60ern, den 70ern und von vorgestern","author":"Administrator","date":"July 21, 2012","format":false,"excerpt":"Auf Spiegel-Online gibt es einen Artikel zum Thema alte Autoradios: Oldtimer-Radios Das Beste aus den 60ern, den 70ern und von vorgestern http:\/\/www.spiegel.de\/karriere\/berufsleben\/historische-autoradios-reparieren-ein-job-fuer-oldtimerfans-a-845352.html Info via A-DX","rel":"","context":"In &quot;Deutsch&quot;","block_context":{"text":"Deutsch","link":"https:\/\/www.achimbrueckner.de\/dxradio\/php\/wordpress\/?cat=1"},"img":{"alt_text":"","src":"","width":0,"height":0},"classes":[]},{"id":11219,"url":"https:\/\/www.achimbrueckner.de\/dxradio\/php\/wordpress\/?p=11219","url_meta":{"origin":34735,"position":5},"title":"Urlaubsradio auf Teneriffa: Zwei alte Bekannte sind wieder da","author":"Administrator","date":"November 30, 2016","format":false,"excerpt":"https:\/\/smartphonefan.wordpress.com\/2016\/11\/25\/urlaubsradio-auf-teneriffa-zwei-alte-bekannte-sind-wieder-da\/","rel":"","context":"In &quot;Deutsch&quot;","block_context":{"text":"Deutsch","link":"https:\/\/www.achimbrueckner.de\/dxradio\/php\/wordpress\/?cat=1"},"img":{"alt_text":"","src":"","width":0,"height":0},"classes":[]}],"_links":{"self":[{"href":"https:\/\/www.achimbrueckner.de\/dxradio\/php\/wordpress\/index.php?rest_route=\/wp\/v2\/posts\/34735","targetHints":{"allow":["GET"]}}],"collection":[{"href":"https:\/\/www.achimbrueckner.de\/dxradio\/php\/wordpress\/index.php?rest_route=\/wp\/v2\/posts"}],"about":[{"href":"https:\/\/www.achimbrueckner.de\/dxradio\/php\/wordpress\/index.php?rest_route=\/wp\/v2\/types\/post"}],"author":[{"embeddable":true,"href":"https:\/\/www.achimbrueckner.de\/dxradio\/php\/wordpress\/index.php?rest_route=\/wp\/v2\/users\/1"}],"replies":[{"embeddable":true,"href":"https:\/\/www.achimbrueckner.de\/dxradio\/php\/wordpress\/index.php?rest_route=%2Fwp%2Fv2%2Fcomments&post=34735"}],"version-history":[{"count":0,"href":"https:\/\/www.achimbrueckner.de\/dxradio\/php\/wordpress\/index.php?rest_route=\/wp\/v2\/posts\/34735\/revisions"}],"wp:attachment":[{"href":"https:\/\/www.achimbrueckner.de\/dxradio\/php\/wordpress\/index.php?rest_route=%2Fwp%2Fv2%2Fmedia&parent=34735"}],"wp:term":[{"taxonomy":"category","embeddable":true,"href":"https:\/\/www.achimbrueckner.de\/dxradio\/php\/wordpress\/index.php?rest_route=%2Fwp%2Fv2%2Fcategories&post=34735"},{"taxonomy":"post_tag","embeddable":true,"href":"https:\/\/www.achimbrueckner.de\/dxradio\/php\/wordpress\/index.php?rest_route=%2Fwp%2Fv2%2Ftags&post=34735"}],"curies":[{"name":"wp","href":"https:\/\/api.w.org\/{rel}","templated":true}]}}