{"id":34736,"date":"2022-02-28T09:32:33","date_gmt":"2022-02-28T09:32:33","guid":{"rendered":"https:\/\/www.achimbrueckner.de\/dxradio\/php\/wordpress\/?p=34736"},"modified":"2022-02-28T09:32:33","modified_gmt":"2022-02-28T09:32:33","slug":"der-eiserne-vorhang-ist-wieder-da-und-die-mittelwelle","status":"publish","type":"post","link":"https:\/\/www.achimbrueckner.de\/dxradio\/php\/wordpress\/?p=34736","title":{"rendered":"Der eiserne Vorhang ist wieder da \u2013 und die Mittelwelle"},"content":{"rendered":"<p><a href=\"https:\/\/www.radioszene.de\/161557\/mittelwelle-2022.html\" rel=\"noopener\" target=\"_blank\">https:\/\/www.radioszene.de\/161557\/mittelwelle-2022.html<\/a><\/p>\n","protected":false},"excerpt":{"rendered":"<p>https:\/\/www.radioszene.de\/161557\/mittelwelle-2022.html<\/p>\n","protected":false},"author":1,"featured_media":0,"comment_status":"closed","ping_status":"open","sticky":false,"template":"","format":"standard","meta":{"_jetpack_memberships_contains_paid_content":false,"footnotes":"","jetpack_publicize_message":"","jetpack_publicize_feature_enabled":true,"jetpack_social_post_already_shared":true,"jetpack_social_options":{"image_generator_settings":{"template":"highway","default_image_id":0,"font":"","enabled":false},"version":2}},"categories":[1],"tags":[],"class_list":["post-34736","post","type-post","status-publish","format-standard","hentry","category-deutsch"],"jetpack_publicize_connections":[],"jetpack_featured_media_url":"","jetpack_sharing_enabled":true,"jetpack_shortlink":"https:\/\/wp.me\/p5CDmr-92g","jetpack-related-posts":[{"id":31810,"url":"https:\/\/www.achimbrueckner.de\/dxradio\/php\/wordpress\/?p=31810","url_meta":{"origin":34736,"position":0},"title":"Litauen Rimantas Pleykis RIP","author":"Administrator","date":"January 25, 2021","format":false,"excerpt":"Traurige Nachrichten aus Litauen: Wieder verl\u00e4sst eine Radiopers\u00f6nlichkeit diese Welt viel zu fr\u00fch. Gestern wurde bekannt, dass der Gr\u00fcnder des ersten Privatradios zu Zeiten der Sowjetunion, Radio M1 sowie der Gr\u00fcnder und Betreiber der Mittelwelle 1386 kHz (Radio Baltic Waves), Rimantas Pleykis im Alter von nur 64 Jahren gestorben ist.\u2026","rel":"","context":"In &quot;audio&quot;","block_context":{"text":"audio","link":"https:\/\/www.achimbrueckner.de\/dxradio\/php\/wordpress\/?cat=47"},"img":{"alt_text":"","src":"","width":0,"height":0},"classes":[]},{"id":957,"url":"https:\/\/www.achimbrueckner.de\/dxradio\/php\/wordpress\/?p=957","url_meta":{"origin":34736,"position":1},"title":"Radio Bremen 936 Khz","author":"Administrator","date":"March 13, 2010","format":false,"excerpt":"Radio Bremen plant aus wirtschaftlichen Gr\u00fcnden (es geht um Kostensenkung) die Mittelwelle abzuschalten. Unser Programm ist ja neben UKW, Kabel und Satellit auch mittlerweile via Internet weltweit zu empfangen, so dass vermutlich die Mittelwelle nur noch von wenigen H\u00f6rerinnen und H\u00f6rern genutzt wird. Wir hoffen, dass Sie nicht ausschlie\u00dflich auf\u2026","rel":"","context":"In &quot;Deutsch&quot;","block_context":{"text":"Deutsch","link":"https:\/\/www.achimbrueckner.de\/dxradio\/php\/wordpress\/?cat=1"},"img":{"alt_text":"","src":"","width":0,"height":0},"classes":[]},{"id":1271,"url":"https:\/\/www.achimbrueckner.de\/dxradio\/php\/wordpress\/?p=1271","url_meta":{"origin":34736,"position":2},"title":"Radio Gloria","author":"Administrator","date":"December 8, 2010","format":false,"excerpt":"Hallo Hobbyfreunde, heutzutage werden viele Stationen auf der Kurz- oder Mittelwelle dichtgemacht, doch nun gibt es endlich mal eine positive Meldung! Vielen DXern d\u00fcrfte der Name Peter Galliker ein Begriff sein. Er leitete Mitte der 90er Jahre zusammen mit Yves von \"International Music Radio\" und DJ Stevie von \"Radio Sparks\"\u2026","rel":"","context":"In &quot;Deutsch&quot;","block_context":{"text":"Deutsch","link":"https:\/\/www.achimbrueckner.de\/dxradio\/php\/wordpress\/?cat=1"},"img":{"alt_text":"","src":"","width":0,"height":0},"classes":[]},{"id":3567,"url":"https:\/\/www.achimbrueckner.de\/dxradio\/php\/wordpress\/?p=3567","url_meta":{"origin":34736,"position":3},"title":"Was ist eigentlich mit der Mittelwelle?","author":"Administrator","date":"September 24, 2014","format":false,"excerpt":"http:\/\/www.radioszene.de\/73108\/ist-eigentlich-mit-der-mittelwelle.html","rel":"","context":"In &quot;Deutsch&quot;","block_context":{"text":"Deutsch","link":"https:\/\/www.achimbrueckner.de\/dxradio\/php\/wordpress\/?cat=1"},"img":{"alt_text":"","src":"","width":0,"height":0},"classes":[]},{"id":7108,"url":"https:\/\/www.achimbrueckner.de\/dxradio\/php\/wordpress\/?p=7108","url_meta":{"origin":34736,"position":4},"title":"Der Deutschlandfunk schaltet die Mittelwelle ab","author":"Administrator","date":"December 30, 2015","format":false,"excerpt":"http:\/\/www.badische-zeitung.de\/computer-medien-1\/der-deutschlandfunk-schaltet-die-mittelwelle-ab--115684062.html","rel":"","context":"In &quot;Deutsch&quot;","block_context":{"text":"Deutsch","link":"https:\/\/www.achimbrueckner.de\/dxradio\/php\/wordpress\/?cat=1"},"img":{"alt_text":"","src":"","width":0,"height":0},"classes":[]},{"id":23971,"url":"https:\/\/www.achimbrueckner.de\/dxradio\/php\/wordpress\/?p=23971","url_meta":{"origin":34736,"position":5},"title":"Radio \u2013 viel mehr als nur UKW und Mittelwelle","author":"Administrator","date":"July 26, 2019","format":false,"excerpt":"https:\/\/www.radioszene.de\/135270\/radio-4kq-ukw-mittelwelle-dab.html","rel":"","context":"In &quot;Deutsch&quot;","block_context":{"text":"Deutsch","link":"https:\/\/www.achimbrueckner.de\/dxradio\/php\/wordpress\/?cat=1"},"img":{"alt_text":"","src":"","width":0,"height":0},"classes":[]}],"_links":{"self":[{"href":"https:\/\/www.achimbrueckner.de\/dxradio\/php\/wordpress\/index.php?rest_route=\/wp\/v2\/posts\/34736","targetHints":{"allow":["GET"]}}],"collection":[{"href":"https:\/\/www.achimbrueckner.de\/dxradio\/php\/wordpress\/index.php?rest_route=\/wp\/v2\/posts"}],"about":[{"href":"https:\/\/www.achimbrueckner.de\/dxradio\/php\/wordpress\/index.php?rest_route=\/wp\/v2\/types\/post"}],"author":[{"embeddable":true,"href":"https:\/\/www.achimbrueckner.de\/dxradio\/php\/wordpress\/index.php?rest_route=\/wp\/v2\/users\/1"}],"replies":[{"embeddable":true,"href":"https:\/\/www.achimbrueckner.de\/dxradio\/php\/wordpress\/index.php?rest_route=%2Fwp%2Fv2%2Fcomments&post=34736"}],"version-history":[{"count":0,"href":"https:\/\/www.achimbrueckner.de\/dxradio\/php\/wordpress\/index.php?rest_route=\/wp\/v2\/posts\/34736\/revisions"}],"wp:attachment":[{"href":"https:\/\/www.achimbrueckner.de\/dxradio\/php\/wordpress\/index.php?rest_route=%2Fwp%2Fv2%2Fmedia&parent=34736"}],"wp:term":[{"taxonomy":"category","embeddable":true,"href":"https:\/\/www.achimbrueckner.de\/dxradio\/php\/wordpress\/index.php?rest_route=%2Fwp%2Fv2%2Fcategories&post=34736"},{"taxonomy":"post_tag","embeddable":true,"href":"https:\/\/www.achimbrueckner.de\/dxradio\/php\/wordpress\/index.php?rest_route=%2Fwp%2Fv2%2Ftags&post=34736"}],"curies":[{"name":"wp","href":"https:\/\/api.w.org\/{rel}","templated":true}]}}