{"id":34738,"date":"2022-02-28T09:37:53","date_gmt":"2022-02-28T09:37:53","guid":{"rendered":"https:\/\/www.achimbrueckner.de\/dxradio\/php\/wordpress\/?p=34738"},"modified":"2022-02-28T09:37:53","modified_gmt":"2022-02-28T09:37:53","slug":"radio-sudtirol-wieder-uber-stream-horbar","status":"publish","type":"post","link":"https:\/\/www.achimbrueckner.de\/dxradio\/php\/wordpress\/?p=34738","title":{"rendered":"Radio S\u00fcdtirol wieder \u00fcber Stream h\u00f6rbar"},"content":{"rendered":"<p>Radio S\u00fcdtirol wieder \u00fcber Stream h\u00f6rbar<br \/>\nNach langer Pause kann Radio S\u00fcdtirol auch wieder \u00fcbers Internet empfangen werden. Sowohl \u00fcber die Webseite, als auch \u00fcber Direktstream.<br \/>\nSiegfried Torggler meldet sich zu den Nachrichten aus dem Studio in M\u00fcnchen. Die Musik ist wohl einmalig: nacheinander laufen Schlager, Techno, Volksmusik, Oldies&#8230;.<br \/>\nhttps:\/\/radiosuedtirol.eu?option=com_frontpage&#038;Itemid=1<br \/>\nhttp:\/\/92.248.41.21:88<\/p>\n<p>Info via Facebook<\/p>\n","protected":false},"excerpt":{"rendered":"<p>Radio S\u00fcdtirol wieder \u00fcber Stream h\u00f6rbar Nach langer Pause kann Radio S\u00fcdtirol auch wieder \u00fcbers Internet empfangen werden. Sowohl \u00fcber die Webseite, als auch \u00fcber Direktstream. Siegfried Torggler meldet sich zu den Nachrichten aus dem Studio in M\u00fcnchen. Die Musik ist wohl einmalig: nacheinander laufen Schlager, Techno, Volksmusik, Oldies&#8230;. https:\/\/radiosuedtirol.eu?option=com_frontpage&#038;Itemid=1 http:\/\/92.248.41.21:88 Info via Facebook<\/p>\n","protected":false},"author":1,"featured_media":0,"comment_status":"closed","ping_status":"open","sticky":false,"template":"","format":"standard","meta":{"_jetpack_memberships_contains_paid_content":false,"footnotes":"","jetpack_publicize_message":"","jetpack_publicize_feature_enabled":true,"jetpack_social_post_already_shared":true,"jetpack_social_options":{"image_generator_settings":{"template":"highway","default_image_id":0,"font":"","enabled":false},"version":2}},"categories":[1],"tags":[],"class_list":["post-34738","post","type-post","status-publish","format-standard","hentry","category-deutsch"],"jetpack_publicize_connections":[],"jetpack_featured_media_url":"","jetpack_sharing_enabled":true,"jetpack_shortlink":"https:\/\/wp.me\/p5CDmr-92i","jetpack-related-posts":[{"id":3668,"url":"https:\/\/www.achimbrueckner.de\/dxradio\/php\/wordpress\/?p=3668","url_meta":{"origin":34738,"position":0},"title":"S\u00fcdtirol &#8211; H\u00f6rbar besser h\u00f6rbar &#8211; 33 digitale Radiosender landesweit","author":"Administrator","date":"October 15, 2014","format":false,"excerpt":"http:\/\/www.stol.it\/Artikel\/Chronik-im-Ueberblick\/Lokal\/Hoerbar-besser-hoerbar-33-digitale-Radiosender-landesweit","rel":"","context":"In &quot;Deutsch&quot;","block_context":{"text":"Deutsch","link":"https:\/\/www.achimbrueckner.de\/dxradio\/php\/wordpress\/?cat=1"},"img":{"alt_text":"","src":"","width":0,"height":0},"classes":[]},{"id":33342,"url":"https:\/\/www.achimbrueckner.de\/dxradio\/php\/wordpress\/?p=33342","url_meta":{"origin":34738,"position":1},"title":"FMK S\u00fcdtirol Stream mit hunderten neuer Original Jingles","author":"Administrator","date":"August 15, 2021","format":false,"excerpt":"FMK S\u00fcdtirol Stream mit hunderten neuer Original Jingles Der FMK S\u00fcdtirol Memorialstream wurde nun um hunderte neuer Kenner, Ansagen und Trailer erweitert. Vielen Dank an Robert Galley f\u00fcr diese Arbeit und Unterst\u00fctzung. Die Stationvoice des FMK-Streams ist kein geringerer als Stephan Kaiser! Viel Spa\u00df beim Wiederh\u00f6ren von: Radio Brenner\/S\u00fcdtirol 1,\u2026","rel":"","context":"In &quot;Deutsch&quot;","block_context":{"text":"Deutsch","link":"https:\/\/www.achimbrueckner.de\/dxradio\/php\/wordpress\/?cat=1"},"img":{"alt_text":"","src":"","width":0,"height":0},"classes":[]},{"id":27971,"url":"https:\/\/www.achimbrueckner.de\/dxradio\/php\/wordpress\/?p=27971","url_meta":{"origin":34738,"position":2},"title":"R.I.P. \u201eMighty Mike\u201c","author":"Administrator","date":"April 3, 2020","format":false,"excerpt":"Radiomacher, Ex-Kollege und Freund Mike Schneider ist pl\u00f6tzlich an einer Blut-Infektion auf den Philippinen verstorben, teilt seine Lebensgef\u00e4hrtin heute Mittag mit. Es bestand kein Zusammenhang mit Corona. Ein toller Mensch aus der Pionierzeit des privaten Rundfunks ist nicht mehr da. Ein Mensch, mit dem ich lustige Zeiten bei Radio Donau\u2026","rel":"","context":"In &quot;Deutsch&quot;","block_context":{"text":"Deutsch","link":"https:\/\/www.achimbrueckner.de\/dxradio\/php\/wordpress\/?cat=1"},"img":{"alt_text":"","src":"","width":0,"height":0},"classes":[]},{"id":724,"url":"https:\/\/www.achimbrueckner.de\/dxradio\/php\/wordpress\/?p=724","url_meta":{"origin":34738,"position":3},"title":"Hamburger Lokalradio stream","author":"Administrator","date":"November 28, 2009","format":false,"excerpt":"Die \u00fcber die Kurzwelle 5980 kHz aus Krekel ab 1.12.2009 ausgestrahlten Sendungen des Hamburger Lokalradios (t\u00e4glich 10:00-12:00 Uhr, an den Weihnachtstagen mit erweitertem Sendeplan) sind \u00fcber die folgende Streamadresse h\u00f6rbar. http:\/\/www.addx.de:8000\/listen.pls bzw. \u00fcber die Redirect-Adresse http:\/\/www.addx.de\/web999 Der Stream (MP3, 80 kbps, mono) ist auf maximal 150 H\u00f6rer ausgelegt und ist\u2026","rel":"","context":"In &quot;Deutsch&quot;","block_context":{"text":"Deutsch","link":"https:\/\/www.achimbrueckner.de\/dxradio\/php\/wordpress\/?cat=1"},"img":{"alt_text":"","src":"","width":0,"height":0},"classes":[]},{"id":1402,"url":"https:\/\/www.achimbrueckner.de\/dxradio\/php\/wordpress\/?p=1402","url_meta":{"origin":34738,"position":4},"title":"Programmtipp &#8211; Erinnerungen an Radio Ropa Info","author":"Administrator","date":"March 12, 2011","format":false,"excerpt":"Sonntag, 13.03.11, 19:00- ca. 20:15h: Radio Ropa Info mit Manfred B\u00f6hm und seinen DX-Sendungen geh\u00f6rte zum absoluten Ohrenschmaus f\u00fcr uns Radiofreaks und DXer. FM Kompakt erinnert an den DX Report, an den ersten Beitrag von Markus Weidner im Studio bei Manfred (am 01.11.92), Manfred B\u00f6hm zur Einstellung des DX Reports\u2026","rel":"","context":"In &quot;Deutsch&quot;","block_context":{"text":"Deutsch","link":"https:\/\/www.achimbrueckner.de\/dxradio\/php\/wordpress\/?cat=1"},"img":{"alt_text":"","src":"","width":0,"height":0},"classes":[]},{"id":38196,"url":"https:\/\/www.achimbrueckner.de\/dxradio\/php\/wordpress\/?p=38196","url_meta":{"origin":34738,"position":5},"title":"Sendersuchlauf \u00fcber DAB Plus in S\u00fcdtirol\/Altenburg Gemeinde Kaltern","author":"Administrator","date":"December 13, 2022","format":false,"excerpt":"https:\/\/www.youtube.com\/watch?v=y3yhMbfO0sI","rel":"","context":"In &quot;Deutsch&quot;","block_context":{"text":"Deutsch","link":"https:\/\/www.achimbrueckner.de\/dxradio\/php\/wordpress\/?cat=1"},"img":{"alt_text":"","src":"","width":0,"height":0},"classes":[]}],"_links":{"self":[{"href":"https:\/\/www.achimbrueckner.de\/dxradio\/php\/wordpress\/index.php?rest_route=\/wp\/v2\/posts\/34738","targetHints":{"allow":["GET"]}}],"collection":[{"href":"https:\/\/www.achimbrueckner.de\/dxradio\/php\/wordpress\/index.php?rest_route=\/wp\/v2\/posts"}],"about":[{"href":"https:\/\/www.achimbrueckner.de\/dxradio\/php\/wordpress\/index.php?rest_route=\/wp\/v2\/types\/post"}],"author":[{"embeddable":true,"href":"https:\/\/www.achimbrueckner.de\/dxradio\/php\/wordpress\/index.php?rest_route=\/wp\/v2\/users\/1"}],"replies":[{"embeddable":true,"href":"https:\/\/www.achimbrueckner.de\/dxradio\/php\/wordpress\/index.php?rest_route=%2Fwp%2Fv2%2Fcomments&post=34738"}],"version-history":[{"count":0,"href":"https:\/\/www.achimbrueckner.de\/dxradio\/php\/wordpress\/index.php?rest_route=\/wp\/v2\/posts\/34738\/revisions"}],"wp:attachment":[{"href":"https:\/\/www.achimbrueckner.de\/dxradio\/php\/wordpress\/index.php?rest_route=%2Fwp%2Fv2%2Fmedia&parent=34738"}],"wp:term":[{"taxonomy":"category","embeddable":true,"href":"https:\/\/www.achimbrueckner.de\/dxradio\/php\/wordpress\/index.php?rest_route=%2Fwp%2Fv2%2Fcategories&post=34738"},{"taxonomy":"post_tag","embeddable":true,"href":"https:\/\/www.achimbrueckner.de\/dxradio\/php\/wordpress\/index.php?rest_route=%2Fwp%2Fv2%2Ftags&post=34738"}],"curies":[{"name":"wp","href":"https:\/\/api.w.org\/{rel}","templated":true}]}}