{"id":3524,"date":"2014-09-13T07:15:13","date_gmt":"2014-09-13T07:15:13","guid":{"rendered":"https:\/\/www.achimbrueckner.de\/dxradio\/php\/wordpress\/?p=3524"},"modified":"2014-09-13T07:15:13","modified_gmt":"2014-09-13T07:15:13","slug":"der-ifa-bericht-2014-von-rainer-suckow-fur-einfach-radio-de","status":"publish","type":"post","link":"https:\/\/www.achimbrueckner.de\/dxradio\/php\/wordpress\/?p=3524","title":{"rendered":"Der IFA Bericht 2014 von Rainer Suckow f\u00fcr einfach-radio.de"},"content":{"rendered":"<p><a href=\"http:\/\/www.einfach-radio.de\/archiv\/ifa2014\/index.htm\" target=\"_blank\">http:\/\/www.einfach-radio.de\/archiv\/ifa2014\/index.htm<\/a><\/p>\n","protected":false},"excerpt":{"rendered":"<p>http:\/\/www.einfach-radio.de\/archiv\/ifa2014\/index.htm<\/p>\n","protected":false},"author":1,"featured_media":0,"comment_status":"open","ping_status":"open","sticky":false,"template":"","format":"standard","meta":{"_jetpack_memberships_contains_paid_content":false,"footnotes":"","jetpack_publicize_message":"","jetpack_publicize_feature_enabled":true,"jetpack_social_post_already_shared":false,"jetpack_social_options":{"image_generator_settings":{"template":"highway","default_image_id":0,"font":"","enabled":false},"version":2}},"categories":[1],"tags":[],"class_list":["post-3524","post","type-post","status-publish","format-standard","hentry","category-deutsch"],"jetpack_publicize_connections":[],"jetpack_featured_media_url":"","jetpack_sharing_enabled":true,"jetpack_shortlink":"https:\/\/wp.me\/p5CDmr-UQ","jetpack-related-posts":[{"id":2305,"url":"https:\/\/www.achimbrueckner.de\/dxradio\/php\/wordpress\/?p=2305","url_meta":{"origin":3524,"position":0},"title":"IFA 2012 Nachlese","author":"Administrator","date":"October 3, 2012","format":false,"excerpt":"IFA 2012 Nachlese http:\/\/www.einfach-radio.de\/archiv\/ifa2012\/index.htm","rel":"","context":"In &quot;Deutsch&quot;","block_context":{"text":"Deutsch","link":"https:\/\/www.achimbrueckner.de\/dxradio\/php\/wordpress\/?cat=1"},"img":{"alt_text":"","src":"","width":0,"height":0},"classes":[]},{"id":1792,"url":"https:\/\/www.achimbrueckner.de\/dxradio\/php\/wordpress\/?p=1792","url_meta":{"origin":3524,"position":1},"title":"FMK-Radiotag 14.04.2012 N\u00fcrnberg","author":"Administrator","date":"September 14, 2011","format":false,"excerpt":"Liebe Radiofreunde, am Samstag, den 14.04.2012 findet der n\u00e4chste FMK-Radiotag statt ! Dank der Unterst\u00fctzung von J\u00f6rn Krieger wurde erneut ein ganz besonders interessanter Ablauf zusammengestellt - diesesmal treffen wir uns in der Region F\u00fcrth\/N\u00fcrnberg : 11:00 Uhr : Besichtigung des Rundfunkmuseums F\u00fcrth http:\/\/www.rundfunkmuseum.fuerth.de\/german\/index.htm - mit einem SPEZIELL f\u00fcr FMK\u2026","rel":"","context":"In &quot;camps&quot;","block_context":{"text":"camps","link":"https:\/\/www.achimbrueckner.de\/dxradio\/php\/wordpress\/?cat=5"},"img":{"alt_text":"","src":"","width":0,"height":0},"classes":[]},{"id":13681,"url":"https:\/\/www.achimbrueckner.de\/dxradio\/php\/wordpress\/?p=13681","url_meta":{"origin":3524,"position":2},"title":"Radio.de plant Start bei StreamOn von der Telekom","author":"Administrator","date":"July 10, 2017","format":false,"excerpt":"https:\/\/www.teltarif.de\/radio-de-streamon-telekom\/news\/69272.html","rel":"","context":"In &quot;Deutsch&quot;","block_context":{"text":"Deutsch","link":"https:\/\/www.achimbrueckner.de\/dxradio\/php\/wordpress\/?cat=1"},"img":{"alt_text":"","src":"","width":0,"height":0},"classes":[]},{"id":526,"url":"https:\/\/www.achimbrueckner.de\/dxradio\/php\/wordpress\/?p=526","url_meta":{"origin":3524,"position":3},"title":"IFA-Bericht","author":"Administrator","date":"September 7, 2009","format":false,"excerpt":"Einen IFA-Bericht gibt es hier: http:\/\/www.knallfunke.de\/drm\/archiv\/ifa2009 \u00dcber die IFA 2009 wird diskutiert im Radioforum","rel":"","context":"In &quot;Deutsch&quot;","block_context":{"text":"Deutsch","link":"https:\/\/www.achimbrueckner.de\/dxradio\/php\/wordpress\/?cat=1"},"img":{"alt_text":"","src":"","width":0,"height":0},"classes":[]},{"id":14473,"url":"https:\/\/www.achimbrueckner.de\/dxradio\/php\/wordpress\/?p=14473","url_meta":{"origin":3524,"position":4},"title":"radio.de ver\u00f6ffentlicht eigenen Skill f\u00fcr den Cloud-basierten Sprachdienst Amazon Alexa und App f\u00fcr Amazon Fire-TV","author":"Administrator","date":"September 6, 2017","format":false,"excerpt":"http:\/\/www.presseportal.de\/pm\/70581\/3726788","rel":"","context":"In &quot;Deutsch&quot;","block_context":{"text":"Deutsch","link":"https:\/\/www.achimbrueckner.de\/dxradio\/php\/wordpress\/?cat=1"},"img":{"alt_text":"","src":"","width":0,"height":0},"classes":[]},{"id":36701,"url":"https:\/\/www.achimbrueckner.de\/dxradio\/php\/wordpress\/?p=36701","url_meta":{"origin":3524,"position":5},"title":"Telstar Radio webradio 1 Jahr","author":"Administrator","date":"June 25, 2022","format":false,"excerpt":"Einen sch\u00f6nen Samstag aus dem Funkhaus Nordspessrt, heute ist es soweit: Wir sind wieder live f\u00fcr Euch auf Sendung und feiern den ersten Geburtstag von Telstar Rock. Ab 10 Uhr ist Mike Anderson f\u00fcr Euch am Mikrofon, ab 12 Uhr h\u00f6rt Ihr die Croc Radioshow mit Mr. Crocodile. Jetzt einschalten\u2026","rel":"","context":"In &quot;Deutsch&quot;","block_context":{"text":"Deutsch","link":"https:\/\/www.achimbrueckner.de\/dxradio\/php\/wordpress\/?cat=1"},"img":{"alt_text":"","src":"","width":0,"height":0},"classes":[]}],"_links":{"self":[{"href":"https:\/\/www.achimbrueckner.de\/dxradio\/php\/wordpress\/index.php?rest_route=\/wp\/v2\/posts\/3524","targetHints":{"allow":["GET"]}}],"collection":[{"href":"https:\/\/www.achimbrueckner.de\/dxradio\/php\/wordpress\/index.php?rest_route=\/wp\/v2\/posts"}],"about":[{"href":"https:\/\/www.achimbrueckner.de\/dxradio\/php\/wordpress\/index.php?rest_route=\/wp\/v2\/types\/post"}],"author":[{"embeddable":true,"href":"https:\/\/www.achimbrueckner.de\/dxradio\/php\/wordpress\/index.php?rest_route=\/wp\/v2\/users\/1"}],"replies":[{"embeddable":true,"href":"https:\/\/www.achimbrueckner.de\/dxradio\/php\/wordpress\/index.php?rest_route=%2Fwp%2Fv2%2Fcomments&post=3524"}],"version-history":[{"count":0,"href":"https:\/\/www.achimbrueckner.de\/dxradio\/php\/wordpress\/index.php?rest_route=\/wp\/v2\/posts\/3524\/revisions"}],"wp:attachment":[{"href":"https:\/\/www.achimbrueckner.de\/dxradio\/php\/wordpress\/index.php?rest_route=%2Fwp%2Fv2%2Fmedia&parent=3524"}],"wp:term":[{"taxonomy":"category","embeddable":true,"href":"https:\/\/www.achimbrueckner.de\/dxradio\/php\/wordpress\/index.php?rest_route=%2Fwp%2Fv2%2Fcategories&post=3524"},{"taxonomy":"post_tag","embeddable":true,"href":"https:\/\/www.achimbrueckner.de\/dxradio\/php\/wordpress\/index.php?rest_route=%2Fwp%2Fv2%2Ftags&post=3524"}],"curies":[{"name":"wp","href":"https:\/\/api.w.org\/{rel}","templated":true}]}}