{"id":3530,"date":"2014-09-14T08:18:37","date_gmt":"2014-09-14T08:18:37","guid":{"rendered":"https:\/\/www.achimbrueckner.de\/dxradio\/php\/wordpress\/?p=3530"},"modified":"2014-09-14T08:18:37","modified_gmt":"2014-09-14T08:18:37","slug":"swr-tv-bericht-uber-lw-donebach","status":"publish","type":"post","link":"https:\/\/www.achimbrueckner.de\/dxradio\/php\/wordpress\/?p=3530","title":{"rendered":"SWR-TV -Bericht \u00fcber LW-Donebach"},"content":{"rendered":"<p>Nach dem 31. Dez. 2014 wird hier verschrottet:<\/p>\n<p>am vergangenen Freitag kam im SWR-Fernsehen in der Sendereihe \u201cExpedition in<br \/>\ndie Heimat\u201d der Film \u201cUnterwegs im Madonnenl\u00e4ndchen\u201d \u2013 dort wurde auch dem<br \/>\nLW-Sender MBR \/ DLF Donebach ein Besuch abgestattet.<\/p>\n<p>Ein Techniker der Fa. Media Broadcast gibt der Reporterin Auskunft zur 1967<br \/>\nerbauten Sendeanlage \u2013 u.a. ist auch ein Film zu sehen, der den Umbau der<br \/>\nSendeantenne auf Richtstrahlung nachts zur Ausblendung Richtung Rum\u00e4nien<br \/>\nzeigt.<\/p>\n<p>Der Techniker wird auch befragt, wie lange von dort aus gesendet wird \u2013 die<br \/>\nAuskunft ist etwas ausweichend, aber exakt \u201csolange der DLF uns damit<br \/>\nbeauftragt\u201d \u2013 der Chef der DLF-Sendetechnik hatte in der DLF-Hauszeitschrift<br \/>\nschon angek\u00fcndigt, da\u00df am 31.12.2014 der LW-Sendebetrieb in DL eingestellt<br \/>\nwerden soll.<\/p>\n<p>Der Bericht \u00fcber Donebach beginnt ab Minute 16 bis 20.30m.<\/p>\n<p><a href=\"http:\/\/swrmediathek.de\/player.htm?show=74767fc0-3a82-11e4-9f31-0026b975f2e6\" target=\"_blank\">http:\/\/swrmediathek.de\/player.htm?show=74767fc0-3a82-11e4-9f31-0026b975f2e6<\/a><\/p>\n<p>Info via <a href=\"http:\/\/www.ratzer.at\" target=\"_blank\">A-DX<\/a><\/p>\n","protected":false},"excerpt":{"rendered":"<p>Nach dem 31. Dez. 2014 wird hier verschrottet: am vergangenen Freitag kam im SWR-Fernsehen in der Sendereihe \u201cExpedition in die Heimat\u201d der Film \u201cUnterwegs im Madonnenl\u00e4ndchen\u201d \u2013 dort wurde auch dem LW-Sender MBR \/ DLF Donebach ein Besuch abgestattet. Ein Techniker der Fa. Media Broadcast gibt der Reporterin Auskunft zur 1967 erbauten Sendeanlage \u2013 u.a. &hellip; <a href=\"https:\/\/www.achimbrueckner.de\/dxradio\/php\/wordpress\/?p=3530\" class=\"more-link\">Continue reading <span class=\"screen-reader-text\">SWR-TV -Bericht \u00fcber LW-Donebach<\/span><\/a><\/p>\n","protected":false},"author":1,"featured_media":0,"comment_status":"open","ping_status":"open","sticky":false,"template":"","format":"standard","meta":{"_jetpack_memberships_contains_paid_content":false,"footnotes":"","jetpack_publicize_message":"","jetpack_publicize_feature_enabled":true,"jetpack_social_post_already_shared":false,"jetpack_social_options":{"image_generator_settings":{"template":"highway","default_image_id":0,"font":"","enabled":false},"version":2}},"categories":[1,14,17],"tags":[24,40,46],"class_list":["post-3530","post","type-post","status-publish","format-standard","hentry","category-deutsch","category-dx","category-media","tag-am","tag-dx","tag-media"],"jetpack_publicize_connections":[],"jetpack_featured_media_url":"","jetpack_sharing_enabled":true,"jetpack_shortlink":"https:\/\/wp.me\/p5CDmr-UW","jetpack-related-posts":[{"id":2076,"url":"https:\/\/www.achimbrueckner.de\/dxradio\/php\/wordpress\/?p=2076","url_meta":{"origin":3530,"position":0},"title":"50 Jahre DLF","author":"Administrator","date":"January 1, 2012","format":false,"excerpt":"Heute um 16.00 Uhr MEZ ist es soweit! Der Deutschlandfunk feiert sein 50. Jubil\u00e4um. Aus diesem Anlass hat man eine wirklich nette Seite online gestellt, auf der man viele H\u00f6hepunkte anh\u00f6ren und lesen kann: http:\/\/dlf.de\/index.22.de.html Besonders sch\u00f6n auch die Radiopannen, der Mitschnitt vom Sendestart (offensichtlich eine LW-Aufnahme) und einige Fotos.\u2026","rel":"","context":"In &quot;links&quot;","block_context":{"text":"links","link":"https:\/\/www.achimbrueckner.de\/dxradio\/php\/wordpress\/?cat=7"},"img":{"alt_text":"","src":"","width":0,"height":0},"classes":[]},{"id":8915,"url":"https:\/\/www.achimbrueckner.de\/dxradio\/php\/wordpress\/?p=8915","url_meta":{"origin":3530,"position":1},"title":"IFA-Radiotreffen 2016","author":"Administrator","date":"July 23, 2016","format":false,"excerpt":"IFA-Radiotreffen 2016 Das traditionelle Radiotreffen zur Internationalen Funkausstellung in Berlin (IFA) findet in diesem Jahr am Samstag, den 3. September 2016 statt. Es richtet sich an DX-er, Funkamateure, SWLs oder allgemein radiointeressierte Hobbyfreunde. Wie schon in fr\u00fcheren Jahren nutzen wir dazu die R\u00e4ume des Preu\u00dfischen Landwirtshauses gleich in der N\u00e4he\u2026","rel":"","context":"In &quot;camps&quot;","block_context":{"text":"camps","link":"https:\/\/www.achimbrueckner.de\/dxradio\/php\/wordpress\/?cat=5"},"img":{"alt_text":"","src":"","width":0,"height":0},"classes":[]},{"id":5458,"url":"https:\/\/www.achimbrueckner.de\/dxradio\/php\/wordpress\/?p=5458","url_meta":{"origin":3530,"position":2},"title":"IFA Radiotreffen 5 September 2015","author":"Administrator","date":"August 6, 2015","format":false,"excerpt":"Das traditionelle Radiotreffen zur Internationalen Funkausstellung in Berlin (IFA) findet in diesem Jahr am Samstag, den 5. September 2015 statt. Es richtet sich an DX-er, Funkamateure, SWLs oder allgemein radiointeressierte Hobbyfreunde. Wie schon in fr\u00fcheren Jahren nutzen wir dazu die R\u00e4ume des Preu\u00dfischen Landwirtshauses gleich in der N\u00e4he des Messegel\u00e4ndes\u2026","rel":"","context":"In &quot;camps&quot;","block_context":{"text":"camps","link":"https:\/\/www.achimbrueckner.de\/dxradio\/php\/wordpress\/?cat=5"},"img":{"alt_text":"","src":"","width":0,"height":0},"classes":[]},{"id":1746,"url":"https:\/\/www.achimbrueckner.de\/dxradio\/php\/wordpress\/?p=1746","url_meta":{"origin":3530,"position":3},"title":"Programmtip DLF &#8211; Soldatensender Belgrad","author":"Administrator","date":"August 17, 2011","format":false,"excerpt":"ein Programmtip f\u00fcr Donnertstag, den 18. August: Deutschlandfunk, 7.05 UTC\/ 9.05h, auch Deutschlanradio Kultur: 3.45 UTC\/ 5:45 Uhr und 7.55 UTC\/ 9.55 h * Vor 70 Jahren: Der deutsche Soldatensender Belgrad sendet zum ersten Mal den Schlager \"Lili Marleen\" Anschlie\u00dfend wird man das Manuskript lesen k\u00f6nnen unter: http:\/\/www.dradio.de\/dlf\/sendungen\/kalenderblatt\/ Info via\u2026","rel":"","context":"In &quot;Deutsch&quot;","block_context":{"text":"Deutsch","link":"https:\/\/www.achimbrueckner.de\/dxradio\/php\/wordpress\/?cat=1"},"img":{"alt_text":"","src":"","width":0,"height":0},"classes":[]},{"id":14225,"url":"https:\/\/www.achimbrueckner.de\/dxradio\/php\/wordpress\/?p=14225","url_meta":{"origin":3530,"position":4},"title":"IFA Treffen 2. September 2017","author":"Administrator","date":"August 20, 2017","format":false,"excerpt":"Das traditionelle Radiotreffen zur Internationalen Funkausstellung in Berlin (IFA) findet in diesem Jahr am Samstag, den 2. September 2017 statt. Es richtet sich an rundfunkbegeisterte Menschen, DX-er, Funkamateure, SWLs oder allgemein interessierte Hobbyfreunde. Wie schon in fr\u00fcheren Jahren nutzen wir dazu die R\u00e4ume des Preu\u00dfischen Landwirtshauses gleich in der N\u00e4he\u2026","rel":"","context":"In &quot;Deutsch&quot;","block_context":{"text":"Deutsch","link":"https:\/\/www.achimbrueckner.de\/dxradio\/php\/wordpress\/?cat=1"},"img":{"alt_text":"","src":"","width":0,"height":0},"classes":[]},{"id":547,"url":"https:\/\/www.achimbrueckner.de\/dxradio\/php\/wordpress\/?p=547","url_meta":{"origin":3530,"position":5},"title":"Radio Slovakia Sonder-QSL-Karte","author":"Administrator","date":"September 25, 2009","format":false,"excerpt":"Liebe Hobbyfreunde! Das Austrian DX Board (ADXB) f\u00fchrt in Zusammenarbeit mit Radio Slovakia International eine Aktion im Zeitraum im Zeitraum von November-2009 bis inklusive J\u00e4nner 2010 durch, bei der es eine Sonder-QSL Karte als Belohnung f\u00fcr korrekte Empfangsberichte geben wird. Anlass ist das 40 J\u00e4hrige Bestehen des ADXB, des einzigen\u2026","rel":"","context":"In &quot;contests&quot;","block_context":{"text":"contests","link":"https:\/\/www.achimbrueckner.de\/dxradio\/php\/wordpress\/?cat=6"},"img":{"alt_text":"","src":"","width":0,"height":0},"classes":[]}],"_links":{"self":[{"href":"https:\/\/www.achimbrueckner.de\/dxradio\/php\/wordpress\/index.php?rest_route=\/wp\/v2\/posts\/3530","targetHints":{"allow":["GET"]}}],"collection":[{"href":"https:\/\/www.achimbrueckner.de\/dxradio\/php\/wordpress\/index.php?rest_route=\/wp\/v2\/posts"}],"about":[{"href":"https:\/\/www.achimbrueckner.de\/dxradio\/php\/wordpress\/index.php?rest_route=\/wp\/v2\/types\/post"}],"author":[{"embeddable":true,"href":"https:\/\/www.achimbrueckner.de\/dxradio\/php\/wordpress\/index.php?rest_route=\/wp\/v2\/users\/1"}],"replies":[{"embeddable":true,"href":"https:\/\/www.achimbrueckner.de\/dxradio\/php\/wordpress\/index.php?rest_route=%2Fwp%2Fv2%2Fcomments&post=3530"}],"version-history":[{"count":0,"href":"https:\/\/www.achimbrueckner.de\/dxradio\/php\/wordpress\/index.php?rest_route=\/wp\/v2\/posts\/3530\/revisions"}],"wp:attachment":[{"href":"https:\/\/www.achimbrueckner.de\/dxradio\/php\/wordpress\/index.php?rest_route=%2Fwp%2Fv2%2Fmedia&parent=3530"}],"wp:term":[{"taxonomy":"category","embeddable":true,"href":"https:\/\/www.achimbrueckner.de\/dxradio\/php\/wordpress\/index.php?rest_route=%2Fwp%2Fv2%2Fcategories&post=3530"},{"taxonomy":"post_tag","embeddable":true,"href":"https:\/\/www.achimbrueckner.de\/dxradio\/php\/wordpress\/index.php?rest_route=%2Fwp%2Fv2%2Ftags&post=3530"}],"curies":[{"name":"wp","href":"https:\/\/api.w.org\/{rel}","templated":true}]}}