{"id":3531,"date":"2014-09-14T08:21:39","date_gmt":"2014-09-14T08:21:39","guid":{"rendered":"https:\/\/www.achimbrueckner.de\/dxradio\/php\/wordpress\/?p=3531"},"modified":"2014-09-14T08:21:58","modified_gmt":"2014-09-14T08:21:58","slug":"tag-des-offenen-denkmals-auch-wiederau","status":"publish","type":"post","link":"https:\/\/www.achimbrueckner.de\/dxradio\/php\/wordpress\/?p=3531","title":{"rendered":"Tag des Offenen Denkmals: Auch Wiederau"},"content":{"rendered":"<p>Im Radioforum :<br \/>\n<a href=\"http:\/\/radioforum.foren.mysnip.de\/read.php?8773,1250363,1251059#msg-1251059\" target=\"_blank\">http:\/\/radioforum.foren.mysnip.de\/read.php?8773,1250363,1251059#msg-1251059<\/a><\/p>\n<p>&#8230;hatte auch jemand diesen Link gepostet:<br \/>\n<a href=\"http:\/\/maps.tag-des-offenen-denkmals.de\/#\/denkmal\/1188837598280\" target=\"_blank\">http:\/\/maps.tag-des-offenen-denkmals.de\/#\/denkmal\/1188837598280<\/a><\/p>\n<p>&#8220;&#8230;Sender Wiederau<br \/>\nSenderstra\u00dfe 1, 04523 Pegau, Wiederau<br \/>\nBeschreibung<br \/>\n\u00c4ltester Rundfunksender in Sachsen, Baujahr 1932, diverse Erweiterung im Laufe der Jahre.<br \/>\nInsgesamt ca. 20 Geb\u00e4ude inkl. Generatorhaus, Kulturhaus, Bunker. Geplant ist, das Objekt f\u00fcr Interessierte begehbar zu machen.<\/p>\n<p>\u00d6ffnungszeiten am 14. September 2014<br \/>\n10 &#8211; 16 Uhr (sonst nicht ge\u00f6ffnet)&#8230;. &#8221;<\/p>\n<p>Info via <a href=\"http:\/\/www.ratzer.at\" target=\"_blank\">A-DX<\/a><\/p>\n","protected":false},"excerpt":{"rendered":"<p>Im Radioforum : http:\/\/radioforum.foren.mysnip.de\/read.php?8773,1250363,1251059#msg-1251059 &#8230;hatte auch jemand diesen Link gepostet: http:\/\/maps.tag-des-offenen-denkmals.de\/#\/denkmal\/1188837598280 &#8220;&#8230;Sender Wiederau Senderstra\u00dfe 1, 04523 Pegau, Wiederau Beschreibung \u00c4ltester Rundfunksender in Sachsen, Baujahr 1932, diverse Erweiterung im Laufe der Jahre. Insgesamt ca. 20 Geb\u00e4ude inkl. Generatorhaus, Kulturhaus, Bunker. Geplant ist, das Objekt f\u00fcr Interessierte begehbar zu machen. \u00d6ffnungszeiten am 14. September 2014 10 &#8211; &hellip; <a href=\"https:\/\/www.achimbrueckner.de\/dxradio\/php\/wordpress\/?p=3531\" class=\"more-link\">Continue reading <span class=\"screen-reader-text\">Tag des Offenen Denkmals: Auch Wiederau<\/span><\/a><\/p>\n","protected":false},"author":1,"featured_media":0,"comment_status":"open","ping_status":"open","sticky":false,"template":"","format":"standard","meta":{"_jetpack_memberships_contains_paid_content":false,"footnotes":"","jetpack_publicize_message":"","jetpack_publicize_feature_enabled":true,"jetpack_social_post_already_shared":false,"jetpack_social_options":{"image_generator_settings":{"template":"highway","default_image_id":0,"font":"","enabled":false},"version":2}},"categories":[5,14],"tags":[24,40],"class_list":["post-3531","post","type-post","status-publish","format-standard","hentry","category-camps","category-dx","tag-am","tag-dx"],"jetpack_publicize_connections":[],"jetpack_featured_media_url":"","jetpack_sharing_enabled":true,"jetpack_shortlink":"https:\/\/wp.me\/p5CDmr-UX","jetpack-related-posts":[{"id":10294,"url":"https:\/\/www.achimbrueckner.de\/dxradio\/php\/wordpress\/?p=10294","url_meta":{"origin":3531,"position":0},"title":"Tag des offenen Denkmals 2016","author":"Administrator","date":"September 7, 2016","format":false,"excerpt":"Vielen Dank an Roger f\u00fcr die Recherche via A-DX 1.) BERLIN http:\/\/tag-des-offenen-denkmals.de\/pdfs\/2016\/land\/BE_Programm_Denkmaltag_2016.pdf http:\/\/www.rbb-online.de\/unternehmen\/service\/veranstaltungen\/rbb_veranstaltungen.html Sonnabend, 10.09. und Sonntag, 11.09. jew. 10.00 und 12.00 Uhr \/ HAUS DES RUNDFUNKS jew. 14.00 und 16.00 Uhr \/ FERNSEHZENTRUM Sonderf\u00fchrungen zum Tag des offenen Denkmals: Rundfunkgeschichte an Originalschaupl\u00e4tzen rbb \u00f6ffnet die Baudenkm\u00e4ler Haus des Rundfunks\u2026","rel":"","context":"In &quot;Deutsch&quot;","block_context":{"text":"Deutsch","link":"https:\/\/www.achimbrueckner.de\/dxradio\/php\/wordpress\/?cat=1"},"img":{"alt_text":"","src":"","width":0,"height":0},"classes":[]},{"id":3548,"url":"https:\/\/www.achimbrueckner.de\/dxradio\/php\/wordpress\/?p=3548","url_meta":{"origin":3531,"position":1},"title":"Tag des offenen Denkmals 2014 im \u00bbSender Wiederau\u00ab","author":"Administrator","date":"September 19, 2014","format":false,"excerpt":"https:\/\/www.youtube.com\/watch?v=iI_-aHzmHLw&feature=youtu.be","rel":"","context":"In &quot;Deutsch&quot;","block_context":{"text":"Deutsch","link":"https:\/\/www.achimbrueckner.de\/dxradio\/php\/wordpress\/?cat=1"},"img":{"alt_text":"","src":"","width":0,"height":0},"classes":[]},{"id":5949,"url":"https:\/\/www.achimbrueckner.de\/dxradio\/php\/wordpress\/?p=5949","url_meta":{"origin":3531,"position":2},"title":"Tag des offenen Denkmals  Der ehemalige Rundfunksender in Wiederau \u00f6ffnet seine T\u00fcren","author":"Administrator","date":"September 14, 2015","format":false,"excerpt":"http:\/\/www.info-tv-leipzig.de\/mixed\/allgemeines\/tag-des-offenen-denkmals\/","rel":"","context":"In &quot;Deutsch&quot;","block_context":{"text":"Deutsch","link":"https:\/\/www.achimbrueckner.de\/dxradio\/php\/wordpress\/?cat=1"},"img":{"alt_text":"","src":"","width":0,"height":0},"classes":[]},{"id":3543,"url":"https:\/\/www.achimbrueckner.de\/dxradio\/php\/wordpress\/?p=3543","url_meta":{"origin":3531,"position":3},"title":"Sender Wiederau &#8211; Tag des offenen Denkmals Fotos","author":"Administrator","date":"September 18, 2014","format":false,"excerpt":"http:\/\/radioforum.foren.mysnip.de\/read.php?8773,1251975,1251975#msg-1251975","rel":"","context":"In &quot;Deutsch&quot;","block_context":{"text":"Deutsch","link":"https:\/\/www.achimbrueckner.de\/dxradio\/php\/wordpress\/?cat=1"},"img":{"alt_text":"","src":"","width":0,"height":0},"classes":[]},{"id":10119,"url":"https:\/\/www.achimbrueckner.de\/dxradio\/php\/wordpress\/?p=10119","url_meta":{"origin":3531,"position":4},"title":"Sender Wiederau beim \u201eTag des offenen Denkmals\u201c","author":"Administrator","date":"August 29, 2016","format":false,"excerpt":"http:\/\/www.radioeins.de\/programm\/sendungen\/medienmagazin\/radio_news\/beitraege\/2015\/wiederau.html","rel":"","context":"In &quot;Deutsch&quot;","block_context":{"text":"Deutsch","link":"https:\/\/www.achimbrueckner.de\/dxradio\/php\/wordpress\/?cat=1"},"img":{"alt_text":"","src":"","width":0,"height":0},"classes":[]},{"id":2425,"url":"https:\/\/www.achimbrueckner.de\/dxradio\/php\/wordpress\/?p=2425","url_meta":{"origin":3531,"position":5},"title":"MDR schaltet zum 30.April 2013 die Mittelwelle ab","author":"Administrator","date":"March 20, 2013","format":false,"excerpt":"Hallo, der MDR schaltet zum 30.04.2013 die Mittelwellensender Wiederau 783 kHz, Wilsdruff 1044 kHz und Reichenbach 1188 kHz ab. Im Programm von MDR Info mu\u00df es heute fr\u00fch schon einen Hinweis darauf gegeben haben. Ich konnte jetzt aber noch nichts dazu h\u00f6ren. Quelle: Radioforum im Internet Der Internetauftritt des MDR\u2026","rel":"","context":"In &quot;Deutsch&quot;","block_context":{"text":"Deutsch","link":"https:\/\/www.achimbrueckner.de\/dxradio\/php\/wordpress\/?cat=1"},"img":{"alt_text":"","src":"","width":0,"height":0},"classes":[]}],"_links":{"self":[{"href":"https:\/\/www.achimbrueckner.de\/dxradio\/php\/wordpress\/index.php?rest_route=\/wp\/v2\/posts\/3531","targetHints":{"allow":["GET"]}}],"collection":[{"href":"https:\/\/www.achimbrueckner.de\/dxradio\/php\/wordpress\/index.php?rest_route=\/wp\/v2\/posts"}],"about":[{"href":"https:\/\/www.achimbrueckner.de\/dxradio\/php\/wordpress\/index.php?rest_route=\/wp\/v2\/types\/post"}],"author":[{"embeddable":true,"href":"https:\/\/www.achimbrueckner.de\/dxradio\/php\/wordpress\/index.php?rest_route=\/wp\/v2\/users\/1"}],"replies":[{"embeddable":true,"href":"https:\/\/www.achimbrueckner.de\/dxradio\/php\/wordpress\/index.php?rest_route=%2Fwp%2Fv2%2Fcomments&post=3531"}],"version-history":[{"count":0,"href":"https:\/\/www.achimbrueckner.de\/dxradio\/php\/wordpress\/index.php?rest_route=\/wp\/v2\/posts\/3531\/revisions"}],"wp:attachment":[{"href":"https:\/\/www.achimbrueckner.de\/dxradio\/php\/wordpress\/index.php?rest_route=%2Fwp%2Fv2%2Fmedia&parent=3531"}],"wp:term":[{"taxonomy":"category","embeddable":true,"href":"https:\/\/www.achimbrueckner.de\/dxradio\/php\/wordpress\/index.php?rest_route=%2Fwp%2Fv2%2Fcategories&post=3531"},{"taxonomy":"post_tag","embeddable":true,"href":"https:\/\/www.achimbrueckner.de\/dxradio\/php\/wordpress\/index.php?rest_route=%2Fwp%2Fv2%2Ftags&post=3531"}],"curies":[{"name":"wp","href":"https:\/\/api.w.org\/{rel}","templated":true}]}}