{"id":3540,"date":"2014-09-17T14:52:38","date_gmt":"2014-09-17T14:52:38","guid":{"rendered":"https:\/\/www.achimbrueckner.de\/dxradio\/php\/wordpress\/?p=3540"},"modified":"2014-09-17T14:52:38","modified_gmt":"2014-09-17T14:52:38","slug":"das-smartphone-schlagt-alle-radionutzung-stagniert","status":"publish","type":"post","link":"https:\/\/www.achimbrueckner.de\/dxradio\/php\/wordpress\/?p=3540","title":{"rendered":"Das Smartphone schl\u00e4gt alle \u2013 Radionutzung stagniert"},"content":{"rendered":"<p><a href=\"http:\/\/www.radioszene.de\/72930\/studie-media-index-2014-das-smartphone-schlaegt-alle.html\" target=\"_blank\">http:\/\/www.radioszene.de\/72930\/studie-media-index-2014-das-smartphone-schlaegt-alle.html<\/a><\/p>\n","protected":false},"excerpt":{"rendered":"<p>http:\/\/www.radioszene.de\/72930\/studie-media-index-2014-das-smartphone-schlaegt-alle.html<\/p>\n","protected":false},"author":1,"featured_media":0,"comment_status":"open","ping_status":"open","sticky":false,"template":"","format":"standard","meta":{"_jetpack_memberships_contains_paid_content":false,"footnotes":"","jetpack_publicize_message":"","jetpack_publicize_feature_enabled":true,"jetpack_social_post_already_shared":false,"jetpack_social_options":{"image_generator_settings":{"template":"highway","default_image_id":0,"font":"","enabled":false},"version":2}},"categories":[1,17,16],"tags":[46,41],"class_list":["post-3540","post","type-post","status-publish","format-standard","hentry","category-deutsch","category-media","category-radioszene","tag-media","tag-radioszene"],"jetpack_publicize_connections":[],"jetpack_featured_media_url":"","jetpack_sharing_enabled":true,"jetpack_shortlink":"https:\/\/wp.me\/p5CDmr-V6","jetpack-related-posts":[{"id":13423,"url":"https:\/\/www.achimbrueckner.de\/dxradio\/php\/wordpress\/?p=13423","url_meta":{"origin":3540,"position":0},"title":"Das SmartPhone ersetzt das traditionelle Reportageger\u00e4t","author":"Administrator","date":"June 14, 2017","format":false,"excerpt":"http:\/\/www.radioszene.de\/106739\/smartphone-reportagegeraet-dabis800.html","rel":"","context":"In &quot;Deutsch&quot;","block_context":{"text":"Deutsch","link":"https:\/\/www.achimbrueckner.de\/dxradio\/php\/wordpress\/?cat=1"},"img":{"alt_text":"","src":"","width":0,"height":0},"classes":[]},{"id":19481,"url":"https:\/\/www.achimbrueckner.de\/dxradio\/php\/wordpress\/?p=19481","url_meta":{"origin":3540,"position":1},"title":"Thomas M\u00fcller: Das mediale Lagerfeuer ist Vergangenheit","author":"Administrator","date":"October 9, 2018","format":false,"excerpt":"https:\/\/www.radioszene.de\/126604\/br-puls-thomas-mueller.html","rel":"","context":"In &quot;Deutsch&quot;","block_context":{"text":"Deutsch","link":"https:\/\/www.achimbrueckner.de\/dxradio\/php\/wordpress\/?cat=1"},"img":{"alt_text":"","src":"","width":0,"height":0},"classes":[]},{"id":3315,"url":"https:\/\/www.achimbrueckner.de\/dxradio\/php\/wordpress\/?p=3315","url_meta":{"origin":3540,"position":2},"title":"Neue Smartphone-App belohnt f\u00fcrs Zuh\u00f6ren und bindet H\u00f6rer","author":"Administrator","date":"July 7, 2014","format":false,"excerpt":"http:\/\/www.radioszene.de\/69930\/audiogaz.html","rel":"","context":"In &quot;audio&quot;","block_context":{"text":"audio","link":"https:\/\/www.achimbrueckner.de\/dxradio\/php\/wordpress\/?cat=47"},"img":{"alt_text":"","src":"","width":0,"height":0},"classes":[]},{"id":22726,"url":"https:\/\/www.achimbrueckner.de\/dxradio\/php\/wordpress\/?p=22726","url_meta":{"origin":3540,"position":3},"title":"NAB 2019: Radiomachen mit dem Smartphone in der Cloud","author":"Administrator","date":"April 15, 2019","format":false,"excerpt":"https:\/\/www.radioszene.de\/132469\/radio-cloud-nab-2019.html","rel":"","context":"In &quot;Deutsch&quot;","block_context":{"text":"Deutsch","link":"https:\/\/www.achimbrueckner.de\/dxradio\/php\/wordpress\/?cat=1"},"img":{"alt_text":"","src":"","width":0,"height":0},"classes":[]},{"id":10887,"url":"https:\/\/www.achimbrueckner.de\/dxradio\/php\/wordpress\/?p=10887","url_meta":{"origin":3540,"position":4},"title":"RADIOSZENE offizieller Mediapartner der Radiodays Europe 2017","author":"Administrator","date":"October 30, 2016","format":false,"excerpt":"http:\/\/www.radioszene.de\/97269\/radiodays-europe-2017-amsterdam.html","rel":"","context":"In &quot;Deutsch&quot;","block_context":{"text":"Deutsch","link":"https:\/\/www.achimbrueckner.de\/dxradio\/php\/wordpress\/?cat=1"},"img":{"alt_text":"","src":"","width":0,"height":0},"classes":[]},{"id":18594,"url":"https:\/\/www.achimbrueckner.de\/dxradio\/php\/wordpress\/?p=18594","url_meta":{"origin":3540,"position":5},"title":"Bauer Media Group expandiert in Schweden mit Mad Men Media","author":"Administrator","date":"July 26, 2018","format":false,"excerpt":"https:\/\/www.radioszene.de\/124291\/bauer-media-expandiert-mit-mad-men-media.html","rel":"","context":"In &quot;Deutsch&quot;","block_context":{"text":"Deutsch","link":"https:\/\/www.achimbrueckner.de\/dxradio\/php\/wordpress\/?cat=1"},"img":{"alt_text":"","src":"","width":0,"height":0},"classes":[]}],"_links":{"self":[{"href":"https:\/\/www.achimbrueckner.de\/dxradio\/php\/wordpress\/index.php?rest_route=\/wp\/v2\/posts\/3540","targetHints":{"allow":["GET"]}}],"collection":[{"href":"https:\/\/www.achimbrueckner.de\/dxradio\/php\/wordpress\/index.php?rest_route=\/wp\/v2\/posts"}],"about":[{"href":"https:\/\/www.achimbrueckner.de\/dxradio\/php\/wordpress\/index.php?rest_route=\/wp\/v2\/types\/post"}],"author":[{"embeddable":true,"href":"https:\/\/www.achimbrueckner.de\/dxradio\/php\/wordpress\/index.php?rest_route=\/wp\/v2\/users\/1"}],"replies":[{"embeddable":true,"href":"https:\/\/www.achimbrueckner.de\/dxradio\/php\/wordpress\/index.php?rest_route=%2Fwp%2Fv2%2Fcomments&post=3540"}],"version-history":[{"count":0,"href":"https:\/\/www.achimbrueckner.de\/dxradio\/php\/wordpress\/index.php?rest_route=\/wp\/v2\/posts\/3540\/revisions"}],"wp:attachment":[{"href":"https:\/\/www.achimbrueckner.de\/dxradio\/php\/wordpress\/index.php?rest_route=%2Fwp%2Fv2%2Fmedia&parent=3540"}],"wp:term":[{"taxonomy":"category","embeddable":true,"href":"https:\/\/www.achimbrueckner.de\/dxradio\/php\/wordpress\/index.php?rest_route=%2Fwp%2Fv2%2Fcategories&post=3540"},{"taxonomy":"post_tag","embeddable":true,"href":"https:\/\/www.achimbrueckner.de\/dxradio\/php\/wordpress\/index.php?rest_route=%2Fwp%2Fv2%2Ftags&post=3540"}],"curies":[{"name":"wp","href":"https:\/\/api.w.org\/{rel}","templated":true}]}}