{"id":35401,"date":"2022-03-26T15:27:44","date_gmt":"2022-03-26T15:27:44","guid":{"rendered":"https:\/\/www.achimbrueckner.de\/dxradio\/php\/wordpress\/?p=35401"},"modified":"2022-03-26T15:27:44","modified_gmt":"2022-03-26T15:27:44","slug":"atherklange-aetherklaenge","status":"publish","type":"post","link":"https:\/\/www.achimbrueckner.de\/dxradio\/php\/wordpress\/?p=35401","title":{"rendered":"\u00c4therkl\u00e4nge: Aetherklaenge"},"content":{"rendered":"<p><a href=\"https:\/\/podcast.robbenradio.de\/site\/aetherklaenge\/tag:aetherklaenge\/page:2\" rel=\"noopener\" target=\"_blank\">https:\/\/podcast.robbenradio.de\/site\/aetherklaenge\/tag:aetherklaenge\/page:2<\/a><\/p>\n","protected":false},"excerpt":{"rendered":"<p>https:\/\/podcast.robbenradio.de\/site\/aetherklaenge\/tag:aetherklaenge\/page:2<\/p>\n","protected":false},"author":1,"featured_media":0,"comment_status":"closed","ping_status":"open","sticky":false,"template":"","format":"standard","meta":{"_jetpack_memberships_contains_paid_content":false,"footnotes":"","jetpack_publicize_message":"","jetpack_publicize_feature_enabled":true,"jetpack_social_post_already_shared":true,"jetpack_social_options":{"image_generator_settings":{"template":"highway","default_image_id":0,"font":"","enabled":false},"version":2}},"categories":[1],"tags":[],"class_list":["post-35401","post","type-post","status-publish","format-standard","hentry","category-deutsch"],"jetpack_publicize_connections":[],"jetpack_featured_media_url":"","jetpack_sharing_enabled":true,"jetpack_shortlink":"https:\/\/wp.me\/p5CDmr-9cZ","jetpack-related-posts":[{"id":21160,"url":"https:\/\/www.achimbrueckner.de\/dxradio\/php\/wordpress\/?p=21160","url_meta":{"origin":35401,"position":0},"title":"\u00c4therkl\u00e4nge #8: Mittelwelle interkontinental","author":"Administrator","date":"January 27, 2019","format":false,"excerpt":"https:\/\/podcast.robbenradio.de\/site\/aetherklaenge\/ak008","rel":"","context":"In &quot;Deutsch&quot;","block_context":{"text":"Deutsch","link":"https:\/\/www.achimbrueckner.de\/dxradio\/php\/wordpress\/?cat=1"},"img":{"alt_text":"","src":"","width":0,"height":0},"classes":[]},{"id":31303,"url":"https:\/\/www.achimbrueckner.de\/dxradio\/php\/wordpress\/?p=31303","url_meta":{"origin":35401,"position":1},"title":"\u00c4therkl\u00e4nge #11: Die Wiege des Rundfunks in Deutschland","author":"Administrator","date":"December 22, 2020","format":false,"excerpt":"https:\/\/podcast.robbenradio.de\/site\/aetherklaenge\/ak011","rel":"","context":"In &quot;Deutsch&quot;","block_context":{"text":"Deutsch","link":"https:\/\/www.achimbrueckner.de\/dxradio\/php\/wordpress\/?cat=1"},"img":{"alt_text":"","src":"","width":0,"height":0},"classes":[]},{"id":18151,"url":"https:\/\/www.achimbrueckner.de\/dxradio\/php\/wordpress\/?p=18151","url_meta":{"origin":35401,"position":2},"title":"\u00c4therkl\u00e4nge: Ein Podcast f\u00fcr Radio-Fans und Mitschnittsammler","author":"Administrator","date":"June 10, 2018","format":false,"excerpt":"https:\/\/www.robbenradio.de\/home\/blog\/aetherklaenge","rel":"","context":"In &quot;Deutsch&quot;","block_context":{"text":"Deutsch","link":"https:\/\/www.achimbrueckner.de\/dxradio\/php\/wordpress\/?cat=1"},"img":{"alt_text":"","src":"","width":0,"height":0},"classes":[]},{"id":23455,"url":"https:\/\/www.achimbrueckner.de\/dxradio\/php\/wordpress\/?p=23455","url_meta":{"origin":35401,"position":3},"title":"Willkommen an Alexanderson Tag, 30.06.2019","author":"Administrator","date":"June 18, 2019","format":false,"excerpt":"https:\/\/alexander.n.se\/willkommen-an-alexanderson-tag-sontag-02-07-2017-2-2\/","rel":"","context":"In &quot;Deutsch&quot;","block_context":{"text":"Deutsch","link":"https:\/\/www.achimbrueckner.de\/dxradio\/php\/wordpress\/?cat=1"},"img":{"alt_text":"","src":"","width":0,"height":0},"classes":[]},{"id":23173,"url":"https:\/\/www.achimbrueckner.de\/dxradio\/php\/wordpress\/?p=23173","url_meta":{"origin":35401,"position":4},"title":"Regenbogen 2: Ein Tag Liveprogramm aus Irland","author":"Administrator","date":"May 21, 2019","format":false,"excerpt":"https:\/\/www.smartphonefan.de\/2019\/05\/20\/regenbogen-2-ein-tag-liveprogramm-aus-irland\/","rel":"","context":"In &quot;Deutsch&quot;","block_context":{"text":"Deutsch","link":"https:\/\/www.achimbrueckner.de\/dxradio\/php\/wordpress\/?cat=1"},"img":{"alt_text":"","src":"","width":0,"height":0},"classes":[]},{"id":30233,"url":"https:\/\/www.achimbrueckner.de\/dxradio\/php\/wordpress\/?p=30233","url_meta":{"origin":35401,"position":5},"title":"Das war Tag 2 der \u00d6sterreichischen Medientage 2020","author":"Administrator","date":"September 27, 2020","format":false,"excerpt":"https:\/\/www.horizont.at\/medien\/medientage\/resuemee-der-medienzukunft-das-war-tag-2-der-oesterreichischen-medientage-2020-82446","rel":"","context":"In &quot;Deutsch&quot;","block_context":{"text":"Deutsch","link":"https:\/\/www.achimbrueckner.de\/dxradio\/php\/wordpress\/?cat=1"},"img":{"alt_text":"","src":"","width":0,"height":0},"classes":[]}],"_links":{"self":[{"href":"https:\/\/www.achimbrueckner.de\/dxradio\/php\/wordpress\/index.php?rest_route=\/wp\/v2\/posts\/35401","targetHints":{"allow":["GET"]}}],"collection":[{"href":"https:\/\/www.achimbrueckner.de\/dxradio\/php\/wordpress\/index.php?rest_route=\/wp\/v2\/posts"}],"about":[{"href":"https:\/\/www.achimbrueckner.de\/dxradio\/php\/wordpress\/index.php?rest_route=\/wp\/v2\/types\/post"}],"author":[{"embeddable":true,"href":"https:\/\/www.achimbrueckner.de\/dxradio\/php\/wordpress\/index.php?rest_route=\/wp\/v2\/users\/1"}],"replies":[{"embeddable":true,"href":"https:\/\/www.achimbrueckner.de\/dxradio\/php\/wordpress\/index.php?rest_route=%2Fwp%2Fv2%2Fcomments&post=35401"}],"version-history":[{"count":0,"href":"https:\/\/www.achimbrueckner.de\/dxradio\/php\/wordpress\/index.php?rest_route=\/wp\/v2\/posts\/35401\/revisions"}],"wp:attachment":[{"href":"https:\/\/www.achimbrueckner.de\/dxradio\/php\/wordpress\/index.php?rest_route=%2Fwp%2Fv2%2Fmedia&parent=35401"}],"wp:term":[{"taxonomy":"category","embeddable":true,"href":"https:\/\/www.achimbrueckner.de\/dxradio\/php\/wordpress\/index.php?rest_route=%2Fwp%2Fv2%2Fcategories&post=35401"},{"taxonomy":"post_tag","embeddable":true,"href":"https:\/\/www.achimbrueckner.de\/dxradio\/php\/wordpress\/index.php?rest_route=%2Fwp%2Fv2%2Ftags&post=35401"}],"curies":[{"name":"wp","href":"https:\/\/api.w.org\/{rel}","templated":true}]}}