{"id":3541,"date":"2014-09-17T16:18:53","date_gmt":"2014-09-17T16:18:53","guid":{"rendered":"https:\/\/www.achimbrueckner.de\/dxradio\/php\/wordpress\/?p=3541"},"modified":"2014-09-17T16:18:53","modified_gmt":"2014-09-17T16:18:53","slug":"ibc-transradio-und-riz-zeigen-digitalradio-auf-kurzwelle","status":"publish","type":"post","link":"https:\/\/www.achimbrueckner.de\/dxradio\/php\/wordpress\/?p=3541","title":{"rendered":"IBC: Transradio und RIZ zeigen Digitalradio auf Kurzwelle"},"content":{"rendered":"<p><a href=\"http:\/\/www.teltarif.de\/drm-digitalradio-mittelwelle-kurzwelle\/news\/57057.html\" target=\"_blank\">http:\/\/www.teltarif.de\/drm-digitalradio-mittelwelle-kurzwelle\/news\/57057.html<\/a><\/p>\n","protected":false},"excerpt":{"rendered":"<p>http:\/\/www.teltarif.de\/drm-digitalradio-mittelwelle-kurzwelle\/news\/57057.html<\/p>\n","protected":false},"author":1,"featured_media":0,"comment_status":"open","ping_status":"open","sticky":false,"template":"","format":"standard","meta":{"_jetpack_memberships_contains_paid_content":false,"footnotes":"","jetpack_publicize_message":"","jetpack_publicize_feature_enabled":true,"jetpack_social_post_already_shared":false,"jetpack_social_options":{"image_generator_settings":{"template":"highway","default_image_id":0,"font":"","enabled":false},"version":2}},"categories":[1],"tags":[32],"class_list":["post-3541","post","type-post","status-publish","format-standard","hentry","category-deutsch","tag-digitalradio"],"jetpack_publicize_connections":[],"jetpack_featured_media_url":"","jetpack_sharing_enabled":true,"jetpack_shortlink":"https:\/\/wp.me\/p5CDmr-V7","jetpack-related-posts":[{"id":337,"url":"https:\/\/www.achimbrueckner.de\/dxradio\/php\/wordpress\/?p=337","url_meta":{"origin":3541,"position":0},"title":"Digitalradio auf Mittelwelle und Kurzwelle","author":"Administrator","date":"August 20, 2007","format":false,"excerpt":"Bei teltarif.de ist ein Artikel zu DRM mit dem Titel \"Letzte Chance f\u00fcr Digitalradio auf Mittelwelle und Kurzwelle ?\" erschienen. Er gibt einen guten \u00dcberblick \u00fcber den DRM-Empf\u00e4ngermarkt und die Problematik bei DRM.","rel":"","context":"In &quot;links&quot;","block_context":{"text":"links","link":"https:\/\/www.achimbrueckner.de\/dxradio\/php\/wordpress\/?cat=7"},"img":{"alt_text":"","src":"","width":0,"height":0},"classes":[]},{"id":5945,"url":"https:\/\/www.achimbrueckner.de\/dxradio\/php\/wordpress\/?p=5945","url_meta":{"origin":3541,"position":1},"title":"Digitalradio auf Kurzwelle ohne Internet grenz\u00fcberschreitend empfangbar","author":"Administrator","date":"September 14, 2015","format":false,"excerpt":"http:\/\/www.teltarif.de\/drm-digitalradio-weltweit\/news\/61071.html","rel":"","context":"In &quot;Deutsch&quot;","block_context":{"text":"Deutsch","link":"https:\/\/www.achimbrueckner.de\/dxradio\/php\/wordpress\/?cat=1"},"img":{"alt_text":"","src":"","width":0,"height":0},"classes":[]},{"id":1729,"url":"https:\/\/www.achimbrueckner.de\/dxradio\/php\/wordpress\/?p=1729","url_meta":{"origin":3541,"position":2},"title":"IFA Berlin Hobbytreffen 2011","author":"Administrator","date":"August 4, 2011","format":false,"excerpt":"Liebe Hobbyfreunde, auch in diesem Jahr findet zur IFA in Berlin wieder ein Hobbytreffen statt, zu dem alle Radio- und Funkfreunde sowie alle DXer herzlich eingeladen sind. Das Treffen findet am Samstag, 3. September 2011, ab 18.30 Uhr MESZ im Schachcaf\u00c3\u00a9 En Passant, Sch\u00f6nhauser Allee 58\/Ecke Gneisstra\u00dfe, in 10437 Berlin\u2026","rel":"","context":"In &quot;camps&quot;","block_context":{"text":"camps","link":"https:\/\/www.achimbrueckner.de\/dxradio\/php\/wordpress\/?cat=5"},"img":{"alt_text":"","src":"","width":0,"height":0},"classes":[]},{"id":1384,"url":"https:\/\/www.achimbrueckner.de\/dxradio\/php\/wordpress\/?p=1384","url_meta":{"origin":3541,"position":3},"title":"Bundesweites Digitalradio soll am 1. August starten  Quelle: onlinekosten.de Newsmeldung &#8220;Bundesweites Digitalradio soll am 1. August starten","author":"Administrator","date":"March 2, 2011","format":false,"excerpt":"Bundesweites Digitalradio soll am 1. August starten http:\/\/www.onlinekosten.de\/news\/artikel\/42762\/0\/Bundesweites-Digitalradio-soll-am-1-August-starten Quelle: onlinekosten.de Newsmeldung \"Bundesweites Digitalradio soll am 1. August starten\"","rel":"","context":"In &quot;Deutsch&quot;","block_context":{"text":"Deutsch","link":"https:\/\/www.achimbrueckner.de\/dxradio\/php\/wordpress\/?cat=1"},"img":{"alt_text":"","src":"","width":0,"height":0},"classes":[]},{"id":4729,"url":"https:\/\/www.achimbrueckner.de\/dxradio\/php\/wordpress\/?p=4729","url_meta":{"origin":3541,"position":4},"title":"Start f\u00fcr Digitalradio-Testbetrieb in Wien: 10 Fakten zum Digitalradio","author":"Administrator","date":"May 26, 2015","format":false,"excerpt":"http:\/\/www.vienna.at\/start-fuer-digitalradio-testbetrieb-in-wien-10-fakten-zum-digitalradio\/4340363","rel":"","context":"In &quot;Deutsch&quot;","block_context":{"text":"Deutsch","link":"https:\/\/www.achimbrueckner.de\/dxradio\/php\/wordpress\/?cat=1"},"img":{"alt_text":"","src":"","width":0,"height":0},"classes":[]},{"id":525,"url":"https:\/\/www.achimbrueckner.de\/dxradio\/php\/wordpress\/?p=525","url_meta":{"origin":3541,"position":5},"title":"Das Digitalradio ist tot &#8211; es lebe das Digitalradio","author":"Administrator","date":"September 5, 2009","format":false,"excerpt":"\u00dcber den CT-Leitartikel Das Digitalradio ist tot - es lebe das Digitalradio wird im Radioforum diskutiert.","rel":"","context":"In &quot;Deutsch&quot;","block_context":{"text":"Deutsch","link":"https:\/\/www.achimbrueckner.de\/dxradio\/php\/wordpress\/?cat=1"},"img":{"alt_text":"","src":"","width":0,"height":0},"classes":[]}],"_links":{"self":[{"href":"https:\/\/www.achimbrueckner.de\/dxradio\/php\/wordpress\/index.php?rest_route=\/wp\/v2\/posts\/3541","targetHints":{"allow":["GET"]}}],"collection":[{"href":"https:\/\/www.achimbrueckner.de\/dxradio\/php\/wordpress\/index.php?rest_route=\/wp\/v2\/posts"}],"about":[{"href":"https:\/\/www.achimbrueckner.de\/dxradio\/php\/wordpress\/index.php?rest_route=\/wp\/v2\/types\/post"}],"author":[{"embeddable":true,"href":"https:\/\/www.achimbrueckner.de\/dxradio\/php\/wordpress\/index.php?rest_route=\/wp\/v2\/users\/1"}],"replies":[{"embeddable":true,"href":"https:\/\/www.achimbrueckner.de\/dxradio\/php\/wordpress\/index.php?rest_route=%2Fwp%2Fv2%2Fcomments&post=3541"}],"version-history":[{"count":0,"href":"https:\/\/www.achimbrueckner.de\/dxradio\/php\/wordpress\/index.php?rest_route=\/wp\/v2\/posts\/3541\/revisions"}],"wp:attachment":[{"href":"https:\/\/www.achimbrueckner.de\/dxradio\/php\/wordpress\/index.php?rest_route=%2Fwp%2Fv2%2Fmedia&parent=3541"}],"wp:term":[{"taxonomy":"category","embeddable":true,"href":"https:\/\/www.achimbrueckner.de\/dxradio\/php\/wordpress\/index.php?rest_route=%2Fwp%2Fv2%2Fcategories&post=3541"},{"taxonomy":"post_tag","embeddable":true,"href":"https:\/\/www.achimbrueckner.de\/dxradio\/php\/wordpress\/index.php?rest_route=%2Fwp%2Fv2%2Ftags&post=3541"}],"curies":[{"name":"wp","href":"https:\/\/api.w.org\/{rel}","templated":true}]}}