{"id":35416,"date":"2022-03-27T13:19:52","date_gmt":"2022-03-27T13:19:52","guid":{"rendered":"https:\/\/www.achimbrueckner.de\/dxradio\/php\/wordpress\/?p=35416"},"modified":"2022-03-27T13:19:52","modified_gmt":"2022-03-27T13:19:52","slug":"charlie-prince-show-syn-april-2022-funky-sounds-4-central-europe","status":"publish","type":"post","link":"https:\/\/www.achimbrueckner.de\/dxradio\/php\/wordpress\/?p=35416","title":{"rendered":"Charlie-Prince-Show syn &#8211; April 2022 &#8211; Funky Sounds 4 Central Europe"},"content":{"rendered":"<p><a href=\"https:\/\/www.mixcloud.com\/chapri\/charlie-prince-show-syn-april-2022-funky-sounds-4-central-europe\/\" rel=\"noopener\" target=\"_blank\">https:\/\/www.mixcloud.com\/chapri\/charlie-prince-show-syn-april-2022-funky-sounds-4-central-europe\/<\/a><\/p>\n","protected":false},"excerpt":{"rendered":"<p>https:\/\/www.mixcloud.com\/chapri\/charlie-prince-show-syn-april-2022-funky-sounds-4-central-europe\/<\/p>\n","protected":false},"author":1,"featured_media":0,"comment_status":"closed","ping_status":"open","sticky":false,"template":"","format":"standard","meta":{"_jetpack_memberships_contains_paid_content":false,"footnotes":"","jetpack_publicize_message":"","jetpack_publicize_feature_enabled":true,"jetpack_social_post_already_shared":true,"jetpack_social_options":{"image_generator_settings":{"template":"highway","default_image_id":0,"font":"","enabled":false},"version":2}},"categories":[2],"tags":[],"class_list":["post-35416","post","type-post","status-publish","format-standard","hentry","category-english"],"jetpack_publicize_connections":[],"jetpack_featured_media_url":"","jetpack_sharing_enabled":true,"jetpack_shortlink":"https:\/\/wp.me\/p5CDmr-9de","jetpack-related-posts":[{"id":27058,"url":"https:\/\/www.achimbrueckner.de\/dxradio\/php\/wordpress\/?p=27058","url_meta":{"origin":35416,"position":0},"title":"FMK Jukebox","author":"Administrator","date":"February 7, 2020","format":false,"excerpt":"Hallo liebe Radiofreunde, am Sonntag h\u00f6rt ihr die 112.Ausgabe unseres Radiomagazins. Die Sendung ist randvoll mit aktuellen Beitr\u00e4gen und einer Fortsezung der Stationszeichensendereihe. Zu h\u00f6ren wie immer via laut.fm\/jukebox Samstag 08.02.2020 11:00-12:00 Uhr RMG Zeitzeugen - Radio Minsk Belarus 12:00-13:00 Uhr J\u00f6rn Kriegers - Ravin Rock (99) 13:00-15:00 Uhr SM\u2026","rel":"","context":"In &quot;Deutsch&quot;","block_context":{"text":"Deutsch","link":"https:\/\/www.achimbrueckner.de\/dxradio\/php\/wordpress\/?cat=1"},"img":{"alt_text":"","src":"","width":0,"height":0},"classes":[]},{"id":37263,"url":"https:\/\/www.achimbrueckner.de\/dxradio\/php\/wordpress\/?p=37263","url_meta":{"origin":35416,"position":1},"title":"TONY PRINCE SHOW &#8211; Friday 26th April 2019","author":"Administrator","date":"August 12, 2022","format":false,"excerpt":"https:\/\/www.mixcloud.com\/TheStationoftheStars\/tony-prince-show-friday-26th-april-2019\/","rel":"","context":"In &quot;English&quot;","block_context":{"text":"English","link":"https:\/\/www.achimbrueckner.de\/dxradio\/php\/wordpress\/?cat=2"},"img":{"alt_text":"","src":"","width":0,"height":0},"classes":[]},{"id":42944,"url":"https:\/\/www.achimbrueckner.de\/dxradio\/php\/wordpress\/?p=42944","url_meta":{"origin":35416,"position":2},"title":"Italien: Funky Radio feiert 5. Geburtstag","author":"Administrator","date":"June 4, 2025","format":false,"excerpt":"https:\/\/www.radioblog.eu\/2025\/06\/04\/italien-funky-radio-feiert-5-geburtstag\/","rel":"","context":"In &quot;Deutsch&quot;","block_context":{"text":"Deutsch","link":"https:\/\/www.achimbrueckner.de\/dxradio\/php\/wordpress\/?cat=1"},"img":{"alt_text":"","src":"","width":0,"height":0},"classes":[]},{"id":32775,"url":"https:\/\/www.achimbrueckner.de\/dxradio\/php\/wordpress\/?p=32775","url_meta":{"origin":35416,"position":3},"title":"Tony Prince and Bob Stewart on Radio Luxembourg in April 1976","author":"Administrator","date":"May 28, 2021","format":false,"excerpt":"https:\/\/www.mixcloud.com\/john-grant4\/tony-prince-and-bob-stewart-on-radio-luxembourg-in-april-1976\/","rel":"","context":"In &quot;English&quot;","block_context":{"text":"English","link":"https:\/\/www.achimbrueckner.de\/dxradio\/php\/wordpress\/?cat=2"},"img":{"alt_text":"","src":"","width":0,"height":0},"classes":[]},{"id":1637,"url":"https:\/\/www.achimbrueckner.de\/dxradio\/php\/wordpress\/?p=1637","url_meta":{"origin":35416,"position":4},"title":"KINK FM mu\u00df bleiben!","author":"Administrator","date":"July 3, 2011","format":false,"excerpt":"KINK FM mu\u00df bleiben! http:\/\/www.openpetition.de\/petition\/online\/kink-fm-muss-bleiben Die auch in Deutschland bekannte niederl\u00e4ndische Alternative Music Station KINK FM soll ab 1. Oktober schweigen. Soll will es scheinbar der Eigner Veronica mit seiner Medienorganisation V-Ventures. Bem\u00fchungen um die angeblich f\u00fcr wirtschaftlichen Betrieb n\u00f6tigen UKW-Frequenzen wurden nie ernsthaft verfolgt. Nun soll der Geldhahn sogar\u2026","rel":"","context":"In &quot;Deutsch&quot;","block_context":{"text":"Deutsch","link":"https:\/\/www.achimbrueckner.de\/dxradio\/php\/wordpress\/?cat=1"},"img":{"alt_text":"","src":"","width":0,"height":0},"classes":[]},{"id":39350,"url":"https:\/\/www.achimbrueckner.de\/dxradio\/php\/wordpress\/?p=39350","url_meta":{"origin":35416,"position":5},"title":"Claudius Obrecht 22 April 2023","author":"Administrator","date":"April 18, 2023","format":false,"excerpt":"The following information from Claudius Obrecht: \"Broadcast to Pacific region in analog AM and digital DRM My program (with new songs since last Pacific transmission) will be transmitted to South Eastern Asia & Australia on Sat. 22. April 2023 on 21580 kHz 13.00 UTC AM 14.00 UTC DRM (13.00 UTC\u2026","rel":"","context":"In &quot;English&quot;","block_context":{"text":"English","link":"https:\/\/www.achimbrueckner.de\/dxradio\/php\/wordpress\/?cat=2"},"img":{"alt_text":"","src":"","width":0,"height":0},"classes":[]}],"_links":{"self":[{"href":"https:\/\/www.achimbrueckner.de\/dxradio\/php\/wordpress\/index.php?rest_route=\/wp\/v2\/posts\/35416","targetHints":{"allow":["GET"]}}],"collection":[{"href":"https:\/\/www.achimbrueckner.de\/dxradio\/php\/wordpress\/index.php?rest_route=\/wp\/v2\/posts"}],"about":[{"href":"https:\/\/www.achimbrueckner.de\/dxradio\/php\/wordpress\/index.php?rest_route=\/wp\/v2\/types\/post"}],"author":[{"embeddable":true,"href":"https:\/\/www.achimbrueckner.de\/dxradio\/php\/wordpress\/index.php?rest_route=\/wp\/v2\/users\/1"}],"replies":[{"embeddable":true,"href":"https:\/\/www.achimbrueckner.de\/dxradio\/php\/wordpress\/index.php?rest_route=%2Fwp%2Fv2%2Fcomments&post=35416"}],"version-history":[{"count":0,"href":"https:\/\/www.achimbrueckner.de\/dxradio\/php\/wordpress\/index.php?rest_route=\/wp\/v2\/posts\/35416\/revisions"}],"wp:attachment":[{"href":"https:\/\/www.achimbrueckner.de\/dxradio\/php\/wordpress\/index.php?rest_route=%2Fwp%2Fv2%2Fmedia&parent=35416"}],"wp:term":[{"taxonomy":"category","embeddable":true,"href":"https:\/\/www.achimbrueckner.de\/dxradio\/php\/wordpress\/index.php?rest_route=%2Fwp%2Fv2%2Fcategories&post=35416"},{"taxonomy":"post_tag","embeddable":true,"href":"https:\/\/www.achimbrueckner.de\/dxradio\/php\/wordpress\/index.php?rest_route=%2Fwp%2Fv2%2Ftags&post=35416"}],"curies":[{"name":"wp","href":"https:\/\/api.w.org\/{rel}","templated":true}]}}