{"id":3543,"date":"2014-09-18T14:03:07","date_gmt":"2014-09-18T14:03:07","guid":{"rendered":"https:\/\/www.achimbrueckner.de\/dxradio\/php\/wordpress\/?p=3543"},"modified":"2014-09-18T14:03:07","modified_gmt":"2014-09-18T14:03:07","slug":"sender-wiederau-tag-des-offenen-denkmals-fotos","status":"publish","type":"post","link":"https:\/\/www.achimbrueckner.de\/dxradio\/php\/wordpress\/?p=3543","title":{"rendered":"Sender Wiederau &#8211; Tag des offenen Denkmals Fotos"},"content":{"rendered":"<p><a href=\"http:\/\/radioforum.foren.mysnip.de\/read.php?8773,1251975,1251975#msg-1251975&#038;utm_source=twitterfeed&#038;utm_medium=twitter\" target=\"_blank\">http:\/\/radioforum.foren.mysnip.de\/read.php?8773,1251975,1251975#msg-1251975<\/a><\/p>\n","protected":false},"excerpt":{"rendered":"<p>http:\/\/radioforum.foren.mysnip.de\/read.php?8773,1251975,1251975#msg-1251975<\/p>\n","protected":false},"author":1,"featured_media":0,"comment_status":"open","ping_status":"open","sticky":false,"template":"","format":"standard","meta":{"_jetpack_memberships_contains_paid_content":false,"footnotes":"","jetpack_publicize_message":"","jetpack_publicize_feature_enabled":true,"jetpack_social_post_already_shared":false,"jetpack_social_options":{"image_generator_settings":{"template":"highway","default_image_id":0,"font":"","enabled":false},"version":2}},"categories":[1],"tags":[],"class_list":["post-3543","post","type-post","status-publish","format-standard","hentry","category-deutsch"],"jetpack_publicize_connections":[],"jetpack_featured_media_url":"","jetpack_sharing_enabled":true,"jetpack_shortlink":"https:\/\/wp.me\/p5CDmr-V9","jetpack-related-posts":[{"id":3531,"url":"https:\/\/www.achimbrueckner.de\/dxradio\/php\/wordpress\/?p=3531","url_meta":{"origin":3543,"position":0},"title":"Tag des Offenen Denkmals: Auch Wiederau","author":"Administrator","date":"September 14, 2014","format":false,"excerpt":"Im Radioforum : http:\/\/radioforum.foren.mysnip.de\/read.php?8773,1250363,1251059#msg-1251059 ...hatte auch jemand diesen Link gepostet: http:\/\/maps.tag-des-offenen-denkmals.de\/#\/denkmal\/1188837598280 \"...Sender Wiederau Senderstra\u00dfe 1, 04523 Pegau, Wiederau Beschreibung \u00c4ltester Rundfunksender in Sachsen, Baujahr 1932, diverse Erweiterung im Laufe der Jahre. Insgesamt ca. 20 Geb\u00e4ude inkl. Generatorhaus, Kulturhaus, Bunker. Geplant ist, das Objekt f\u00fcr Interessierte begehbar zu machen. \u00d6ffnungszeiten am\u2026","rel":"","context":"In &quot;camps&quot;","block_context":{"text":"camps","link":"https:\/\/www.achimbrueckner.de\/dxradio\/php\/wordpress\/?cat=5"},"img":{"alt_text":"","src":"","width":0,"height":0},"classes":[]},{"id":3507,"url":"https:\/\/www.achimbrueckner.de\/dxradio\/php\/wordpress\/?p=3507","url_meta":{"origin":3543,"position":1},"title":"14.9. &#8211; Tag des offenen Denkmals: Funkstelle Nauen ist ge\u00f6ffnet","author":"Administrator","date":"September 9, 2014","format":false,"excerpt":"http:\/\/radioforum.foren.mysnip.de\/read.php?8773,1250363,1250363#msg-1250363&utm_source=twitterfeed&utm_medium=twitter http:\/\/www.berliner-woche.de\/ratgeber\/gute-tipps\/artikel\/49739-die-grossfunkstelle-nauen-laedt-zum-tag-des-offenen-denkmals-ein\/","rel":"","context":"In &quot;Deutsch&quot;","block_context":{"text":"Deutsch","link":"https:\/\/www.achimbrueckner.de\/dxradio\/php\/wordpress\/?cat=1"},"img":{"alt_text":"","src":"","width":0,"height":0},"classes":[]},{"id":6066,"url":"https:\/\/www.achimbrueckner.de\/dxradio\/php\/wordpress\/?p=6066","url_meta":{"origin":3543,"position":2},"title":"Funkamt Nauen, Tag der offenen Denkmals 2015","author":"Administrator","date":"September 26, 2015","format":false,"excerpt":"Zu diesem Thema hatte DLR-Fan S.-A. etwas im Radioforum geschrieben, ab hier: http:\/\/radioforum.foren.mysnip.de\/read.php?8773,948299,1322545#msg-1322545 http:\/\/radioforum.foren.mysnip.de\/read.php?8773,948299,1323252#msg-1323252 Ansonsten gibt es davon an dieser Stelle noch einige Schnappsch\u00fcsse: http:\/\/www.rhci-online.net\/radiogram\/VoA_Radiogram_2015-09-12.htm#NAUEN Info via A-DX","rel":"","context":"In &quot;Deutsch&quot;","block_context":{"text":"Deutsch","link":"https:\/\/www.achimbrueckner.de\/dxradio\/php\/wordpress\/?cat=1"},"img":{"alt_text":"","src":"","width":0,"height":0},"classes":[]},{"id":10119,"url":"https:\/\/www.achimbrueckner.de\/dxradio\/php\/wordpress\/?p=10119","url_meta":{"origin":3543,"position":3},"title":"Sender Wiederau beim \u201eTag des offenen Denkmals\u201c","author":"Administrator","date":"August 29, 2016","format":false,"excerpt":"http:\/\/www.radioeins.de\/programm\/sendungen\/medienmagazin\/radio_news\/beitraege\/2015\/wiederau.html","rel":"","context":"In &quot;Deutsch&quot;","block_context":{"text":"Deutsch","link":"https:\/\/www.achimbrueckner.de\/dxradio\/php\/wordpress\/?cat=1"},"img":{"alt_text":"","src":"","width":0,"height":0},"classes":[]},{"id":4495,"url":"https:\/\/www.achimbrueckner.de\/dxradio\/php\/wordpress\/?p=4495","url_meta":{"origin":3543,"position":4},"title":"BR Senderfest und &#8220;Tag der offenen T\u00fcr&#8221; 2015 am Sender H\u00fchnerberg\/Harburg (20\/21. Juni 2015)","author":"Administrator","date":"April 30, 2015","format":false,"excerpt":"http:\/\/radioforum.foren.mysnip.de\/read.php?8773,1295308,1295308#msg-1295308","rel":"","context":"In &quot;camps&quot;","block_context":{"text":"camps","link":"https:\/\/www.achimbrueckner.de\/dxradio\/php\/wordpress\/?cat=5"},"img":{"alt_text":"","src":"","width":0,"height":0},"classes":[]},{"id":3548,"url":"https:\/\/www.achimbrueckner.de\/dxradio\/php\/wordpress\/?p=3548","url_meta":{"origin":3543,"position":5},"title":"Tag des offenen Denkmals 2014 im \u00bbSender Wiederau\u00ab","author":"Administrator","date":"September 19, 2014","format":false,"excerpt":"https:\/\/www.youtube.com\/watch?v=iI_-aHzmHLw&feature=youtu.be","rel":"","context":"In &quot;Deutsch&quot;","block_context":{"text":"Deutsch","link":"https:\/\/www.achimbrueckner.de\/dxradio\/php\/wordpress\/?cat=1"},"img":{"alt_text":"","src":"","width":0,"height":0},"classes":[]}],"_links":{"self":[{"href":"https:\/\/www.achimbrueckner.de\/dxradio\/php\/wordpress\/index.php?rest_route=\/wp\/v2\/posts\/3543","targetHints":{"allow":["GET"]}}],"collection":[{"href":"https:\/\/www.achimbrueckner.de\/dxradio\/php\/wordpress\/index.php?rest_route=\/wp\/v2\/posts"}],"about":[{"href":"https:\/\/www.achimbrueckner.de\/dxradio\/php\/wordpress\/index.php?rest_route=\/wp\/v2\/types\/post"}],"author":[{"embeddable":true,"href":"https:\/\/www.achimbrueckner.de\/dxradio\/php\/wordpress\/index.php?rest_route=\/wp\/v2\/users\/1"}],"replies":[{"embeddable":true,"href":"https:\/\/www.achimbrueckner.de\/dxradio\/php\/wordpress\/index.php?rest_route=%2Fwp%2Fv2%2Fcomments&post=3543"}],"version-history":[{"count":0,"href":"https:\/\/www.achimbrueckner.de\/dxradio\/php\/wordpress\/index.php?rest_route=\/wp\/v2\/posts\/3543\/revisions"}],"wp:attachment":[{"href":"https:\/\/www.achimbrueckner.de\/dxradio\/php\/wordpress\/index.php?rest_route=%2Fwp%2Fv2%2Fmedia&parent=3543"}],"wp:term":[{"taxonomy":"category","embeddable":true,"href":"https:\/\/www.achimbrueckner.de\/dxradio\/php\/wordpress\/index.php?rest_route=%2Fwp%2Fv2%2Fcategories&post=3543"},{"taxonomy":"post_tag","embeddable":true,"href":"https:\/\/www.achimbrueckner.de\/dxradio\/php\/wordpress\/index.php?rest_route=%2Fwp%2Fv2%2Ftags&post=3543"}],"curies":[{"name":"wp","href":"https:\/\/api.w.org\/{rel}","templated":true}]}}