{"id":3546,"date":"2014-09-18T16:42:18","date_gmt":"2014-09-18T16:42:18","guid":{"rendered":"https:\/\/www.achimbrueckner.de\/dxradio\/php\/wordpress\/?p=3546"},"modified":"2014-09-18T16:42:18","modified_gmt":"2014-09-18T16:42:18","slug":"the-fabulous-g4fph-topband-websdr","status":"publish","type":"post","link":"https:\/\/www.achimbrueckner.de\/dxradio\/php\/wordpress\/?p=3546","title":{"rendered":"The fabulous G4FPH topband WebSDR"},"content":{"rendered":"<p><a href=\"http:\/\/www.160m.net\" target=\"_blank\">http:\/\/www.160m.net<\/a><\/p>\n","protected":false},"excerpt":{"rendered":"<p>http:\/\/www.160m.net<\/p>\n","protected":false},"author":1,"featured_media":0,"comment_status":"open","ping_status":"open","sticky":false,"template":"","format":"standard","meta":{"_jetpack_memberships_contains_paid_content":false,"footnotes":"","jetpack_publicize_message":"","jetpack_publicize_feature_enabled":true,"jetpack_social_post_already_shared":false,"jetpack_social_options":{"image_generator_settings":{"template":"highway","default_image_id":0,"font":"","enabled":false},"version":2}},"categories":[7],"tags":[],"class_list":["post-3546","post","type-post","status-publish","format-standard","hentry","category-links"],"jetpack_publicize_connections":[],"jetpack_featured_media_url":"","jetpack_sharing_enabled":true,"jetpack_shortlink":"https:\/\/wp.me\/p5CDmr-Vc","jetpack-related-posts":[{"id":3925,"url":"https:\/\/www.achimbrueckner.de\/dxradio\/php\/wordpress\/?p=3925","url_meta":{"origin":3546,"position":0},"title":"WebSDR Austria","author":"Administrator","date":"January 4, 2015","format":false,"excerpt":"http:\/\/www.websdr.at","rel":"","context":"In &quot;dxtuners&quot;","block_context":{"text":"dxtuners","link":"https:\/\/www.achimbrueckner.de\/dxradio\/php\/wordpress\/?cat=9"},"img":{"alt_text":"","src":"","width":0,"height":0},"classes":[]},{"id":2266,"url":"https:\/\/www.achimbrueckner.de\/dxradio\/php\/wordpress\/?p=2266","url_meta":{"origin":3546,"position":1},"title":"websdr twente offline","author":"Administrator","date":"July 16, 2012","format":false,"excerpt":"The websdr twente is offline as you read here: http:\/\/websdr.ewi.utwente.nl:8903\/ However there is a websdr at twente university covering afu bands full coverage planned: http:\/\/websdr.ewi.utwente.nl:8901\/","rel":"","context":"In &quot;dxtuners&quot;","block_context":{"text":"dxtuners","link":"https:\/\/www.achimbrueckner.de\/dxradio\/php\/wordpress\/?cat=9"},"img":{"alt_text":"","src":"","width":0,"height":0},"classes":[]},{"id":6699,"url":"https:\/\/www.achimbrueckner.de\/dxradio\/php\/wordpress\/?p=6699","url_meta":{"origin":3546,"position":2},"title":"Now Online: A New WebSDR in Iran","author":"Administrator","date":"December 1, 2015","format":false,"excerpt":"http:\/\/swling.com\/blog\/2015\/12\/now-online-a-new-websdr-in-iran\/","rel":"","context":"In &quot;English&quot;","block_context":{"text":"English","link":"https:\/\/www.achimbrueckner.de\/dxradio\/php\/wordpress\/?cat=2"},"img":{"alt_text":"","src":"","width":0,"height":0},"classes":[]},{"id":6447,"url":"https:\/\/www.achimbrueckner.de\/dxradio\/php\/wordpress\/?p=6447","url_meta":{"origin":3546,"position":3},"title":"Aktueller Status des DARC-WebSDR-Projektes","author":"Administrator","date":"November 10, 2015","format":false,"excerpt":"http:\/\/www.darc.de\/aktuelles\/details\/article\/aktueller-status-des-darc-websdr-projektes\/","rel":"","context":"In &quot;Deutsch&quot;","block_context":{"text":"Deutsch","link":"https:\/\/www.achimbrueckner.de\/dxradio\/php\/wordpress\/?cat=1"},"img":{"alt_text":"","src":"","width":0,"height":0},"classes":[]},{"id":29331,"url":"https:\/\/www.achimbrueckner.de\/dxradio\/php\/wordpress\/?p=29331","url_meta":{"origin":3546,"position":4},"title":"Another Shortwave WebSDR operational in Iceland","author":"Administrator","date":"July 5, 2020","format":false,"excerpt":"http:\/\/www.southgatearc.org\/news\/2020\/july\/another-shortwave-websdr-operational-in-iceland.htm#.XwJI0igzaUk","rel":"","context":"In &quot;English&quot;","block_context":{"text":"English","link":"https:\/\/www.achimbrueckner.de\/dxradio\/php\/wordpress\/?cat=2"},"img":{"alt_text":"","src":"","width":0,"height":0},"classes":[]},{"id":8869,"url":"https:\/\/www.achimbrueckner.de\/dxradio\/php\/wordpress\/?p=8869","url_meta":{"origin":3546,"position":5},"title":"DARC WebSDR in Betrieb","author":"Administrator","date":"July 18, 2016","format":false,"excerpt":"wie vielleicht bekannt, plant der DARC schon seit l\u00e4ngerem ein WebSDR Netz in Deutschland aufzubauen. Dazu sollen an 15 ausgew\u00e4hlten Standorten in Deutschland solche WebSDR Stationen in Betrieb gehen. Das hierf\u00fcr notwendige Hardwareequipment mit der sinnigen Bezeichung \"R2T2\" wurde auf der diesj\u00e4hrigen HAM-Radio den ausgew\u00e4hlten OV\u00b4s ausgeh\u00e4ndigt. N\u00e4hre Infos zu\u2026","rel":"","context":"In &quot;Deutsch&quot;","block_context":{"text":"Deutsch","link":"https:\/\/www.achimbrueckner.de\/dxradio\/php\/wordpress\/?cat=1"},"img":{"alt_text":"","src":"","width":0,"height":0},"classes":[]}],"_links":{"self":[{"href":"https:\/\/www.achimbrueckner.de\/dxradio\/php\/wordpress\/index.php?rest_route=\/wp\/v2\/posts\/3546","targetHints":{"allow":["GET"]}}],"collection":[{"href":"https:\/\/www.achimbrueckner.de\/dxradio\/php\/wordpress\/index.php?rest_route=\/wp\/v2\/posts"}],"about":[{"href":"https:\/\/www.achimbrueckner.de\/dxradio\/php\/wordpress\/index.php?rest_route=\/wp\/v2\/types\/post"}],"author":[{"embeddable":true,"href":"https:\/\/www.achimbrueckner.de\/dxradio\/php\/wordpress\/index.php?rest_route=\/wp\/v2\/users\/1"}],"replies":[{"embeddable":true,"href":"https:\/\/www.achimbrueckner.de\/dxradio\/php\/wordpress\/index.php?rest_route=%2Fwp%2Fv2%2Fcomments&post=3546"}],"version-history":[{"count":0,"href":"https:\/\/www.achimbrueckner.de\/dxradio\/php\/wordpress\/index.php?rest_route=\/wp\/v2\/posts\/3546\/revisions"}],"wp:attachment":[{"href":"https:\/\/www.achimbrueckner.de\/dxradio\/php\/wordpress\/index.php?rest_route=%2Fwp%2Fv2%2Fmedia&parent=3546"}],"wp:term":[{"taxonomy":"category","embeddable":true,"href":"https:\/\/www.achimbrueckner.de\/dxradio\/php\/wordpress\/index.php?rest_route=%2Fwp%2Fv2%2Fcategories&post=3546"},{"taxonomy":"post_tag","embeddable":true,"href":"https:\/\/www.achimbrueckner.de\/dxradio\/php\/wordpress\/index.php?rest_route=%2Fwp%2Fv2%2Ftags&post=3546"}],"curies":[{"name":"wp","href":"https:\/\/api.w.org\/{rel}","templated":true}]}}