{"id":3557,"date":"2014-09-22T14:27:03","date_gmt":"2014-09-22T14:27:03","guid":{"rendered":"https:\/\/www.achimbrueckner.de\/dxradio\/php\/wordpress\/?p=3557"},"modified":"2014-09-22T14:27:03","modified_gmt":"2014-09-22T14:27:03","slug":"petitionen-marnach-funkstille-ab-2015","status":"publish","type":"post","link":"https:\/\/www.achimbrueckner.de\/dxradio\/php\/wordpress\/?p=3557","title":{"rendered":"Petitionen Marnach: Funkstille ab 2015?"},"content":{"rendered":"<p><a href=\"http:\/\/www.wort.lu\/de\/politik\/petitionen-marnach-funkstille-ab-2015-541ff327b9b398870806967b\" target=\"_blank\">http:\/\/www.wort.lu\/de\/politik\/petitionen-marnach-funkstille-ab-2015-541ff327b9b398870806967b<\/a><\/p>\n","protected":false},"excerpt":{"rendered":"<p>http:\/\/www.wort.lu\/de\/politik\/petitionen-marnach-funkstille-ab-2015-541ff327b9b398870806967b<\/p>\n","protected":false},"author":1,"featured_media":0,"comment_status":"open","ping_status":"open","sticky":false,"template":"","format":"standard","meta":{"_jetpack_memberships_contains_paid_content":false,"footnotes":"","jetpack_publicize_message":"","jetpack_publicize_feature_enabled":true,"jetpack_social_post_already_shared":false,"jetpack_social_options":{"image_generator_settings":{"template":"highway","default_image_id":0,"font":"","enabled":false},"version":2}},"categories":[1],"tags":[],"class_list":["post-3557","post","type-post","status-publish","format-standard","hentry","category-deutsch"],"jetpack_publicize_connections":[],"jetpack_featured_media_url":"","jetpack_sharing_enabled":true,"jetpack_shortlink":"https:\/\/wp.me\/p5CDmr-Vn","jetpack-related-posts":[{"id":3737,"url":"https:\/\/www.achimbrueckner.de\/dxradio\/php\/wordpress\/?p=3737","url_meta":{"origin":3557,"position":0},"title":"Marnach: Funkstille ab 2015?","author":"Administrator","date":"November 6, 2014","format":false,"excerpt":"http:\/\/www.wort.lu\/de\/politik\/petitionen-marnach-funkstille-ab-2015-541ff327b9b398870806967b","rel":"","context":"In &quot;Deutsch&quot;","block_context":{"text":"Deutsch","link":"https:\/\/www.achimbrueckner.de\/dxradio\/php\/wordpress\/?cat=1"},"img":{"alt_text":"","src":"","width":0,"height":0},"classes":[]},{"id":3277,"url":"https:\/\/www.achimbrueckner.de\/dxradio\/php\/wordpress\/?p=3277","url_meta":{"origin":3557,"position":1},"title":"Zankapfel RTL-Antennen Bleibt Marnach auf Sendung?","author":"Administrator","date":"June 20, 2014","format":false,"excerpt":"http:\/\/www.wort.lu\/de\/lokales\/zankapfel-rtl-antennen-bleibt-marnach-auf-sendung-53743dfcb9b39887080261d3","rel":"","context":"In &quot;Deutsch&quot;","block_context":{"text":"Deutsch","link":"https:\/\/www.achimbrueckner.de\/dxradio\/php\/wordpress\/?cat=1"},"img":{"alt_text":"","src":"","width":0,"height":0},"classes":[]},{"id":1617,"url":"https:\/\/www.achimbrueckner.de\/dxradio\/php\/wordpress\/?p=1617","url_meta":{"origin":3557,"position":2},"title":"Hat Marnacher Sendeanlage bald \u00e2\u20ac\u017eausgestrahlt\u00e2\u20ac\u0153?","author":"Administrator","date":"June 21, 2011","format":false,"excerpt":"B\u00fcrgerinitiative vor Durchbruch: Hat Marnacher Sendeanlage bald \u00e2\u20ac\u017eausgestrahlt\u00e2\u20ac\u0153? http:\/\/www.wort.lu\/wort\/web\/letzebuerg\/artikel\/2011\/06\/153563\/hat-marnacher-sendeanlage-bald-ausgestrahlt.php Info via A-DX http:\/\/www.radioszene.de\/26048\/rtl-group-schliessung-der-sendestelle-marnach-absehbar.html","rel":"","context":"In &quot;Deutsch&quot;","block_context":{"text":"Deutsch","link":"https:\/\/www.achimbrueckner.de\/dxradio\/php\/wordpress\/?cat=1"},"img":{"alt_text":"","src":"","width":0,"height":0},"classes":[]},{"id":4170,"url":"https:\/\/www.achimbrueckner.de\/dxradio\/php\/wordpress\/?p=4170","url_meta":{"origin":3557,"position":3},"title":"Luxemburger Sendeanlage Marnach wird Ende 2015 stillgelegt","author":"Administrator","date":"March 4, 2015","format":false,"excerpt":"http:\/\/www.radioszene.de\/77566\/luxemburger-sendeanlage-marnach-wird-ende-2015-stillgelegt.html","rel":"","context":"In &quot;Deutsch&quot;","block_context":{"text":"Deutsch","link":"https:\/\/www.achimbrueckner.de\/dxradio\/php\/wordpress\/?cat=1"},"img":{"alt_text":"","src":"","width":0,"height":0},"classes":[]},{"id":6640,"url":"https:\/\/www.achimbrueckner.de\/dxradio\/php\/wordpress\/?p=6640","url_meta":{"origin":3557,"position":4},"title":"Milliardenprojekt digitaler Polizeifunk &#8211; Funkstille bei der Polizei","author":"Administrator","date":"November 25, 2015","format":false,"excerpt":"https:\/\/www.rbb-online.de\/politik\/beitrag\/2015\/11\/milliardenprojekt-digitaler-polizeifunk-berlin.html","rel":"","context":"In &quot;Deutsch&quot;","block_context":{"text":"Deutsch","link":"https:\/\/www.achimbrueckner.de\/dxradio\/php\/wordpress\/?cat=1"},"img":{"alt_text":"","src":"","width":0,"height":0},"classes":[]},{"id":7128,"url":"https:\/\/www.achimbrueckner.de\/dxradio\/php\/wordpress\/?p=7128","url_meta":{"origin":3557,"position":5},"title":"LEGENDARISCHE MIDDENGOLFZENDER IN MARNACH ZWIJGT IN 2016","author":"Administrator","date":"December 31, 2015","format":false,"excerpt":"http:\/\/www.mediamagazine.nl\/legendarische-middengolfzender-in-marnach-zwijgt-in-2016\/","rel":"","context":"In &quot;Deutsch&quot;","block_context":{"text":"Deutsch","link":"https:\/\/www.achimbrueckner.de\/dxradio\/php\/wordpress\/?cat=1"},"img":{"alt_text":"","src":"","width":0,"height":0},"classes":[]}],"_links":{"self":[{"href":"https:\/\/www.achimbrueckner.de\/dxradio\/php\/wordpress\/index.php?rest_route=\/wp\/v2\/posts\/3557","targetHints":{"allow":["GET"]}}],"collection":[{"href":"https:\/\/www.achimbrueckner.de\/dxradio\/php\/wordpress\/index.php?rest_route=\/wp\/v2\/posts"}],"about":[{"href":"https:\/\/www.achimbrueckner.de\/dxradio\/php\/wordpress\/index.php?rest_route=\/wp\/v2\/types\/post"}],"author":[{"embeddable":true,"href":"https:\/\/www.achimbrueckner.de\/dxradio\/php\/wordpress\/index.php?rest_route=\/wp\/v2\/users\/1"}],"replies":[{"embeddable":true,"href":"https:\/\/www.achimbrueckner.de\/dxradio\/php\/wordpress\/index.php?rest_route=%2Fwp%2Fv2%2Fcomments&post=3557"}],"version-history":[{"count":0,"href":"https:\/\/www.achimbrueckner.de\/dxradio\/php\/wordpress\/index.php?rest_route=\/wp\/v2\/posts\/3557\/revisions"}],"wp:attachment":[{"href":"https:\/\/www.achimbrueckner.de\/dxradio\/php\/wordpress\/index.php?rest_route=%2Fwp%2Fv2%2Fmedia&parent=3557"}],"wp:term":[{"taxonomy":"category","embeddable":true,"href":"https:\/\/www.achimbrueckner.de\/dxradio\/php\/wordpress\/index.php?rest_route=%2Fwp%2Fv2%2Fcategories&post=3557"},{"taxonomy":"post_tag","embeddable":true,"href":"https:\/\/www.achimbrueckner.de\/dxradio\/php\/wordpress\/index.php?rest_route=%2Fwp%2Fv2%2Ftags&post=3557"}],"curies":[{"name":"wp","href":"https:\/\/api.w.org\/{rel}","templated":true}]}}