{"id":3573,"date":"2014-09-25T17:13:41","date_gmt":"2014-09-25T17:13:41","guid":{"rendered":"https:\/\/www.achimbrueckner.de\/dxradio\/php\/wordpress\/?p=3573"},"modified":"2014-09-25T17:13:41","modified_gmt":"2014-09-25T17:13:41","slug":"sonic-portait-of-the-funkhaus-nalepastrase","status":"publish","type":"post","link":"https:\/\/www.achimbrueckner.de\/dxradio\/php\/wordpress\/?p=3573","title":{"rendered":"Sonic Portait of the Funkhaus Nalepastra\u00dfe"},"content":{"rendered":"<p><a href=\"http:\/\/www.deutschlandradiokultur.de\/klangkunst.1021.de.html\" target=\"_blank\">http:\/\/www.deutschlandradiokultur.de\/klangkunst.1021.de.html<\/a><\/p>\n<p>Info via <a href=\"http:\/\/www.ratzer.at\" target=\"_blank\">A-DX<\/a><\/p>\n","protected":false},"excerpt":{"rendered":"<p>http:\/\/www.deutschlandradiokultur.de\/klangkunst.1021.de.html Info via A-DX<\/p>\n","protected":false},"author":1,"featured_media":0,"comment_status":"open","ping_status":"open","sticky":false,"template":"","format":"standard","meta":{"_jetpack_memberships_contains_paid_content":false,"footnotes":"","jetpack_publicize_message":"","jetpack_publicize_feature_enabled":true,"jetpack_social_post_already_shared":false,"jetpack_social_options":{"image_generator_settings":{"template":"highway","default_image_id":0,"font":"","enabled":false},"version":2}},"categories":[1,14],"tags":[40],"class_list":["post-3573","post","type-post","status-publish","format-standard","hentry","category-deutsch","category-dx","tag-dx"],"jetpack_publicize_connections":[],"jetpack_featured_media_url":"","jetpack_sharing_enabled":true,"jetpack_shortlink":"https:\/\/wp.me\/p5CDmr-VD","jetpack-related-posts":[{"id":4291,"url":"https:\/\/www.achimbrueckner.de\/dxradio\/php\/wordpress\/?p=4291","url_meta":{"origin":3573,"position":0},"title":"Klangkunst Sendung am 17.04.2015 um 00:05 Uhr URSENDUNG Signal","author":"Administrator","date":"March 26, 2015","format":false,"excerpt":"http:\/\/www.deutschlandradiokultur.de\/ursendung-signal.1022.de.html?dram:article_id=310763 Info via A-DX","rel":"","context":"In &quot;Deutsch&quot;","block_context":{"text":"Deutsch","link":"https:\/\/www.achimbrueckner.de\/dxradio\/php\/wordpress\/?cat=1"},"img":{"alt_text":"","src":"","width":0,"height":0},"classes":[]},{"id":3703,"url":"https:\/\/www.achimbrueckner.de\/dxradio\/php\/wordpress\/?p=3703","url_meta":{"origin":3573,"position":1},"title":"H\u00f6rtip: Ein Zauberer auf dem Sender","author":"Administrator","date":"October 24, 2014","format":false,"excerpt":"http:\/\/www.deutschlandradiokultur.de\/ein-zauberer-auf-dem-sender.1024.de.html?dram:article_id=301266 H\u00f6rtip: Deutschlandradio Kultur 25.10.2014 0005 MESZ http:\/\/www.deutschlandradiokultur.de\/lange-nacht.1023.de.html Info via A-DX","rel":"","context":"In &quot;Deutsch&quot;","block_context":{"text":"Deutsch","link":"https:\/\/www.achimbrueckner.de\/dxradio\/php\/wordpress\/?cat=1"},"img":{"alt_text":"","src":"","width":0,"height":0},"classes":[]},{"id":41397,"url":"https:\/\/www.achimbrueckner.de\/dxradio\/php\/wordpress\/?p=41397","url_meta":{"origin":3573,"position":2},"title":"Lebensgef\u00fchl zwischen Funkhaus und Spree &#8211; die Nalepastra\u00dfe in Berlin","author":"Administrator","date":"June 23, 2024","format":false,"excerpt":"https:\/\/www.ardmediathek.de\/video\/heimatjournal\/lebensgefuehl-zwischen-funkhaus-und-spree-nalepastrasse\/rbb-fernsehen\/Y3JpZDovL3JiYl9iZmZiZTI4NC02MTE2LTQ5MDktYjdmMC02OGZjMzExMjBlMjJfcHVibGljYXRpb24 Info via A-DX","rel":"","context":"In &quot;Deutsch&quot;","block_context":{"text":"Deutsch","link":"https:\/\/www.achimbrueckner.de\/dxradio\/php\/wordpress\/?cat=1"},"img":{"alt_text":"","src":"","width":0,"height":0},"classes":[]},{"id":1345,"url":"https:\/\/www.achimbrueckner.de\/dxradio\/php\/wordpress\/?p=1345","url_meta":{"origin":3573,"position":3},"title":"Radio Solo","author":"Administrator","date":"January 30, 2011","format":false,"excerpt":"Radio Solo DR Kultur 11.02.2011 0005 MEZ http:\/\/www.dradio.de\/dkultur\/programmtipp\/klangkunst\/1366648\/ Info via A-DX","rel":"","context":"In &quot;Deutsch&quot;","block_context":{"text":"Deutsch","link":"https:\/\/www.achimbrueckner.de\/dxradio\/php\/wordpress\/?cat=1"},"img":{"alt_text":"","src":"","width":0,"height":0},"classes":[]},{"id":6322,"url":"https:\/\/www.achimbrueckner.de\/dxradio\/php\/wordpress\/?p=6322","url_meta":{"origin":3573,"position":4},"title":"ORF-Funkhaus zum Verkauf ausgeschrieben","author":"Administrator","date":"October 27, 2015","format":false,"excerpt":"http:\/\/www.horizont.at\/home\/news\/detail\/orf-funkhaus-zum-verkauf-ausgeschrieben-1.html Info via A-DX","rel":"","context":"In &quot;Deutsch&quot;","block_context":{"text":"Deutsch","link":"https:\/\/www.achimbrueckner.de\/dxradio\/php\/wordpress\/?cat=1"},"img":{"alt_text":"","src":"","width":0,"height":0},"classes":[]},{"id":1021,"url":"https:\/\/www.achimbrueckner.de\/dxradio\/php\/wordpress\/?p=1021","url_meta":{"origin":3573,"position":5},"title":"Technik\u00e4rger TV-Verschl\u00fcsselung","author":"Administrator","date":"May 27, 2010","format":false,"excerpt":"Technik\u00e4rger TV-Verschl\u00fcsselung http:\/\/www.spiegel.de\/netzwelt\/gadgets\/0,1518,691869,00.html Info via A-DX","rel":"","context":"In &quot;Deutsch&quot;","block_context":{"text":"Deutsch","link":"https:\/\/www.achimbrueckner.de\/dxradio\/php\/wordpress\/?cat=1"},"img":{"alt_text":"","src":"","width":0,"height":0},"classes":[]}],"_links":{"self":[{"href":"https:\/\/www.achimbrueckner.de\/dxradio\/php\/wordpress\/index.php?rest_route=\/wp\/v2\/posts\/3573","targetHints":{"allow":["GET"]}}],"collection":[{"href":"https:\/\/www.achimbrueckner.de\/dxradio\/php\/wordpress\/index.php?rest_route=\/wp\/v2\/posts"}],"about":[{"href":"https:\/\/www.achimbrueckner.de\/dxradio\/php\/wordpress\/index.php?rest_route=\/wp\/v2\/types\/post"}],"author":[{"embeddable":true,"href":"https:\/\/www.achimbrueckner.de\/dxradio\/php\/wordpress\/index.php?rest_route=\/wp\/v2\/users\/1"}],"replies":[{"embeddable":true,"href":"https:\/\/www.achimbrueckner.de\/dxradio\/php\/wordpress\/index.php?rest_route=%2Fwp%2Fv2%2Fcomments&post=3573"}],"version-history":[{"count":0,"href":"https:\/\/www.achimbrueckner.de\/dxradio\/php\/wordpress\/index.php?rest_route=\/wp\/v2\/posts\/3573\/revisions"}],"wp:attachment":[{"href":"https:\/\/www.achimbrueckner.de\/dxradio\/php\/wordpress\/index.php?rest_route=%2Fwp%2Fv2%2Fmedia&parent=3573"}],"wp:term":[{"taxonomy":"category","embeddable":true,"href":"https:\/\/www.achimbrueckner.de\/dxradio\/php\/wordpress\/index.php?rest_route=%2Fwp%2Fv2%2Fcategories&post=3573"},{"taxonomy":"post_tag","embeddable":true,"href":"https:\/\/www.achimbrueckner.de\/dxradio\/php\/wordpress\/index.php?rest_route=%2Fwp%2Fv2%2Ftags&post=3573"}],"curies":[{"name":"wp","href":"https:\/\/api.w.org\/{rel}","templated":true}]}}