{"id":3576,"date":"2014-09-26T13:30:08","date_gmt":"2014-09-26T13:30:08","guid":{"rendered":"https:\/\/www.achimbrueckner.de\/dxradio\/php\/wordpress\/?p=3576"},"modified":"2014-09-26T13:30:08","modified_gmt":"2014-09-26T13:30:08","slug":"digital-radio-mondiale-die-heimat-schwimmt-mit-2","status":"publish","type":"post","link":"https:\/\/www.achimbrueckner.de\/dxradio\/php\/wordpress\/?p=3576","title":{"rendered":"Digital Radio Mondiale: Die Heimat schwimmt mit"},"content":{"rendered":"<p><a href=\"http:\/\/www.kommando.streitkraeftebasis.de\/portal\/a\/kdoskb\/!ut\/p\/c4\/HYuxEsIgEET_6A7UwtiZiYVlbGJsHAJMPEMgcyHY-PGCuzuvebP4wFyvEo0qUvDK4R17TafhA-s0PCcTYLWcSFtQrF-UYCfkHt6bI-zK11jQwdtYGK2PlDmyioFhCRxdMRtzNkAGeyGbWhzEPzLvW1Vt012OQjTX-obLPJ9_-qSvpg!!\/\" target=\"_blank\">http:\/\/www.kommando.streitkraeftebasis.de\/portal\/<\/a><\/p>\n","protected":false},"excerpt":{"rendered":"<p>http:\/\/www.kommando.streitkraeftebasis.de\/portal\/<\/p>\n","protected":false},"author":1,"featured_media":0,"comment_status":"open","ping_status":"open","sticky":false,"template":"","format":"standard","meta":{"_jetpack_memberships_contains_paid_content":false,"footnotes":"","jetpack_publicize_message":"","jetpack_publicize_feature_enabled":true,"jetpack_social_post_already_shared":false,"jetpack_social_options":{"image_generator_settings":{"template":"highway","default_image_id":0,"font":"","enabled":false},"version":2}},"categories":[1],"tags":[],"class_list":["post-3576","post","type-post","status-publish","format-standard","hentry","category-deutsch"],"jetpack_publicize_connections":[],"jetpack_featured_media_url":"","jetpack_sharing_enabled":true,"jetpack_shortlink":"https:\/\/wp.me\/p5CDmr-VG","jetpack-related-posts":[{"id":2543,"url":"https:\/\/www.achimbrueckner.de\/dxradio\/php\/wordpress\/?p=2543","url_meta":{"origin":3576,"position":0},"title":"Digital Radio Mondiale: Die Heimat schwimmt mit","author":"Administrator","date":"July 24, 2013","format":false,"excerpt":"Digital Radio Mondiale: Die Heimat schwimmt mit http:\/\/www.kommando.streitkraeftebasis.de\/portal\/a\/kdoskb\/\/ Info via A-DX","rel":"","context":"In &quot;Deutsch&quot;","block_context":{"text":"Deutsch","link":"https:\/\/www.achimbrueckner.de\/dxradio\/php\/wordpress\/?cat=1"},"img":{"alt_text":"","src":"","width":0,"height":0},"classes":[]},{"id":921,"url":"https:\/\/www.achimbrueckner.de\/dxradio\/php\/wordpress\/?p=921","url_meta":{"origin":3576,"position":1},"title":"KILI Radio Doku","author":"Administrator","date":"February 19, 2010","format":false,"excerpt":"06.M\u00e4rz 2010 ARTE 2140Uhr Einst waren wir Krieger Heimat der Spiritualit\u00e4t und der Hoffnung: Der sender Kili-radio(90.1FM) ist begegnungsst\u00e4tte f\u00fcr ganz unterschiedliche indianische K\u00e4mpfer der gegenwart, die ihre Botschaften statt mit Rauchzeichen mit Radiowellen in die welt senden.. Die LakotaIndianer leben in S\u00fcdDakota in einem der \u00e4rmsten Reservate der USA\u2026","rel":"","context":"In &quot;Deutsch&quot;","block_context":{"text":"Deutsch","link":"https:\/\/www.achimbrueckner.de\/dxradio\/php\/wordpress\/?cat=1"},"img":{"alt_text":"","src":"","width":0,"height":0},"classes":[]},{"id":5205,"url":"https:\/\/www.achimbrueckner.de\/dxradio\/php\/wordpress\/?p=5205","url_meta":{"origin":3576,"position":2},"title":"Neuer Digitalsender BR Heimat: Radio, behaglich wie die Katze auf dem Scho\u00df","author":"Administrator","date":"July 14, 2015","format":false,"excerpt":"http:\/\/www.spiegel.de\/kultur\/gesellschaft\/br-heimat-radio-behaglich-wie-die-katze-auf-dem-schoss-a-1025031.html","rel":"","context":"In &quot;Deutsch&quot;","block_context":{"text":"Deutsch","link":"https:\/\/www.achimbrueckner.de\/dxradio\/php\/wordpress\/?cat=1"},"img":{"alt_text":"","src":"","width":0,"height":0},"classes":[]},{"id":4283,"url":"https:\/\/www.achimbrueckner.de\/dxradio\/php\/wordpress\/?p=4283","url_meta":{"origin":3576,"position":3},"title":"Neuer Digitalsender BR Heimat: Radio, behaglich wie die Katze auf dem Scho\u00df","author":"Administrator","date":"March 25, 2015","format":false,"excerpt":"http:\/\/www.spiegel.de\/kultur\/gesellschaft\/br-heimat-radio-behaglich-wie-die-katze-auf-dem-schoss-a-1025031.html","rel":"","context":"In &quot;Deutsch&quot;","block_context":{"text":"Deutsch","link":"https:\/\/www.achimbrueckner.de\/dxradio\/php\/wordpress\/?cat=1"},"img":{"alt_text":"","src":"","width":0,"height":0},"classes":[]},{"id":26357,"url":"https:\/\/www.achimbrueckner.de\/dxradio\/php\/wordpress\/?p=26357","url_meta":{"origin":3576,"position":4},"title":"KiwiSDR mit DRM","author":"Administrator","date":"December 26, 2019","format":false,"excerpt":"Ein Software-Update bringt einen integrierten DRM-Empf\u00e4nger (Digital Radio Mondiale) auf Basis von Dream 2.1.1 in alle KiwiSDRs. BeagleBone-Gr\u00fcn\/Schwarz basierte Kiwis unterst\u00fctzen einen DRM-Kanal, BeagleBone-AI Kiwis unterst\u00fctzen vier. Die Entwicklungsarbeit geht weiter, meldet KiwiSDR auf Twitter am \"Boxing Day\".(Y) In der discord-HF-Gruppe war zu lesen: \".....but they now have DRM and\u2026","rel":"","context":"In &quot;Deutsch&quot;","block_context":{"text":"Deutsch","link":"https:\/\/www.achimbrueckner.de\/dxradio\/php\/wordpress\/?cat=1"},"img":{"alt_text":"","src":"","width":0,"height":0},"classes":[]},{"id":3563,"url":"https:\/\/www.achimbrueckner.de\/dxradio\/php\/wordpress\/?p=3563","url_meta":{"origin":3576,"position":5},"title":"MEDIA BROADCAST \u00fcbertr\u00e4gt per Digital Radio Mondiale (DRM) Infodienste weltweit an Bundeswehr-Fregatte im Auslandseinsatz","author":"Administrator","date":"September 23, 2014","format":false,"excerpt":"http:\/\/www.media-broadcast.com\/enabling-media-innovation\/aktuelles\/presse\/artikel\/article\/media-broadcast-uebertraegt-per-digital-radio-mondiale-drm-infodienste-weltweit-an-bundeswehr-freg\/ Info via Twitter","rel":"","context":"In &quot;Deutsch&quot;","block_context":{"text":"Deutsch","link":"https:\/\/www.achimbrueckner.de\/dxradio\/php\/wordpress\/?cat=1"},"img":{"alt_text":"","src":"","width":0,"height":0},"classes":[]}],"_links":{"self":[{"href":"https:\/\/www.achimbrueckner.de\/dxradio\/php\/wordpress\/index.php?rest_route=\/wp\/v2\/posts\/3576","targetHints":{"allow":["GET"]}}],"collection":[{"href":"https:\/\/www.achimbrueckner.de\/dxradio\/php\/wordpress\/index.php?rest_route=\/wp\/v2\/posts"}],"about":[{"href":"https:\/\/www.achimbrueckner.de\/dxradio\/php\/wordpress\/index.php?rest_route=\/wp\/v2\/types\/post"}],"author":[{"embeddable":true,"href":"https:\/\/www.achimbrueckner.de\/dxradio\/php\/wordpress\/index.php?rest_route=\/wp\/v2\/users\/1"}],"replies":[{"embeddable":true,"href":"https:\/\/www.achimbrueckner.de\/dxradio\/php\/wordpress\/index.php?rest_route=%2Fwp%2Fv2%2Fcomments&post=3576"}],"version-history":[{"count":0,"href":"https:\/\/www.achimbrueckner.de\/dxradio\/php\/wordpress\/index.php?rest_route=\/wp\/v2\/posts\/3576\/revisions"}],"wp:attachment":[{"href":"https:\/\/www.achimbrueckner.de\/dxradio\/php\/wordpress\/index.php?rest_route=%2Fwp%2Fv2%2Fmedia&parent=3576"}],"wp:term":[{"taxonomy":"category","embeddable":true,"href":"https:\/\/www.achimbrueckner.de\/dxradio\/php\/wordpress\/index.php?rest_route=%2Fwp%2Fv2%2Fcategories&post=3576"},{"taxonomy":"post_tag","embeddable":true,"href":"https:\/\/www.achimbrueckner.de\/dxradio\/php\/wordpress\/index.php?rest_route=%2Fwp%2Fv2%2Ftags&post=3576"}],"curies":[{"name":"wp","href":"https:\/\/api.w.org\/{rel}","templated":true}]}}