{"id":35808,"date":"2022-04-18T14:28:30","date_gmt":"2022-04-18T14:28:30","guid":{"rendered":"https:\/\/www.achimbrueckner.de\/dxradio\/php\/wordpress\/?p=35808"},"modified":"2022-04-18T14:28:30","modified_gmt":"2022-04-18T14:28:30","slug":"die-martin-wacker-show-mit-radiolegende-elmar-horig","status":"publish","type":"post","link":"https:\/\/www.achimbrueckner.de\/dxradio\/php\/wordpress\/?p=35808","title":{"rendered":"Die Martin Wacker Show &#8211; mit Radiolegende Elmar H\u00f6rig"},"content":{"rendered":"<p><a href=\"https:\/\/www.die-neue-welle.de\/aktionen\/mit-radiolegende-elmar-hoerig\" rel=\"noopener\" target=\"_blank\">https:\/\/www.die-neue-welle.de\/aktionen\/mit-radiolegende-elmar-hoerig<\/a><\/p>\n","protected":false},"excerpt":{"rendered":"<p>https:\/\/www.die-neue-welle.de\/aktionen\/mit-radiolegende-elmar-hoerig<\/p>\n","protected":false},"author":1,"featured_media":0,"comment_status":"closed","ping_status":"open","sticky":false,"template":"","format":"standard","meta":{"_jetpack_memberships_contains_paid_content":false,"footnotes":"","jetpack_publicize_message":"","jetpack_publicize_feature_enabled":true,"jetpack_social_post_already_shared":true,"jetpack_social_options":{"image_generator_settings":{"template":"highway","default_image_id":0,"font":"","enabled":false},"version":2}},"categories":[1],"tags":[],"class_list":["post-35808","post","type-post","status-publish","format-standard","hentry","category-deutsch"],"jetpack_publicize_connections":[],"jetpack_featured_media_url":"","jetpack_sharing_enabled":true,"jetpack_shortlink":"https:\/\/wp.me\/p5CDmr-9jy","jetpack-related-posts":[{"id":1396,"url":"https:\/\/www.achimbrueckner.de\/dxradio\/php\/wordpress\/?p=1396","url_meta":{"origin":35808,"position":0},"title":"Elmar H\u00f6rig: &#8220;Gibt nur noch formatiertes Hosenschei\u00dfer-Radio&#8221;","author":"Administrator","date":"March 8, 2011","format":false,"excerpt":"Elmar H\u00f6rig: \"Gibt nur noch formatiertes Hosenschei\u00dfer-Radio\" http:\/\/www.horizont.net\/aktuell\/medien\/pages\/protected\/Elmar-Hoerig-Gibt-nur-noch-formatiertes-Hosenscheisser-Radio-_98662.html Info via Facebook","rel":"","context":"In &quot;Deutsch&quot;","block_context":{"text":"Deutsch","link":"https:\/\/www.achimbrueckner.de\/dxradio\/php\/wordpress\/?cat=1"},"img":{"alt_text":"","src":"","width":0,"height":0},"classes":[]},{"id":11409,"url":"https:\/\/www.achimbrueckner.de\/dxradio\/php\/wordpress\/?p=11409","url_meta":{"origin":35808,"position":1},"title":"Elmar H\u00f6rigs Sendeausf\u00e4lle Fr\u00fcher Radio-Star, heute Facebook-Hetzer","author":"Administrator","date":"December 16, 2016","format":false,"excerpt":"http:\/\/www.faz.net\/aktuell\/politik\/inland\/moderator-elmar-hoerig-hetzt-auf-facebook-gegen-fluechtlinge-14577047.html","rel":"","context":"In &quot;Deutsch&quot;","block_context":{"text":"Deutsch","link":"https:\/\/www.achimbrueckner.de\/dxradio\/php\/wordpress\/?cat=1"},"img":{"alt_text":"","src":"","width":0,"height":0},"classes":[]},{"id":5970,"url":"https:\/\/www.achimbrueckner.de\/dxradio\/php\/wordpress\/?p=5970","url_meta":{"origin":35808,"position":2},"title":"Elmar H\u00f6rig &#8211; Keine Witze mehr","author":"Administrator","date":"September 16, 2015","format":false,"excerpt":"https:\/\/www.freitag.de\/autoren\/charlie-schulze\/keine-witze-mehr","rel":"","context":"In &quot;Deutsch&quot;","block_context":{"text":"Deutsch","link":"https:\/\/www.achimbrueckner.de\/dxradio\/php\/wordpress\/?cat=1"},"img":{"alt_text":"","src":"","width":0,"height":0},"classes":[]},{"id":43277,"url":"https:\/\/www.achimbrueckner.de\/dxradio\/php\/wordpress\/?p=43277","url_meta":{"origin":35808,"position":3},"title":"Aus Popshop wurde Popwelle SWF3 Weggef\u00e4hrten erinnern sich an Zeit mit Radiolegende Frank Laufenberg beim SWF und beim SWR in Baden-Baden","author":"Administrator","date":"July 11, 2025","format":false,"excerpt":"https:\/\/bnn.de\/mittelbaden\/baden-baden\/weggefaehrten-erinnern-sich-an-zeit-mit-radiolegende-frank-laufenberg","rel":"","context":"In &quot;Deutsch&quot;","block_context":{"text":"Deutsch","link":"https:\/\/www.achimbrueckner.de\/dxradio\/php\/wordpress\/?cat=1"},"img":{"alt_text":"","src":"","width":0,"height":0},"classes":[]},{"id":43230,"url":"https:\/\/www.achimbrueckner.de\/dxradio\/php\/wordpress\/?p=43230","url_meta":{"origin":35808,"position":4},"title":"Radiolegende Frank Laufenberg mit 80 Jahren gestorben","author":"Administrator","date":"July 6, 2025","format":false,"excerpt":"https:\/\/www.radioszene.de\/204048\/frank-laufenberg-tot.html","rel":"","context":"In &quot;Deutsch&quot;","block_context":{"text":"Deutsch","link":"https:\/\/www.achimbrueckner.de\/dxradio\/php\/wordpress\/?cat=1"},"img":{"alt_text":"","src":"","width":0,"height":0},"classes":[]},{"id":43588,"url":"https:\/\/www.achimbrueckner.de\/dxradio\/php\/wordpress\/?p=43588","url_meta":{"origin":35808,"position":5},"title":"Radiolegende Rainer Holbe mit 85 Jahren gestorben","author":"Administrator","date":"August 17, 2025","format":false,"excerpt":"https:\/\/www.radioszene.de\/205310\/rainer-holbe-gestorben.html","rel":"","context":"In &quot;Deutsch&quot;","block_context":{"text":"Deutsch","link":"https:\/\/www.achimbrueckner.de\/dxradio\/php\/wordpress\/?cat=1"},"img":{"alt_text":"","src":"","width":0,"height":0},"classes":[]}],"_links":{"self":[{"href":"https:\/\/www.achimbrueckner.de\/dxradio\/php\/wordpress\/index.php?rest_route=\/wp\/v2\/posts\/35808","targetHints":{"allow":["GET"]}}],"collection":[{"href":"https:\/\/www.achimbrueckner.de\/dxradio\/php\/wordpress\/index.php?rest_route=\/wp\/v2\/posts"}],"about":[{"href":"https:\/\/www.achimbrueckner.de\/dxradio\/php\/wordpress\/index.php?rest_route=\/wp\/v2\/types\/post"}],"author":[{"embeddable":true,"href":"https:\/\/www.achimbrueckner.de\/dxradio\/php\/wordpress\/index.php?rest_route=\/wp\/v2\/users\/1"}],"replies":[{"embeddable":true,"href":"https:\/\/www.achimbrueckner.de\/dxradio\/php\/wordpress\/index.php?rest_route=%2Fwp%2Fv2%2Fcomments&post=35808"}],"version-history":[{"count":0,"href":"https:\/\/www.achimbrueckner.de\/dxradio\/php\/wordpress\/index.php?rest_route=\/wp\/v2\/posts\/35808\/revisions"}],"wp:attachment":[{"href":"https:\/\/www.achimbrueckner.de\/dxradio\/php\/wordpress\/index.php?rest_route=%2Fwp%2Fv2%2Fmedia&parent=35808"}],"wp:term":[{"taxonomy":"category","embeddable":true,"href":"https:\/\/www.achimbrueckner.de\/dxradio\/php\/wordpress\/index.php?rest_route=%2Fwp%2Fv2%2Fcategories&post=35808"},{"taxonomy":"post_tag","embeddable":true,"href":"https:\/\/www.achimbrueckner.de\/dxradio\/php\/wordpress\/index.php?rest_route=%2Fwp%2Fv2%2Ftags&post=35808"}],"curies":[{"name":"wp","href":"https:\/\/api.w.org\/{rel}","templated":true}]}}