{"id":36,"date":"2006-04-25T15:34:40","date_gmt":"2006-04-25T15:34:40","guid":{"rendered":"https:\/\/www.achimbrueckner.de\/dxradio\/php\/wordpress\/?p=36"},"modified":"2006-04-25T15:34:40","modified_gmt":"2006-04-25T15:34:40","slug":"sendeplane-a06","status":"publish","type":"post","link":"https:\/\/www.achimbrueckner.de\/dxradio\/php\/wordpress\/?p=36","title":{"rendered":"Sendepl\u00e4ne A06"},"content":{"rendered":"<p>Die Sendepl\u00e4ne f\u00fcr die Sendeperiode A06 auf Kurzwelle sind nun im web erh\u00e4ltlich.<br \/>\nDer A06-Plan der offiziellen Organisation HFCC erh\u00e4lt man unter <a href=\"http:\/\/www.hfcc.org\/data\/index.html\">HFCC<\/a>.<br \/>\nDer ausgezeichnete Plan von Eike Bierwirth ist unter <a href=\"http:\/\/www.susi-und-strolch.de\/eibi\/dx\/dx.html\">Eike Bierwirth<\/a> erh\u00e4ltlich.<br \/>\nZusammen mit den H\u00f6rfahrpl\u00e4nen der ADDX unter <a href=\"http:\/\/www.addx.de\/Hfpdat\/plaene.php\">ADDX-H\u00f6rfahrpl\u00e4ne<\/a> ergibt dies ein recht vollst\u00e4ndiges Bild, was sich noch auf den kurzen Wellen tummelt.<\/p>\n","protected":false},"excerpt":{"rendered":"<p>Die Sendepl\u00e4ne f\u00fcr die Sendeperiode A06 auf Kurzwelle sind nun im web erh\u00e4ltlich. Der A06-Plan der offiziellen Organisation HFCC erh\u00e4lt man unter HFCC. Der ausgezeichnete Plan von Eike Bierwirth ist unter Eike Bierwirth erh\u00e4ltlich. Zusammen mit den H\u00f6rfahrpl\u00e4nen der ADDX unter ADDX-H\u00f6rfahrpl\u00e4ne ergibt dies ein recht vollst\u00e4ndiges Bild, was sich noch auf den kurzen Wellen &hellip; <a href=\"https:\/\/www.achimbrueckner.de\/dxradio\/php\/wordpress\/?p=36\" class=\"more-link\">Continue reading <span class=\"screen-reader-text\">Sendepl\u00e4ne A06<\/span><\/a><\/p>\n","protected":false},"author":1,"featured_media":0,"comment_status":"open","ping_status":"open","sticky":false,"template":"","format":"standard","meta":{"_jetpack_memberships_contains_paid_content":false,"footnotes":"","jetpack_publicize_message":"","jetpack_publicize_feature_enabled":true,"jetpack_social_post_already_shared":false,"jetpack_social_options":{"image_generator_settings":{"template":"highway","default_image_id":0,"font":"","enabled":false},"version":2}},"categories":[1],"tags":[24,40],"class_list":["post-36","post","type-post","status-publish","format-standard","hentry","category-deutsch","tag-am","tag-dx"],"jetpack_publicize_connections":[],"jetpack_featured_media_url":"","jetpack_sharing_enabled":true,"jetpack_shortlink":"https:\/\/wp.me\/p5CDmr-A","jetpack-related-posts":[{"id":32,"url":"https:\/\/www.achimbrueckner.de\/dxradio\/php\/wordpress\/?p=32","url_meta":{"origin":36,"position":0},"title":"Radio Liberty","author":"Administrator","date":"January 28, 2006","format":false,"excerpt":"Radio Liberty mit dem Relais auf den N\u00f6rdlichen Mariannen ist um 1020 Utc auf 9355 Khz gut mit O=4 zu empfangen. Gesendet wird laut der Liste von Eike Bierwirth von 0900 bis 1100 Utc.","rel":"","context":"In &quot;Empfang&quot;","block_context":{"text":"Empfang","link":"https:\/\/www.achimbrueckner.de\/dxradio\/php\/wordpress\/?cat=3"},"img":{"alt_text":"","src":"","width":0,"height":0},"classes":[]},{"id":44184,"url":"https:\/\/www.achimbrueckner.de\/dxradio\/php\/wordpress\/?p=44184","url_meta":{"origin":36,"position":1},"title":"EIBIlist Winter 2025\/26","author":"Administrator","date":"November 2, 2025","format":false,"excerpt":"EIBIlist Winter 2025\/26 Die neue Eibiliste f\u00fcr die Sendeperiode B25 ist fertig und steht unter https:\/\/eibispace.de\/dx\/freq-b25.txt zur Verf\u00fcgung. Danke Eike Bierwirth Info via A-DX Facebook","rel":"","context":"In &quot;Deutsch&quot;","block_context":{"text":"Deutsch","link":"https:\/\/www.achimbrueckner.de\/dxradio\/php\/wordpress\/?cat=1"},"img":{"alt_text":"","src":"","width":0,"height":0},"classes":[]},{"id":322,"url":"https:\/\/www.achimbrueckner.de\/dxradio\/php\/wordpress\/?p=322","url_meta":{"origin":36,"position":2},"title":"Eike Bierwirth schedule A07","author":"Administrator","date":"April 23, 2007","format":false,"excerpt":"Eike Bierwirth has published his frequency schedule A07. Download via www.eibi.de.vu. An excellent source for scanning the airwaves.","rel":"","context":"In &quot;schedules&quot;","block_context":{"text":"schedules","link":"https:\/\/www.achimbrueckner.de\/dxradio\/php\/wordpress\/?cat=8"},"img":{"alt_text":"","src":"","width":0,"height":0},"classes":[]},{"id":200,"url":"https:\/\/www.achimbrueckner.de\/dxradio\/php\/wordpress\/?p=200","url_meta":{"origin":36,"position":3},"title":"Radio France International B06","author":"Administrator","date":"November 15, 2006","format":false,"excerpt":"The new RFI Radio France International B06 schedules are available at http:\/\/www.rfi.fr\/radiofr\/statiques\/grille_programmes.asp. Source: Eike Bierwirth on http:\/\/www.hard-core-dx.com\/","rel":"","context":"In &quot;schedules&quot;","block_context":{"text":"schedules","link":"https:\/\/www.achimbrueckner.de\/dxradio\/php\/wordpress\/?cat=8"},"img":{"alt_text":"","src":"","width":0,"height":0},"classes":[]},{"id":129,"url":"https:\/\/www.achimbrueckner.de\/dxradio\/php\/wordpress\/?p=129","url_meta":{"origin":36,"position":4},"title":"EiBi frequency list updated","author":"Administrator","date":"October 19, 2006","format":false,"excerpt":"Eike Bierwirth has updated his frequency list on 10th of October, 2006. Access it via http:\/\/www.eibi.de.vu\/. It is recommended for everyone who wants to know what is broadcast on a certain frequency. There is also a FM-list of stations in Germany and Russia on the site, as well as some\u2026","rel":"","context":"In &quot;links&quot;","block_context":{"text":"links","link":"https:\/\/www.achimbrueckner.de\/dxradio\/php\/wordpress\/?cat=7"},"img":{"alt_text":"","src":"","width":0,"height":0},"classes":[]},{"id":39266,"url":"https:\/\/www.achimbrueckner.de\/dxradio\/php\/wordpress\/?p=39266","url_meta":{"origin":36,"position":5},"title":"WRTH Update &#8211; Sommer 2023 \u201eA\u201c &#8211; Sendepl\u00e4ne","author":"Administrator","date":"April 7, 2023","format":false,"excerpt":"Sommer 2023 \u201eA\u201c - Sendepl\u00e4ne Wir freuen uns, Ihnen das Programm f\u00fcr den Sommer 2023 in einer PDF-Datei zur Verf\u00fcgung stellen zu k\u00f6nnen: Diese Datei ist eine Erg\u00e4nzung zur Ausgabe 2023 des World Radio TV Handbook. Sie fasst die \u00c4nderungen der im Buch abgedruckten internationalen Sendepl\u00e4ne zusammen, die sich aus\u2026","rel":"","context":"In &quot;Deutsch&quot;","block_context":{"text":"Deutsch","link":"https:\/\/www.achimbrueckner.de\/dxradio\/php\/wordpress\/?cat=1"},"img":{"alt_text":"","src":"","width":0,"height":0},"classes":[]}],"_links":{"self":[{"href":"https:\/\/www.achimbrueckner.de\/dxradio\/php\/wordpress\/index.php?rest_route=\/wp\/v2\/posts\/36","targetHints":{"allow":["GET"]}}],"collection":[{"href":"https:\/\/www.achimbrueckner.de\/dxradio\/php\/wordpress\/index.php?rest_route=\/wp\/v2\/posts"}],"about":[{"href":"https:\/\/www.achimbrueckner.de\/dxradio\/php\/wordpress\/index.php?rest_route=\/wp\/v2\/types\/post"}],"author":[{"embeddable":true,"href":"https:\/\/www.achimbrueckner.de\/dxradio\/php\/wordpress\/index.php?rest_route=\/wp\/v2\/users\/1"}],"replies":[{"embeddable":true,"href":"https:\/\/www.achimbrueckner.de\/dxradio\/php\/wordpress\/index.php?rest_route=%2Fwp%2Fv2%2Fcomments&post=36"}],"version-history":[{"count":0,"href":"https:\/\/www.achimbrueckner.de\/dxradio\/php\/wordpress\/index.php?rest_route=\/wp\/v2\/posts\/36\/revisions"}],"wp:attachment":[{"href":"https:\/\/www.achimbrueckner.de\/dxradio\/php\/wordpress\/index.php?rest_route=%2Fwp%2Fv2%2Fmedia&parent=36"}],"wp:term":[{"taxonomy":"category","embeddable":true,"href":"https:\/\/www.achimbrueckner.de\/dxradio\/php\/wordpress\/index.php?rest_route=%2Fwp%2Fv2%2Fcategories&post=36"},{"taxonomy":"post_tag","embeddable":true,"href":"https:\/\/www.achimbrueckner.de\/dxradio\/php\/wordpress\/index.php?rest_route=%2Fwp%2Fv2%2Ftags&post=36"}],"curies":[{"name":"wp","href":"https:\/\/api.w.org\/{rel}","templated":true}]}}