{"id":36052,"date":"2022-04-30T11:40:45","date_gmt":"2022-04-30T11:40:45","guid":{"rendered":"https:\/\/www.achimbrueckner.de\/dxradio\/php\/wordpress\/?p=36052"},"modified":"2022-04-30T11:40:45","modified_gmt":"2022-04-30T11:40:45","slug":"internes-dokument-facebook-hat-keine-kontrolle-uber-seine-daten","status":"publish","type":"post","link":"https:\/\/www.achimbrueckner.de\/dxradio\/php\/wordpress\/?p=36052","title":{"rendered":"Internes Dokument:  Facebook hat keine Kontrolle \u00fcber seine Daten"},"content":{"rendered":"<p><a href=\"https:\/\/netzpolitik.org\/2022\/internes-dokument-facebook-hat-keine-kontrolle-ueber-seine-daten\/\" rel=\"noopener\" target=\"_blank\">https:\/\/netzpolitik.org\/2022\/internes-dokument-facebook-hat-keine-kontrolle-ueber-seine-daten\/<\/a><\/p>\n","protected":false},"excerpt":{"rendered":"<p>https:\/\/netzpolitik.org\/2022\/internes-dokument-facebook-hat-keine-kontrolle-ueber-seine-daten\/<\/p>\n","protected":false},"author":1,"featured_media":0,"comment_status":"closed","ping_status":"open","sticky":false,"template":"","format":"standard","meta":{"_jetpack_memberships_contains_paid_content":false,"footnotes":"","jetpack_publicize_message":"","jetpack_publicize_feature_enabled":true,"jetpack_social_post_already_shared":true,"jetpack_social_options":{"image_generator_settings":{"template":"highway","default_image_id":0,"font":"","enabled":false},"version":2}},"categories":[1],"tags":[],"class_list":["post-36052","post","type-post","status-publish","format-standard","hentry","category-deutsch"],"jetpack_publicize_connections":[],"jetpack_featured_media_url":"","jetpack_sharing_enabled":true,"jetpack_shortlink":"https:\/\/wp.me\/p5CDmr-9nu","jetpack-related-posts":[{"id":39149,"url":"https:\/\/www.achimbrueckner.de\/dxradio\/php\/wordpress\/?p=39149","url_meta":{"origin":36052,"position":0},"title":"Domestic Broadcasting Survey 25 &#8211; April 2023","author":"Administrator","date":"March 29, 2023","format":false,"excerpt":"Rolf Wernli informiert: Guten Abend, Anker Petersen hat soeben die Domestic Broadcasting Survey 25 - April 2023 publiziert. Das 14-seitige Dokument kann kostenlos von der Adresse www.dswci.org\/dbs heruntergeladen werden. Dort finden sich auch alle Ausgaben der Vorjahre (bis 1999). Viel Spass und beste 73 Rolf Wernli via Facebook","rel":"","context":"In &quot;Deutsch&quot;","block_context":{"text":"Deutsch","link":"https:\/\/www.achimbrueckner.de\/dxradio\/php\/wordpress\/?cat=1"},"img":{"alt_text":"","src":"","width":0,"height":0},"classes":[]},{"id":22076,"url":"https:\/\/www.achimbrueckner.de\/dxradio\/php\/wordpress\/?p=22076","url_meta":{"origin":36052,"position":1},"title":"Der t\u00fcrkische Staat will keine Kontrolle durch Medien","author":"Administrator","date":"March 11, 2019","format":false,"excerpt":"https:\/\/www.tagesspiegel.de\/politik\/pressefreiheit-der-tuerkische-staat-will-keine-kontrolle-durch-medien\/24084050.html?xing_share=news","rel":"","context":"In &quot;Deutsch&quot;","block_context":{"text":"Deutsch","link":"https:\/\/www.achimbrueckner.de\/dxradio\/php\/wordpress\/?cat=1"},"img":{"alt_text":"","src":"","width":0,"height":0},"classes":[]},{"id":11365,"url":"https:\/\/www.achimbrueckner.de\/dxradio\/php\/wordpress\/?p=11365","url_meta":{"origin":36052,"position":2},"title":"&#8220;Spitzenparade&#8221; \u2013 Kabarettistisches DDR-Rundfunkprogramm  im Zeichen des \u00c4therkrieges","author":"Administrator","date":"December 13, 2016","format":false,"excerpt":"http:\/\/www.dra.de\/online\/dokument\/2017\/dok2017-1.html","rel":"","context":"In &quot;Deutsch&quot;","block_context":{"text":"Deutsch","link":"https:\/\/www.achimbrueckner.de\/dxradio\/php\/wordpress\/?cat=1"},"img":{"alt_text":"","src":"","width":0,"height":0},"classes":[]},{"id":19351,"url":"https:\/\/www.achimbrueckner.de\/dxradio\/php\/wordpress\/?p=19351","url_meta":{"origin":36052,"position":3},"title":"Projekt Deutsche Amateurfunkgeschichte \u2013 heute f\u00fcr morgen erz\u00e4hlt","author":"Administrator","date":"September 29, 2018","format":false,"excerpt":"Projekt Deutsche Amateurfunkgeschichte \u2013 heute f\u00fcr morgen erz\u00e4hlt 90 Jahre nach der Gr\u00fcndung gibt es noch immer keine repr\u00e4sentative Chronik des Amateurfunks in Deutschland. Die bisherigen und durchaus verdienstvollen Darstellungen sind vergriffen, l\u00fcckenhaft oder nicht ausreichend faktengesichert. Auch unser eigenes 2002-2009 erstelltes Angebot, umfangreich wie kein anderes, ist nicht mehr\u2026","rel":"","context":"In &quot;Deutsch&quot;","block_context":{"text":"Deutsch","link":"https:\/\/www.achimbrueckner.de\/dxradio\/php\/wordpress\/?cat=1"},"img":{"alt_text":"","src":"","width":0,"height":0},"classes":[]},{"id":36977,"url":"https:\/\/www.achimbrueckner.de\/dxradio\/php\/wordpress\/?p=36977","url_meta":{"origin":36052,"position":4},"title":"Meta-D\u00e4mmerung:  Drohendes Daten-Export-Verbot f\u00fcr Facebook und Instagram","author":"Administrator","date":"July 15, 2022","format":false,"excerpt":"https:\/\/netzpolitik.org\/2022\/meta-daemmerung-drohendes-daten-export-verbot-fuer-facebook-und-instagram\/","rel":"","context":"In &quot;Deutsch&quot;","block_context":{"text":"Deutsch","link":"https:\/\/www.achimbrueckner.de\/dxradio\/php\/wordpress\/?cat=1"},"img":{"alt_text":"","src":"","width":0,"height":0},"classes":[]},{"id":267,"url":"https:\/\/www.achimbrueckner.de\/dxradio\/php\/wordpress\/?p=267","url_meta":{"origin":36052,"position":5},"title":"Radioskala","author":"Administrator","date":"February 18, 2007","format":false,"excerpt":"Immer interessante Beitr\u00e4ge aus der Welt der Medien gibt es im Blog Radioskala von Thomas Kamp DF5JL zu lesen. So erf\u00e4hrt man, da\u00df RTL Luxemburg seine englischen DRM-Sendungen auf 7295 Khz eingestellt hat. Au\u00dferdem wird berichtet, da\u00df die Deutsche Welle ab April 2007 voraussichtlich keine Kurzwellensendungen mehr von deutschen Boden\u2026","rel":"","context":"In &quot;links&quot;","block_context":{"text":"links","link":"https:\/\/www.achimbrueckner.de\/dxradio\/php\/wordpress\/?cat=7"},"img":{"alt_text":"","src":"","width":0,"height":0},"classes":[]}],"_links":{"self":[{"href":"https:\/\/www.achimbrueckner.de\/dxradio\/php\/wordpress\/index.php?rest_route=\/wp\/v2\/posts\/36052","targetHints":{"allow":["GET"]}}],"collection":[{"href":"https:\/\/www.achimbrueckner.de\/dxradio\/php\/wordpress\/index.php?rest_route=\/wp\/v2\/posts"}],"about":[{"href":"https:\/\/www.achimbrueckner.de\/dxradio\/php\/wordpress\/index.php?rest_route=\/wp\/v2\/types\/post"}],"author":[{"embeddable":true,"href":"https:\/\/www.achimbrueckner.de\/dxradio\/php\/wordpress\/index.php?rest_route=\/wp\/v2\/users\/1"}],"replies":[{"embeddable":true,"href":"https:\/\/www.achimbrueckner.de\/dxradio\/php\/wordpress\/index.php?rest_route=%2Fwp%2Fv2%2Fcomments&post=36052"}],"version-history":[{"count":0,"href":"https:\/\/www.achimbrueckner.de\/dxradio\/php\/wordpress\/index.php?rest_route=\/wp\/v2\/posts\/36052\/revisions"}],"wp:attachment":[{"href":"https:\/\/www.achimbrueckner.de\/dxradio\/php\/wordpress\/index.php?rest_route=%2Fwp%2Fv2%2Fmedia&parent=36052"}],"wp:term":[{"taxonomy":"category","embeddable":true,"href":"https:\/\/www.achimbrueckner.de\/dxradio\/php\/wordpress\/index.php?rest_route=%2Fwp%2Fv2%2Fcategories&post=36052"},{"taxonomy":"post_tag","embeddable":true,"href":"https:\/\/www.achimbrueckner.de\/dxradio\/php\/wordpress\/index.php?rest_route=%2Fwp%2Fv2%2Ftags&post=36052"}],"curies":[{"name":"wp","href":"https:\/\/api.w.org\/{rel}","templated":true}]}}