{"id":36055,"date":"2022-04-30T11:41:54","date_gmt":"2022-04-30T11:41:54","guid":{"rendered":"https:\/\/www.achimbrueckner.de\/dxradio\/php\/wordpress\/?p=36055"},"modified":"2022-04-30T11:41:54","modified_gmt":"2022-04-30T11:41:54","slug":"dab-ab-sofort-und-fur-mindestens-zwei-jahre-noch-mehr-reichweite-fur-m94-5-und-max-neo-die-programme-der-mediaschool-bayern","status":"publish","type":"post","link":"https:\/\/www.achimbrueckner.de\/dxradio\/php\/wordpress\/?p=36055","title":{"rendered":"DAB+: Ab sofort und f\u00fcr mindestens zwei Jahre noch mehr Reichweite f\u00fcr M94.5 und max neo, die Programme der MEDIASCHOOL BAYERN"},"content":{"rendered":"<p><a href=\"https:\/\/www.radiowoche.de\/dab-ab-sofort-und-fuer-mindestens-zwei-jahre-noch-mehr-reichweite-fuer-m94-5-und-max-neo-die-programme-der-mediaschool-bayern\/\" rel=\"noopener\" target=\"_blank\">https:\/\/www.radiowoche.de\/dab-ab-sofort-und-fuer-mindestens-zwei-jahre-noch-mehr-reichweite-fuer-m94-5-und-max-neo-die-programme-der-mediaschool-bayern\/<\/a><\/p>\n","protected":false},"excerpt":{"rendered":"<p>https:\/\/www.radiowoche.de\/dab-ab-sofort-und-fuer-mindestens-zwei-jahre-noch-mehr-reichweite-fuer-m94-5-und-max-neo-die-programme-der-mediaschool-bayern\/<\/p>\n","protected":false},"author":1,"featured_media":0,"comment_status":"closed","ping_status":"open","sticky":false,"template":"","format":"standard","meta":{"_jetpack_memberships_contains_paid_content":false,"footnotes":"","jetpack_publicize_message":"","jetpack_publicize_feature_enabled":true,"jetpack_social_post_already_shared":true,"jetpack_social_options":{"image_generator_settings":{"template":"highway","default_image_id":0,"font":"","enabled":false},"version":2}},"categories":[1],"tags":[],"class_list":["post-36055","post","type-post","status-publish","format-standard","hentry","category-deutsch"],"jetpack_publicize_connections":[],"jetpack_featured_media_url":"","jetpack_sharing_enabled":true,"jetpack_shortlink":"https:\/\/wp.me\/p5CDmr-9nx","jetpack-related-posts":[{"id":36221,"url":"https:\/\/www.achimbrueckner.de\/dxradio\/php\/wordpress\/?p=36221","url_meta":{"origin":36055,"position":0},"title":"DAB+: Ab sofort noch mehr Reichweite f\u00fcr M94.5 und max neo","author":"Administrator","date":"May 8, 2022","format":false,"excerpt":"https:\/\/www.radioszene.de\/163696\/dab-reichweite-m945-max-neo-mediaschool-bayern.html","rel":"","context":"In &quot;Deutsch&quot;","block_context":{"text":"Deutsch","link":"https:\/\/www.achimbrueckner.de\/dxradio\/php\/wordpress\/?cat=1"},"img":{"alt_text":"","src":"","width":0,"height":0},"classes":[]},{"id":36938,"url":"https:\/\/www.achimbrueckner.de\/dxradio\/php\/wordpress\/?p=36938","url_meta":{"origin":36055,"position":1},"title":"DAB+: Mehr Power f\u00fcr Privatradios in NRW und Bayern","author":"Administrator","date":"July 12, 2022","format":false,"excerpt":"https:\/\/www.teltarif.de\/dab-plus-nrw-bayern-reichweite\/news\/88717.html","rel":"","context":"In &quot;Deutsch&quot;","block_context":{"text":"Deutsch","link":"https:\/\/www.achimbrueckner.de\/dxradio\/php\/wordpress\/?cat=1"},"img":{"alt_text":"","src":"","width":0,"height":0},"classes":[]},{"id":36794,"url":"https:\/\/www.achimbrueckner.de\/dxradio\/php\/wordpress\/?p=36794","url_meta":{"origin":36055,"position":2},"title":"DAB+: Mehr Reichweite in Bayern und Radio aus der Ukraine","author":"Administrator","date":"July 2, 2022","format":false,"excerpt":"https:\/\/www.teltarif.de\/digitalradio-bayern-dab-plus-ukraine\/news\/88616.html","rel":"","context":"In &quot;Deutsch&quot;","block_context":{"text":"Deutsch","link":"https:\/\/www.achimbrueckner.de\/dxradio\/php\/wordpress\/?cat=1"},"img":{"alt_text":"","src":"","width":0,"height":0},"classes":[]},{"id":38438,"url":"https:\/\/www.achimbrueckner.de\/dxradio\/php\/wordpress\/?p=38438","url_meta":{"origin":36055,"position":3},"title":"Meine Radios des Jahres 2022","author":"Administrator","date":"January 2, 2023","format":false,"excerpt":"Meine Radios des Jahres 2022 FIP aus Frankreich, das eklektische Musikprogramm, das jederzeit sehr stimmige Musik bietet - zu h\u00f6ren via http:\/\/icecast.radiofrance.fr\/fip-midfi.mp3 Couleur 3 - die (viel) bessere Alternative zu SRF3\/DRS3. Couleur 3 spielt Musik verschiedener Sparten, auch Klassik-Rock geh\u00f6rt zum regelm\u00e4ssigen Repertoire dieses in der Schweiz terrestrisch empfangbaren Programms;\u2026","rel":"","context":"In &quot;Deutsch&quot;","block_context":{"text":"Deutsch","link":"https:\/\/www.achimbrueckner.de\/dxradio\/php\/wordpress\/?cat=1"},"img":{"alt_text":"","src":"","width":0,"height":0},"classes":[]},{"id":31438,"url":"https:\/\/www.achimbrueckner.de\/dxradio\/php\/wordpress\/?p=31438","url_meta":{"origin":36055,"position":4},"title":"Kritik an der niederl\u00e4ndischen LPAM-Politik","author":"Administrator","date":"December 30, 2020","format":false,"excerpt":"Kritik an der niederl\u00e4ndischen LPAM-Politik Seit 2016 als Pilotprojekt und seit 2019 als regul\u00e4re M\u00f6glichkeit k\u00f6nnen Interessenten in den Niederlanden Senderechte f\u00fcr Mittelwellensender kleiner Leistung (\u201elow-power AM\u201c <100 Watt) beantragen. Das tun immer mehr, doch dem DX-Veteranen Max van Arnhem (mwcircle) platzte j\u00fcngst der Kragen. Er bringt technische, aber auch\u2026","rel":"","context":"In &quot;Deutsch&quot;","block_context":{"text":"Deutsch","link":"https:\/\/www.achimbrueckner.de\/dxradio\/php\/wordpress\/?cat=1"},"img":{"alt_text":"","src":"","width":0,"height":0},"classes":[]},{"id":39392,"url":"https:\/\/www.achimbrueckner.de\/dxradio\/php\/wordpress\/?p=39392","url_meta":{"origin":36055,"position":5},"title":"DAB+: Hier gibt es neue Programme und mehr Reichweite","author":"Administrator","date":"April 29, 2023","format":false,"excerpt":"https:\/\/www.teltarif.de\/dab-plus-radio-reichweite-thueringen\/news\/91633.html","rel":"","context":"In &quot;Deutsch&quot;","block_context":{"text":"Deutsch","link":"https:\/\/www.achimbrueckner.de\/dxradio\/php\/wordpress\/?cat=1"},"img":{"alt_text":"","src":"","width":0,"height":0},"classes":[]}],"_links":{"self":[{"href":"https:\/\/www.achimbrueckner.de\/dxradio\/php\/wordpress\/index.php?rest_route=\/wp\/v2\/posts\/36055","targetHints":{"allow":["GET"]}}],"collection":[{"href":"https:\/\/www.achimbrueckner.de\/dxradio\/php\/wordpress\/index.php?rest_route=\/wp\/v2\/posts"}],"about":[{"href":"https:\/\/www.achimbrueckner.de\/dxradio\/php\/wordpress\/index.php?rest_route=\/wp\/v2\/types\/post"}],"author":[{"embeddable":true,"href":"https:\/\/www.achimbrueckner.de\/dxradio\/php\/wordpress\/index.php?rest_route=\/wp\/v2\/users\/1"}],"replies":[{"embeddable":true,"href":"https:\/\/www.achimbrueckner.de\/dxradio\/php\/wordpress\/index.php?rest_route=%2Fwp%2Fv2%2Fcomments&post=36055"}],"version-history":[{"count":0,"href":"https:\/\/www.achimbrueckner.de\/dxradio\/php\/wordpress\/index.php?rest_route=\/wp\/v2\/posts\/36055\/revisions"}],"wp:attachment":[{"href":"https:\/\/www.achimbrueckner.de\/dxradio\/php\/wordpress\/index.php?rest_route=%2Fwp%2Fv2%2Fmedia&parent=36055"}],"wp:term":[{"taxonomy":"category","embeddable":true,"href":"https:\/\/www.achimbrueckner.de\/dxradio\/php\/wordpress\/index.php?rest_route=%2Fwp%2Fv2%2Fcategories&post=36055"},{"taxonomy":"post_tag","embeddable":true,"href":"https:\/\/www.achimbrueckner.de\/dxradio\/php\/wordpress\/index.php?rest_route=%2Fwp%2Fv2%2Ftags&post=36055"}],"curies":[{"name":"wp","href":"https:\/\/api.w.org\/{rel}","templated":true}]}}